{"id":6157,"date":"2017-08-28T09:03:00","date_gmt":"2017-08-28T07:03:00","guid":{"rendered":"http:\/\/oi-paris.com\/wordpress\/?p=6157"},"modified":"2017-08-28T09:12:12","modified_gmt":"2017-08-28T07:12:12","slug":"a-la-rencontre-dobjectif-image","status":"publish","type":"post","link":"https:\/\/oi-paris.com\/wordpress\/2017\/08\/28\/a-la-rencontre-dobjectif-image\/","title":{"rendered":"C&#8217;est (bient\u00f4t) la rentr\u00e9e !"},"content":{"rendered":"<p><span style=\"color: #000000;\">Les activit\u00e9s reprenent d\u00e8s le 5 septembre \u00a0selon le canevas suivant :<\/span><\/p>\n<p><span style=\"color: #000000;\"><!--more--><\/span><\/p>\n<ul>\n<li><span style=\"color: #000000;\">1er mardi du mois : &#8220;Le Mardi d&#8217;OI&#8221; (voir\u00a0le d\u00e9tail <a href=\"http:\/\/oi-paris.com\/wordpress\/2017\/08\/28\/mardi-doi\/\" target=\"_blank\" rel=\"noopener\">ICI<\/a>)<\/span><\/li>\n<li><span style=\"color: #000000;\">2e mardi du mois : Atelier technique photo<\/span><\/li>\n<li><span style=\"color: #000000;\">2e mercredi du mois : Atelier vid\u00e9o<\/span><\/li>\n<li><span style=\"color: #000000;\">3e mardi du mois : Atelier culture d&#8217;image<\/span><\/li>\n<li><span style=\"color: #000000;\">4e lundi du mois : Universit\u00e9 de la photographie d&#8217;auteur (voir le d\u00e9tail<a href=\"http:\/\/oi-paris.com\/wordpress\/2017\/08\/27\/universite-de-la-photographie-dauteur-saison-4\/\" target=\"_blank\" rel=\"noopener\"> ICI<\/a><a href=\"http:\/\/oi-paris.com\/wordpress\/2017\/08\/27\/universite-de-la-photographie-dauteur-saison-4\/\" target=\"_blank\" rel=\"noopener\"><\/a>)<\/span><\/li>\n<li><span style=\"color: #000000;\">4e mardi du mois : Atelier audiovisuel<\/span><\/li>\n<\/ul>\n<p><span style=\"color: #000000;\">A cela s&#8217;ajoutent :<\/span><\/p>\n<ul>\n<li><span style=\"color: #000000;\">Un\u00a0stage &#8220;photo de feu&#8221; les 21 et 22 octobre (voir d\u00e9tails<strong><a href=\"http:\/\/oi-paris.com\/wordpress\/2017\/08\/21\/stage-photographie-de-feu\/\" target=\"_blank\" rel=\"noopener\"> ICI<\/a><\/strong>)<\/span><\/li>\n<li><span style=\"color: #000000;\">Un\u00a0stage &#8220;\u00e9criture&#8221; (organis\u00e9 par OI National) les 21 et 22 octobre. (Renseignements auopr\u00e8s du secr\u00e9tariat)<\/span><\/li>\n<li><span style=\"color: #000000;\">Des sorties photos<\/span><\/li>\n<\/ul>\n<p><span style=\"color: #000000;\">Les soir\u00e9es d\u00e9butent \u00e0 19h ou 19h30 pour se terminer vers 22h. Elles se tiennent dans la salle RC1 de la maison des associations 8 rue Brillat Savarin 75013 Paris.<\/span><\/p>\n<p><span style=\"color: #000000;\"><a href=\"http:\/\/oi-paris.com\/wordpress\/accueil\/\" target=\"_blank\" rel=\"noopener\"><strong>Voir\u00a0l&#8217;agenda<\/strong><\/a><\/span><\/p>\n","protected":false},"excerpt":{"rendered":"<p>Les activit\u00e9s reprenent d\u00e8s le 5 septembre \u00a0selon le canevas suivant :<\/p>\n","protected":false},"author":1,"featured_media":2054,"comment_status":"closed","ping_status":"closed","sticky":false,"template":"","format":"standard","meta":{"_acf_changed":false,"_oasis_is_in_workflow":0,"_oasis_original":0,"_uag_custom_page_level_css":"","footnotes":""},"categories":[3,8,9,59,12],"tags":[],"class_list":["post-6157","post","type-post","status-publish","format-standard","has-post-thumbnail","hentry","category-audiovisuel","category-mardi-doi","category-photo","category-universite-photo-auteur","category-video"],"acf":[],"uagb_featured_image_src":{"full":["https:\/\/oi-paris.com\/wordpress\/wp-content\/uploads\/2015\/08\/4325434-la-rentree-scolaire-en-10-chiffres1.jpg",645,320,false],"thumbnail":["https:\/\/oi-paris.com\/wordpress\/wp-content\/uploads\/2015\/08\/4325434-la-rentree-scolaire-en-10-chiffres1-150x150.jpg",150,150,true],"medium":["https:\/\/oi-paris.com\/wordpress\/wp-content\/uploads\/2015\/08\/4325434-la-rentree-scolaire-en-10-chiffres1-300x149.jpg",300,149,true],"medium_large":["https:\/\/oi-paris.com\/wordpress\/wp-content\/uploads\/2015\/08\/4325434-la-rentree-scolaire-en-10-chiffres1.jpg",645,320,false],"large":["https:\/\/oi-paris.com\/wordpress\/wp-content\/uploads\/2015\/08\/4325434-la-rentree-scolaire-en-10-chiffres1.jpg",645,320,false],"1536x1536":["https:\/\/oi-paris.com\/wordpress\/wp-content\/uploads\/2015\/08\/4325434-la-rentree-scolaire-en-10-chiffres1.jpg",645,320,false],"2048x2048":["https:\/\/oi-paris.com\/wordpress\/wp-content\/uploads\/2015\/08\/4325434-la-rentree-scolaire-en-10-chiffres1.jpg",645,320,false],"thumb-small":["https:\/\/oi-paris.com\/wordpress\/wp-content\/uploads\/2015\/08\/4325434-la-rentree-scolaire-en-10-chiffres1-160x160.jpg",80,80,true],"thumb-standard":["https:\/\/oi-paris.com\/wordpress\/wp-content\/uploads\/2015\/08\/4325434-la-rentree-scolaire-en-10-chiffres1-320x320.jpg",320,320,true],"thumb-medium":["https:\/\/oi-paris.com\/wordpress\/wp-content\/uploads\/2015\/08\/4325434-la-rentree-scolaire-en-10-chiffres1-520x245.jpg",520,245,true],"thumb-large":["https:\/\/oi-paris.com\/wordpress\/wp-content\/uploads\/2015\/08\/4325434-la-rentree-scolaire-en-10-chiffres1-720x340.jpg",720,340,true],"thumb-xlarge":["https:\/\/oi-paris.com\/wordpress\/wp-content\/uploads\/2015\/08\/4325434-la-rentree-scolaire-en-10-chiffres1.jpg",645,320,false],"thumb-xxlarge":["https:\/\/oi-paris.com\/wordpress\/wp-content\/uploads\/2015\/08\/4325434-la-rentree-scolaire-en-10-chiffres1.jpg",645,320,false],"mailpoet_newsletter_max":["https:\/\/oi-paris.com\/wordpress\/wp-content\/uploads\/2015\/08\/4325434-la-rentree-scolaire-en-10-chiffres1.jpg",645,320,false]},"uagb_author_info":{"display_name":"stephane D","author_link":"https:\/\/oi-paris.com\/wordpress\/author\/stephane\/"},"uagb_comment_info":0,"uagb_excerpt":"Les activit\u00e9s reprenent d\u00e8s le 5 septembre \u00a0selon le canevas suivant :","_links":{"self":[{"href":"https:\/\/oi-paris.com\/wordpress\/wp-json\/wp\/v2\/posts\/6157","targetHints":{"allow":["GET"]}}],"collection":[{"href":"https:\/\/oi-paris.com\/wordpress\/wp-json\/wp\/v2\/posts"}],"about":[{"href":"https:\/\/oi-paris.com\/wordpress\/wp-json\/wp\/v2\/types\/post"}],"author":[{"embeddable":true,"href":"https:\/\/oi-paris.com\/wordpress\/wp-json\/wp\/v2\/users\/1"}],"replies":[{"embeddable":true,"href":"https:\/\/oi-paris.com\/wordpress\/wp-json\/wp\/v2\/comments?post=6157"}],"version-history":[{"count":5,"href":"https:\/\/oi-paris.com\/wordpress\/wp-json\/wp\/v2\/posts\/6157\/revisions"}],"predecessor-version":[{"id":6208,"href":"https:\/\/oi-paris.com\/wordpress\/wp-json\/wp\/v2\/posts\/6157\/revisions\/6208"}],"wp:featuredmedia":[{"embeddable":true,"href":"https:\/\/oi-paris.com\/wordpress\/wp-json\/wp\/v2\/media\/2054"}],"wp:attachment":[{"href":"https:\/\/oi-paris.com\/wordpress\/wp-json\/wp\/v2\/media?parent=6157"}],"wp:term":[{"taxonomy":"category","embeddable":true,"href":"https:\/\/oi-paris.com\/wordpress\/wp-json\/wp\/v2\/categories?post=6157"},{"taxonomy":"post_tag","embeddable":true,"href":"https:\/\/oi-paris.com\/wordpress\/wp-json\/wp\/v2\/tags?post=6157"}],"curies":[{"name":"wp","href":"https:\/\/api.w.org\/{rel}","templated":true}]}}