{"id":6354,"date":"2017-09-08T11:12:00","date_gmt":"2017-09-08T09:12:00","guid":{"rendered":"http:\/\/oi-paris.com\/wordpress\/?p=6354"},"modified":"2017-09-08T11:43:24","modified_gmt":"2017-09-08T09:43:24","slug":"retour-sorties","status":"publish","type":"post","link":"https:\/\/oi-paris.com\/wordpress\/2017\/09\/08\/retour-sorties\/","title":{"rendered":"Retour sorties le 6 octobre"},"content":{"rendered":"<p><span style=\"color: #000000;\"><img loading=\"lazy\" decoding=\"async\" class=\"alignnone size-medium wp-image-5987\" src=\"http:\/\/oi-paris.com\/wordpress\/wp-content\/uploads\/2017\/06\/philharmonie-300x200.jpg\" alt=\"\" width=\"300\" height=\"200\" \/><\/span><\/p>\n<p><span style=\"color: #000000;\">Le vendredi 6 octobre a \u00e9t\u00e9 retenu pour faire un 2i\u00e8me visionnage de nos photos de sorties qui ont eu lieu de Aout 2016 \u00e0 sept 2017.<\/span><\/p>\n<p><span style=\"color: #000000;\">Choisissez 5 de vos meilleures photos de chaque sortie effectu\u00e9e afin d&#8217;en s\u00e9lectionner assez pour constituer une expo homog\u00e8ne.<\/span><\/p>\n<p><span style=\"color: #000000;\">Mettez :<\/span><\/p>\n<ul>\n<li><span style=\"color: #000000;\"> vos photos au format 1920 x1080<\/span><\/li>\n<li><span style=\"color: #000000;\">vos Nom, Pr\u00e9nom, ordre de passage (1,2,3,4,5).<\/span><\/li>\n<li><span style=\"color: #000000;\">Titre de la sortie<\/span><\/li>\n<\/ul>\n<p><span style=\"color: #000000;\">Venez nombreux.<\/span><\/p>\n<p>&nbsp;<\/p>\n<p>&nbsp;<\/p>\n<p>&nbsp;<\/p>\n<p>&nbsp;<\/p>\n<p>&nbsp;<\/p>\n","protected":false},"excerpt":{"rendered":"<p>Le vendredi 6 octobre a \u00e9t\u00e9 retenu pour faire un 2i\u00e8me visionnage de nos photos de sorties qui ont eu lieu de Aout 2016 \u00e0 sept 2017. Choisissez 5 de vos meilleures photos de&#46;&#46;&#46;<\/p>\n","protected":false},"author":20,"featured_media":5987,"comment_status":"closed","ping_status":"closed","sticky":false,"template":"","format":"standard","meta":{"_acf_changed":false,"_oasis_is_in_workflow":0,"_oasis_original":0,"_uag_custom_page_level_css":"","footnotes":""},"categories":[9,10],"tags":[],"class_list":["post-6354","post","type-post","status-publish","format-standard","has-post-thumbnail","hentry","category-photo","category-sortie-photo"],"acf":[],"uagb_featured_image_src":{"full":["https:\/\/oi-paris.com\/wordpress\/wp-content\/uploads\/2017\/06\/philharmonie-e1504861505299.jpg",980,653,false],"thumbnail":["https:\/\/oi-paris.com\/wordpress\/wp-content\/uploads\/2017\/06\/philharmonie-150x150.jpg",150,150,true],"medium":["https:\/\/oi-paris.com\/wordpress\/wp-content\/uploads\/2017\/06\/philharmonie-300x200.jpg",300,200,true],"medium_large":["https:\/\/oi-paris.com\/wordpress\/wp-content\/uploads\/2017\/06\/philharmonie-768x512.jpg",768,512,true],"large":["https:\/\/oi-paris.com\/wordpress\/wp-content\/uploads\/2017\/06\/philharmonie-1024x683.jpg",1024,683,true],"1536x1536":["https:\/\/oi-paris.com\/wordpress\/wp-content\/uploads\/2017\/06\/philharmonie-e1504861505299.jpg",980,653,false],"2048x2048":["https:\/\/oi-paris.com\/wordpress\/wp-content\/uploads\/2017\/06\/philharmonie-e1504861505299.jpg",980,653,false],"thumb-small":["https:\/\/oi-paris.com\/wordpress\/wp-content\/uploads\/2017\/06\/philharmonie-160x160.jpg",80,80,true],"thumb-standard":["https:\/\/oi-paris.com\/wordpress\/wp-content\/uploads\/2017\/06\/philharmonie-320x320.jpg",320,320,true],"thumb-medium":["https:\/\/oi-paris.com\/wordpress\/wp-content\/uploads\/2017\/06\/philharmonie-520x245.jpg",520,245,true],"thumb-large":["https:\/\/oi-paris.com\/wordpress\/wp-content\/uploads\/2017\/06\/philharmonie-720x340.jpg",720,340,true],"thumb-xlarge":["https:\/\/oi-paris.com\/wordpress\/wp-content\/uploads\/2017\/06\/philharmonie-e1504861505299.jpg",675,450,false],"thumb-xxlarge":["https:\/\/oi-paris.com\/wordpress\/wp-content\/uploads\/2017\/06\/philharmonie-e1504861505299.jpg",750,500,false],"mailpoet_newsletter_max":["https:\/\/oi-paris.com\/wordpress\/wp-content\/uploads\/2017\/06\/philharmonie-e1504861505299.jpg",980,653,false]},"uagb_author_info":{"display_name":"Laure R","author_link":"https:\/\/oi-paris.com\/wordpress\/author\/laure\/"},"uagb_comment_info":0,"uagb_excerpt":"Le vendredi 6 octobre a \u00e9t\u00e9 retenu pour faire un 2i\u00e8me visionnage de nos photos de sorties qui ont eu lieu de Aout 2016 \u00e0 sept 2017. Choisissez 5 de vos meilleures photos de&#46;&#46;&#46;","_links":{"self":[{"href":"https:\/\/oi-paris.com\/wordpress\/wp-json\/wp\/v2\/posts\/6354","targetHints":{"allow":["GET"]}}],"collection":[{"href":"https:\/\/oi-paris.com\/wordpress\/wp-json\/wp\/v2\/posts"}],"about":[{"href":"https:\/\/oi-paris.com\/wordpress\/wp-json\/wp\/v2\/types\/post"}],"author":[{"embeddable":true,"href":"https:\/\/oi-paris.com\/wordpress\/wp-json\/wp\/v2\/users\/20"}],"replies":[{"embeddable":true,"href":"https:\/\/oi-paris.com\/wordpress\/wp-json\/wp\/v2\/comments?post=6354"}],"version-history":[{"count":3,"href":"https:\/\/oi-paris.com\/wordpress\/wp-json\/wp\/v2\/posts\/6354\/revisions"}],"predecessor-version":[{"id":6358,"href":"https:\/\/oi-paris.com\/wordpress\/wp-json\/wp\/v2\/posts\/6354\/revisions\/6358"}],"wp:featuredmedia":[{"embeddable":true,"href":"https:\/\/oi-paris.com\/wordpress\/wp-json\/wp\/v2\/media\/5987"}],"wp:attachment":[{"href":"https:\/\/oi-paris.com\/wordpress\/wp-json\/wp\/v2\/media?parent=6354"}],"wp:term":[{"taxonomy":"category","embeddable":true,"href":"https:\/\/oi-paris.com\/wordpress\/wp-json\/wp\/v2\/categories?post=6354"},{"taxonomy":"post_tag","embeddable":true,"href":"https:\/\/oi-paris.com\/wordpress\/wp-json\/wp\/v2\/tags?post=6354"}],"curies":[{"name":"wp","href":"https:\/\/api.w.org\/{rel}","templated":true}]}}