{"id":6704,"date":"2017-11-10T14:48:59","date_gmt":"2017-11-10T12:48:59","guid":{"rendered":"http:\/\/oi-paris.com\/wordpress\/?p=6704"},"modified":"2017-11-10T14:48:59","modified_gmt":"2017-11-10T12:48:59","slug":"resume-du-mardi-doi-du-7-novembre-2017","status":"publish","type":"post","link":"https:\/\/oi-paris.com\/wordpress\/2017\/11\/10\/resume-du-mardi-doi-du-7-novembre-2017\/","title":{"rendered":"R\u00e9sum\u00e9 du Mardi d&#8217;OI du 7 novembre 2017"},"content":{"rendered":"<p><a href=\"http:\/\/oi-paris.com\/wordpress\/wp-content\/uploads\/2015\/08\/Reunion-carre.jpg\" data-rel=\"lightbox-image-0\" data-rl_title=\"\" data-rl_caption=\"\" title=\"\"><img loading=\"lazy\" decoding=\"async\" class=\"alignnone size-thumbnail wp-image-1743\" src=\"http:\/\/oi-paris.com\/wordpress\/wp-content\/uploads\/2015\/08\/Reunion-carre-150x150.jpg\" alt=\"Reunion-carre\" width=\"150\" height=\"150\" srcset=\"https:\/\/oi-paris.com\/wordpress\/wp-content\/uploads\/2015\/08\/Reunion-carre-150x150.jpg 150w, https:\/\/oi-paris.com\/wordpress\/wp-content\/uploads\/2015\/08\/Reunion-carre-300x300.jpg 300w, https:\/\/oi-paris.com\/wordpress\/wp-content\/uploads\/2015\/08\/Reunion-carre-160x160.jpg 160w, https:\/\/oi-paris.com\/wordpress\/wp-content\/uploads\/2015\/08\/Reunion-carre-320x320.jpg 320w, https:\/\/oi-paris.com\/wordpress\/wp-content\/uploads\/2015\/08\/Reunion-carre.jpg 463w\" sizes=\"auto, (max-width: 150px) 100vw, 150px\" \/><\/a><\/p>\n<p><span style=\"color: #000000;\">Nous \u00e9tions 42 \u00e0 participer \u00e0 cette\u00a0r\u00e9union. En bref, ce qu&#8217;il s&#8217;est pass\u00e9 :<\/span><br \/>\n<span style=\"color: #000000;\"> <!--more--><\/span><\/p>\n<h2><span style=\"color: #000000;\"><strong>La vie au\u00a0club<\/strong><\/span><\/h2>\n<h3><span style=\"color: #000000;\"><strong>R\u00e9unions<\/strong><\/span><\/h3>\n<p><span style=\"color: #000000;\">Mardi\u00a0<strong>14\/11<\/strong>\u00a0&#8211; R\u00e9union technique : pr\u00e9paration du Salon Individuel, question technique&#8230; Plus d&#8217;informations <a href=\"http:\/\/oi-paris.com\/wordpress\/2017\/11\/08\/mardi-technique-14-novembre-2017\/\">ici<\/a>.<\/span><\/p>\n<p><span style=\"color: #000000;\">Vendredi <strong>24\/11<\/strong>\u00a0&#8211; Finalement, le 5\u00e8me mardi aura lieu un vendredi ! Soir\u00e9e sp\u00e9ciale &#8220;papier&#8221;.\u00a0Plus d&#8217;informations <a href=\"http:\/\/oi-paris.com\/wordpress\/2017\/10\/13\/cinquieme-mardi-cest-le-papier\/\">ici<\/a>.<\/span><\/p>\n<h3><span style=\"color: #000000;\"><strong>Expositions<\/strong><\/span><\/h3>\n<p><span style=\"color: #000000;\">Michel cherche des adh\u00e9rents int\u00e9ress\u00e9s pour collaborer avec l&#8217;association des peintres sur un projet commun.<\/span><\/p>\n<h3><span style=\"color: #000000;\"><strong>Stages &amp; formations<\/strong><\/span><\/h3>\n<p><span style=\"color: #000000;\"><strong>21<\/strong> et\u00a0<strong>22\/10<\/strong>\u00a0: Nadir a organis\u00e9 un stage sur la photo de feu. Compte-rendu\u00a0<a href=\"http:\/\/oi-paris.com\/wordpress\/2017\/10\/24\/stage-de-photo-de-feu\/\">ici<\/a>.<\/span><\/p>\n<p><span style=\"color: #000000;\">Samedi <strong>18\/11<\/strong> : Emmanuel propose une animation sur la photo de studio (&#8220;Comment cr\u00e9er un plan d&#8217;\u00e9clairage&#8221;). 6 participants inscrits donc a priori complet, sous r\u00e9serve de confirmation du tr\u00e9sorier. Plus d&#8217;informations<\/span> <a href=\"http:\/\/oi-paris.com\/wordpress\/2017\/10\/06\/stage-mise-en-place-dun-shooting-studio-le-18-novembre\/\">ici<\/a>.<\/p>\n<p><span style=\"color: #000000;\">Samedi <strong>13\/01<\/strong> : Nadir propose un stage pour apprendre \u00e0 maquiller les mod\u00e8les pour le studio. Plus d&#8217;informations <a href=\"http:\/\/oi-paris.com\/wordpress\/2017\/11\/08\/stage-maquillage-pour-photographes\/\">ici<\/a>.<\/span><\/p>\n<h3><strong><span style=\"color: #000000;\">Appel \u00e0 contribution pour le site<\/span><\/strong><\/h3>\n<p><span style=\"color: #000000;\">Rozenn ne sera pas disponible pour s&#8217;occuper du site l&#8217;an prochain et cherche des adh\u00e9rents pour la remplacer. Plus d&#8217;informations <a href=\"http:\/\/oi-paris.com\/wordpress\/2017\/11\/09\/faire-vivre-le-site-du-club-pourquoi-pas-vous\/\">ici<\/a>.<\/span><\/p>\n<h3><strong><span style=\"color: #000000;\">Concours Objectif Image National<\/span><\/strong><\/h3>\n<p><span style=\"color: #000000;\">Les s\u00e9ries d&#8217;H\u00e9l\u00e8ne et Rozenn ont \u00e9t\u00e9 s\u00e9lectionn\u00e9es au Salon National d&#8217;Auteurs et seront expos\u00e9es \u00e0 St Nazaire ce mois-ci.\u00a0Jean-Paul a termin\u00e9 deuxi\u00e8me au Prix Betoux.\u00a0L&#8217;occasion de regarder les photos lors de cette soir\u00e9e.<\/span><\/p>\n<p><em><span style=\"color: #000000;\">Les dates\u00a0des diff\u00e9rents \u00e9v\u00e9nements sont not\u00e9es dans<\/span> <a href=\"http:\/\/oi-paris.com\/wordpress\/accueil\/\" target=\"_blank\" rel=\"noopener noreferrer\">l&#8217;agenda<\/a>.<\/em><\/p>\n<h2><span style=\"color: #000000;\"><strong>Le photographe myst\u00e8re<\/strong><\/span><\/h2>\n<p><span style=\"color: #000000;\">Il nous a \u00e9t\u00e9 pr\u00e9sent\u00e9 par Nadia. Article <a href=\"http:\/\/oi-paris.com\/wordpress\/2017\/11\/08\/le-photographe-mystere-de-novembre-2017\/\">ici<\/a>.<\/span><\/p>\n<h2><span style=\"color: #000000;\"><strong>L&#8217;adh\u00e9rente du mois<\/strong><\/span><\/h2>\n<p><span style=\"color: #000000;\">Ce mois-ci, l&#8217;adh\u00e9rente invit\u00e9e \u00e0 pr\u00e9senter ses photos \u00e9tait <strong>Nadia\u00e9la<\/strong>\u00a0:<\/span><\/p>\n\n\t\t<style>\n\t\t\t#gallery-1 {\n\t\t\t\tmargin: auto;\n\t\t\t}\n\t\t\t#gallery-1 .gallery-item {\n\t\t\t\tfloat: left;\n\t\t\t\tmargin-top: 10px;\n\t\t\t\ttext-align: center;\n\t\t\t\twidth: 33%;\n\t\t\t}\n\t\t\t#gallery-1 img {\n\t\t\t\tborder: 2px solid #cfcfcf;\n\t\t\t}\n\t\t\t#gallery-1 .gallery-caption {\n\t\t\t\tmargin-left: 0;\n\t\t\t}\n\t\t\t\/* see gallery_shortcode() in wp-includes\/media.php *\/\n\t\t<\/style>\n\t\t<div id='gallery-1' class='gallery galleryid-6704 gallery-columns-3 gallery-size-full'><dl class='gallery-item'>\n\t\t\t<dt class='gallery-icon landscape'>\n\t\t\t\t<a href='https:\/\/oi-paris.com\/wordpress\/wp-content\/uploads\/2017\/11\/2016.01-Polar-1Nadiaie\u0301la.jpg' title=\"\" data-rl_title=\"\" class=\"rl-gallery-link\" data-rl_caption=\"\" data-rel=\"lightbox-gallery-1\"><img loading=\"lazy\" decoding=\"async\" width=\"1920\" height=\"1280\" src=\"https:\/\/oi-paris.com\/wordpress\/wp-content\/uploads\/2017\/11\/2016.01-Polar-1Nadiaie\u0301la.jpg\" class=\"attachment-full size-full\" alt=\"\" srcset=\"https:\/\/oi-paris.com\/wordpress\/wp-content\/uploads\/2017\/11\/2016.01-Polar-1Nadiaie\u0301la.jpg 1920w, https:\/\/oi-paris.com\/wordpress\/wp-content\/uploads\/2017\/11\/2016.01-Polar-1Nadiaie\u0301la-300x200.jpg 300w, https:\/\/oi-paris.com\/wordpress\/wp-content\/uploads\/2017\/11\/2016.01-Polar-1Nadiaie\u0301la-768x512.jpg 768w, https:\/\/oi-paris.com\/wordpress\/wp-content\/uploads\/2017\/11\/2016.01-Polar-1Nadiaie\u0301la-1024x683.jpg 1024w, https:\/\/oi-paris.com\/wordpress\/wp-content\/uploads\/2017\/11\/2016.01-Polar-1Nadiaie\u0301la-600x400.jpg 600w\" sizes=\"auto, (max-width: 1920px) 100vw, 1920px\" \/><\/a>\n\t\t\t<\/dt><\/dl><dl class='gallery-item'>\n\t\t\t<dt class='gallery-icon landscape'>\n\t\t\t\t<a href='https:\/\/oi-paris.com\/wordpress\/wp-content\/uploads\/2017\/11\/2016.01-Polar-2Nadiae\u0301la.jpg' title=\"\" data-rl_title=\"\" class=\"rl-gallery-link\" data-rl_caption=\"\" data-rel=\"lightbox-gallery-1\"><img loading=\"lazy\" decoding=\"async\" width=\"5760\" height=\"3840\" src=\"https:\/\/oi-paris.com\/wordpress\/wp-content\/uploads\/2017\/11\/2016.01-Polar-2Nadiae\u0301la.jpg\" class=\"attachment-full size-full\" alt=\"\" srcset=\"https:\/\/oi-paris.com\/wordpress\/wp-content\/uploads\/2017\/11\/2016.01-Polar-2Nadiae\u0301la.jpg 5760w, https:\/\/oi-paris.com\/wordpress\/wp-content\/uploads\/2017\/11\/2016.01-Polar-2Nadiae\u0301la-300x200.jpg 300w, https:\/\/oi-paris.com\/wordpress\/wp-content\/uploads\/2017\/11\/2016.01-Polar-2Nadiae\u0301la-768x512.jpg 768w, https:\/\/oi-paris.com\/wordpress\/wp-content\/uploads\/2017\/11\/2016.01-Polar-2Nadiae\u0301la-1024x683.jpg 1024w, https:\/\/oi-paris.com\/wordpress\/wp-content\/uploads\/2017\/11\/2016.01-Polar-2Nadiae\u0301la-600x400.jpg 600w\" sizes=\"auto, (max-width: 5760px) 100vw, 5760px\" \/><\/a>\n\t\t\t<\/dt><\/dl><dl class='gallery-item'>\n\t\t\t<dt class='gallery-icon landscape'>\n\t\t\t\t<a href='https:\/\/oi-paris.com\/wordpress\/wp-content\/uploads\/2017\/11\/2016.01-Polar-3Nadiaie\u0301la.jpg' title=\"\" data-rl_title=\"\" class=\"rl-gallery-link\" data-rl_caption=\"\" data-rel=\"lightbox-gallery-1\"><img loading=\"lazy\" decoding=\"async\" width=\"1920\" height=\"1280\" src=\"https:\/\/oi-paris.com\/wordpress\/wp-content\/uploads\/2017\/11\/2016.01-Polar-3Nadiaie\u0301la.jpg\" class=\"attachment-full size-full\" alt=\"\" srcset=\"https:\/\/oi-paris.com\/wordpress\/wp-content\/uploads\/2017\/11\/2016.01-Polar-3Nadiaie\u0301la.jpg 1920w, https:\/\/oi-paris.com\/wordpress\/wp-content\/uploads\/2017\/11\/2016.01-Polar-3Nadiaie\u0301la-300x200.jpg 300w, https:\/\/oi-paris.com\/wordpress\/wp-content\/uploads\/2017\/11\/2016.01-Polar-3Nadiaie\u0301la-768x512.jpg 768w, https:\/\/oi-paris.com\/wordpress\/wp-content\/uploads\/2017\/11\/2016.01-Polar-3Nadiaie\u0301la-1024x683.jpg 1024w, https:\/\/oi-paris.com\/wordpress\/wp-content\/uploads\/2017\/11\/2016.01-Polar-3Nadiaie\u0301la-600x400.jpg 600w\" sizes=\"auto, (max-width: 1920px) 100vw, 1920px\" \/><\/a>\n\t\t\t<\/dt><\/dl><br style=\"clear: both\" \/><dl class='gallery-item'>\n\t\t\t<dt class='gallery-icon landscape'>\n\t\t\t\t<a href='https:\/\/oi-paris.com\/wordpress\/wp-content\/uploads\/2017\/11\/2016.01-Polar-4Nadiae\u0301la.jpg' title=\"\" data-rl_title=\"\" class=\"rl-gallery-link\" data-rl_caption=\"\" data-rel=\"lightbox-gallery-1\"><img loading=\"lazy\" decoding=\"async\" width=\"5760\" height=\"3840\" src=\"https:\/\/oi-paris.com\/wordpress\/wp-content\/uploads\/2017\/11\/2016.01-Polar-4Nadiae\u0301la.jpg\" class=\"attachment-full size-full\" alt=\"\" srcset=\"https:\/\/oi-paris.com\/wordpress\/wp-content\/uploads\/2017\/11\/2016.01-Polar-4Nadiae\u0301la.jpg 5760w, https:\/\/oi-paris.com\/wordpress\/wp-content\/uploads\/2017\/11\/2016.01-Polar-4Nadiae\u0301la-300x200.jpg 300w, https:\/\/oi-paris.com\/wordpress\/wp-content\/uploads\/2017\/11\/2016.01-Polar-4Nadiae\u0301la-768x512.jpg 768w, https:\/\/oi-paris.com\/wordpress\/wp-content\/uploads\/2017\/11\/2016.01-Polar-4Nadiae\u0301la-1024x683.jpg 1024w, https:\/\/oi-paris.com\/wordpress\/wp-content\/uploads\/2017\/11\/2016.01-Polar-4Nadiae\u0301la-600x400.jpg 600w\" sizes=\"auto, (max-width: 5760px) 100vw, 5760px\" \/><\/a>\n\t\t\t<\/dt><\/dl><dl class='gallery-item'>\n\t\t\t<dt class='gallery-icon landscape'>\n\t\t\t\t<a href='https:\/\/oi-paris.com\/wordpress\/wp-content\/uploads\/2017\/11\/2016.01-Polar-5Nadiaie\u0301la.jpg' title=\"\" data-rl_title=\"\" class=\"rl-gallery-link\" data-rl_caption=\"\" data-rel=\"lightbox-gallery-1\"><img loading=\"lazy\" decoding=\"async\" width=\"1920\" height=\"1280\" src=\"https:\/\/oi-paris.com\/wordpress\/wp-content\/uploads\/2017\/11\/2016.01-Polar-5Nadiaie\u0301la.jpg\" class=\"attachment-full size-full\" alt=\"\" srcset=\"https:\/\/oi-paris.com\/wordpress\/wp-content\/uploads\/2017\/11\/2016.01-Polar-5Nadiaie\u0301la.jpg 1920w, https:\/\/oi-paris.com\/wordpress\/wp-content\/uploads\/2017\/11\/2016.01-Polar-5Nadiaie\u0301la-300x200.jpg 300w, https:\/\/oi-paris.com\/wordpress\/wp-content\/uploads\/2017\/11\/2016.01-Polar-5Nadiaie\u0301la-768x512.jpg 768w, https:\/\/oi-paris.com\/wordpress\/wp-content\/uploads\/2017\/11\/2016.01-Polar-5Nadiaie\u0301la-1024x683.jpg 1024w, https:\/\/oi-paris.com\/wordpress\/wp-content\/uploads\/2017\/11\/2016.01-Polar-5Nadiaie\u0301la-600x400.jpg 600w\" sizes=\"auto, (max-width: 1920px) 100vw, 1920px\" \/><\/a>\n\t\t\t<\/dt><\/dl><dl class='gallery-item'>\n\t\t\t<dt class='gallery-icon landscape'>\n\t\t\t\t<a href='https:\/\/oi-paris.com\/wordpress\/wp-content\/uploads\/2017\/11\/2016.01-Polar-6Nadiaie\u0301la.jpg' title=\"\" data-rl_title=\"\" class=\"rl-gallery-link\" data-rl_caption=\"\" data-rel=\"lightbox-gallery-1\"><img loading=\"lazy\" decoding=\"async\" width=\"1920\" height=\"1280\" src=\"https:\/\/oi-paris.com\/wordpress\/wp-content\/uploads\/2017\/11\/2016.01-Polar-6Nadiaie\u0301la.jpg\" class=\"attachment-full size-full\" alt=\"\" srcset=\"https:\/\/oi-paris.com\/wordpress\/wp-content\/uploads\/2017\/11\/2016.01-Polar-6Nadiaie\u0301la.jpg 1920w, https:\/\/oi-paris.com\/wordpress\/wp-content\/uploads\/2017\/11\/2016.01-Polar-6Nadiaie\u0301la-300x200.jpg 300w, https:\/\/oi-paris.com\/wordpress\/wp-content\/uploads\/2017\/11\/2016.01-Polar-6Nadiaie\u0301la-768x512.jpg 768w, https:\/\/oi-paris.com\/wordpress\/wp-content\/uploads\/2017\/11\/2016.01-Polar-6Nadiaie\u0301la-1024x683.jpg 1024w, https:\/\/oi-paris.com\/wordpress\/wp-content\/uploads\/2017\/11\/2016.01-Polar-6Nadiaie\u0301la-600x400.jpg 600w\" sizes=\"auto, (max-width: 1920px) 100vw, 1920px\" \/><\/a>\n\t\t\t<\/dt><\/dl><br style=\"clear: both\" \/><dl class='gallery-item'>\n\t\t\t<dt class='gallery-icon landscape'>\n\t\t\t\t<a href='https:\/\/oi-paris.com\/wordpress\/wp-content\/uploads\/2017\/11\/2017.07.09-Street-Photography-Bruxelles-NADIAe\u0301LA1.jpg' title=\"\" data-rl_title=\"\" class=\"rl-gallery-link\" data-rl_caption=\"\" data-rel=\"lightbox-gallery-1\"><img loading=\"lazy\" decoding=\"async\" width=\"3000\" height=\"2000\" src=\"https:\/\/oi-paris.com\/wordpress\/wp-content\/uploads\/2017\/11\/2017.07.09-Street-Photography-Bruxelles-NADIAe\u0301LA1.jpg\" class=\"attachment-full size-full\" alt=\"\" srcset=\"https:\/\/oi-paris.com\/wordpress\/wp-content\/uploads\/2017\/11\/2017.07.09-Street-Photography-Bruxelles-NADIAe\u0301LA1.jpg 3000w, https:\/\/oi-paris.com\/wordpress\/wp-content\/uploads\/2017\/11\/2017.07.09-Street-Photography-Bruxelles-NADIAe\u0301LA1-300x200.jpg 300w, https:\/\/oi-paris.com\/wordpress\/wp-content\/uploads\/2017\/11\/2017.07.09-Street-Photography-Bruxelles-NADIAe\u0301LA1-768x512.jpg 768w, https:\/\/oi-paris.com\/wordpress\/wp-content\/uploads\/2017\/11\/2017.07.09-Street-Photography-Bruxelles-NADIAe\u0301LA1-1024x683.jpg 1024w, https:\/\/oi-paris.com\/wordpress\/wp-content\/uploads\/2017\/11\/2017.07.09-Street-Photography-Bruxelles-NADIAe\u0301LA1-600x400.jpg 600w\" sizes=\"auto, (max-width: 3000px) 100vw, 3000px\" \/><\/a>\n\t\t\t<\/dt><\/dl><dl class='gallery-item'>\n\t\t\t<dt class='gallery-icon landscape'>\n\t\t\t\t<a href='https:\/\/oi-paris.com\/wordpress\/wp-content\/uploads\/2017\/11\/2017.07.09-Street-Photography-Bruxelles-NADIAe\u0301LA2.jpg' title=\"\" data-rl_title=\"\" class=\"rl-gallery-link\" data-rl_caption=\"\" data-rel=\"lightbox-gallery-1\"><img loading=\"lazy\" decoding=\"async\" width=\"3000\" height=\"2000\" src=\"https:\/\/oi-paris.com\/wordpress\/wp-content\/uploads\/2017\/11\/2017.07.09-Street-Photography-Bruxelles-NADIAe\u0301LA2.jpg\" class=\"attachment-full size-full\" alt=\"\" srcset=\"https:\/\/oi-paris.com\/wordpress\/wp-content\/uploads\/2017\/11\/2017.07.09-Street-Photography-Bruxelles-NADIAe\u0301LA2.jpg 3000w, https:\/\/oi-paris.com\/wordpress\/wp-content\/uploads\/2017\/11\/2017.07.09-Street-Photography-Bruxelles-NADIAe\u0301LA2-300x200.jpg 300w, https:\/\/oi-paris.com\/wordpress\/wp-content\/uploads\/2017\/11\/2017.07.09-Street-Photography-Bruxelles-NADIAe\u0301LA2-768x512.jpg 768w, https:\/\/oi-paris.com\/wordpress\/wp-content\/uploads\/2017\/11\/2017.07.09-Street-Photography-Bruxelles-NADIAe\u0301LA2-1024x683.jpg 1024w, https:\/\/oi-paris.com\/wordpress\/wp-content\/uploads\/2017\/11\/2017.07.09-Street-Photography-Bruxelles-NADIAe\u0301LA2-600x400.jpg 600w\" sizes=\"auto, (max-width: 3000px) 100vw, 3000px\" \/><\/a>\n\t\t\t<\/dt><\/dl><dl class='gallery-item'>\n\t\t\t<dt class='gallery-icon landscape'>\n\t\t\t\t<a href='https:\/\/oi-paris.com\/wordpress\/wp-content\/uploads\/2017\/11\/2017.07.09-Street-Photography-Bruxelles-NADIAe\u0301LA3.jpg' title=\"\" data-rl_title=\"\" class=\"rl-gallery-link\" data-rl_caption=\"\" data-rel=\"lightbox-gallery-1\"><img loading=\"lazy\" decoding=\"async\" width=\"3000\" height=\"2000\" src=\"https:\/\/oi-paris.com\/wordpress\/wp-content\/uploads\/2017\/11\/2017.07.09-Street-Photography-Bruxelles-NADIAe\u0301LA3.jpg\" class=\"attachment-full size-full\" alt=\"\" srcset=\"https:\/\/oi-paris.com\/wordpress\/wp-content\/uploads\/2017\/11\/2017.07.09-Street-Photography-Bruxelles-NADIAe\u0301LA3.jpg 3000w, https:\/\/oi-paris.com\/wordpress\/wp-content\/uploads\/2017\/11\/2017.07.09-Street-Photography-Bruxelles-NADIAe\u0301LA3-300x200.jpg 300w, https:\/\/oi-paris.com\/wordpress\/wp-content\/uploads\/2017\/11\/2017.07.09-Street-Photography-Bruxelles-NADIAe\u0301LA3-768x512.jpg 768w, https:\/\/oi-paris.com\/wordpress\/wp-content\/uploads\/2017\/11\/2017.07.09-Street-Photography-Bruxelles-NADIAe\u0301LA3-1024x683.jpg 1024w, https:\/\/oi-paris.com\/wordpress\/wp-content\/uploads\/2017\/11\/2017.07.09-Street-Photography-Bruxelles-NADIAe\u0301LA3-600x400.jpg 600w\" sizes=\"auto, (max-width: 3000px) 100vw, 3000px\" \/><\/a>\n\t\t\t<\/dt><\/dl><br style=\"clear: both\" \/><dl class='gallery-item'>\n\t\t\t<dt class='gallery-icon landscape'>\n\t\t\t\t<a href='https:\/\/oi-paris.com\/wordpress\/wp-content\/uploads\/2017\/11\/2017.07.09-Street-Photography-Bruxelles-NADIAe\u0301LA4.jpg' title=\"\" data-rl_title=\"\" class=\"rl-gallery-link\" data-rl_caption=\"\" data-rel=\"lightbox-gallery-1\"><img loading=\"lazy\" decoding=\"async\" width=\"3000\" height=\"2000\" src=\"https:\/\/oi-paris.com\/wordpress\/wp-content\/uploads\/2017\/11\/2017.07.09-Street-Photography-Bruxelles-NADIAe\u0301LA4.jpg\" class=\"attachment-full size-full\" alt=\"\" srcset=\"https:\/\/oi-paris.com\/wordpress\/wp-content\/uploads\/2017\/11\/2017.07.09-Street-Photography-Bruxelles-NADIAe\u0301LA4.jpg 3000w, https:\/\/oi-paris.com\/wordpress\/wp-content\/uploads\/2017\/11\/2017.07.09-Street-Photography-Bruxelles-NADIAe\u0301LA4-300x200.jpg 300w, https:\/\/oi-paris.com\/wordpress\/wp-content\/uploads\/2017\/11\/2017.07.09-Street-Photography-Bruxelles-NADIAe\u0301LA4-768x512.jpg 768w, https:\/\/oi-paris.com\/wordpress\/wp-content\/uploads\/2017\/11\/2017.07.09-Street-Photography-Bruxelles-NADIAe\u0301LA4-1024x683.jpg 1024w, https:\/\/oi-paris.com\/wordpress\/wp-content\/uploads\/2017\/11\/2017.07.09-Street-Photography-Bruxelles-NADIAe\u0301LA4-600x400.jpg 600w\" sizes=\"auto, (max-width: 3000px) 100vw, 3000px\" \/><\/a>\n\t\t\t<\/dt><\/dl><dl class='gallery-item'>\n\t\t\t<dt class='gallery-icon landscape'>\n\t\t\t\t<a href='https:\/\/oi-paris.com\/wordpress\/wp-content\/uploads\/2017\/11\/2017.07.09-Street-Photography-Bruxelles-NADIAe\u0301LA5.jpg' title=\"\" data-rl_title=\"\" class=\"rl-gallery-link\" data-rl_caption=\"\" data-rel=\"lightbox-gallery-1\"><img loading=\"lazy\" decoding=\"async\" width=\"3000\" height=\"2000\" src=\"https:\/\/oi-paris.com\/wordpress\/wp-content\/uploads\/2017\/11\/2017.07.09-Street-Photography-Bruxelles-NADIAe\u0301LA5.jpg\" class=\"attachment-full size-full\" alt=\"\" srcset=\"https:\/\/oi-paris.com\/wordpress\/wp-content\/uploads\/2017\/11\/2017.07.09-Street-Photography-Bruxelles-NADIAe\u0301LA5.jpg 3000w, https:\/\/oi-paris.com\/wordpress\/wp-content\/uploads\/2017\/11\/2017.07.09-Street-Photography-Bruxelles-NADIAe\u0301LA5-300x200.jpg 300w, https:\/\/oi-paris.com\/wordpress\/wp-content\/uploads\/2017\/11\/2017.07.09-Street-Photography-Bruxelles-NADIAe\u0301LA5-768x512.jpg 768w, https:\/\/oi-paris.com\/wordpress\/wp-content\/uploads\/2017\/11\/2017.07.09-Street-Photography-Bruxelles-NADIAe\u0301LA5-1024x683.jpg 1024w, https:\/\/oi-paris.com\/wordpress\/wp-content\/uploads\/2017\/11\/2017.07.09-Street-Photography-Bruxelles-NADIAe\u0301LA5-600x400.jpg 600w\" sizes=\"auto, (max-width: 3000px) 100vw, 3000px\" \/><\/a>\n\t\t\t<\/dt><\/dl><dl class='gallery-item'>\n\t\t\t<dt class='gallery-icon landscape'>\n\t\t\t\t<a href='https:\/\/oi-paris.com\/wordpress\/wp-content\/uploads\/2017\/11\/2017.07.09-Street-Photography-Bruxelles-NADIAe\u0301LA6.jpg' title=\"\" data-rl_title=\"\" class=\"rl-gallery-link\" data-rl_caption=\"\" data-rel=\"lightbox-gallery-1\"><img loading=\"lazy\" decoding=\"async\" width=\"3000\" height=\"2000\" src=\"https:\/\/oi-paris.com\/wordpress\/wp-content\/uploads\/2017\/11\/2017.07.09-Street-Photography-Bruxelles-NADIAe\u0301LA6.jpg\" class=\"attachment-full size-full\" alt=\"\" srcset=\"https:\/\/oi-paris.com\/wordpress\/wp-content\/uploads\/2017\/11\/2017.07.09-Street-Photography-Bruxelles-NADIAe\u0301LA6.jpg 3000w, https:\/\/oi-paris.com\/wordpress\/wp-content\/uploads\/2017\/11\/2017.07.09-Street-Photography-Bruxelles-NADIAe\u0301LA6-300x200.jpg 300w, https:\/\/oi-paris.com\/wordpress\/wp-content\/uploads\/2017\/11\/2017.07.09-Street-Photography-Bruxelles-NADIAe\u0301LA6-768x512.jpg 768w, https:\/\/oi-paris.com\/wordpress\/wp-content\/uploads\/2017\/11\/2017.07.09-Street-Photography-Bruxelles-NADIAe\u0301LA6-1024x683.jpg 1024w, https:\/\/oi-paris.com\/wordpress\/wp-content\/uploads\/2017\/11\/2017.07.09-Street-Photography-Bruxelles-NADIAe\u0301LA6-600x400.jpg 600w\" sizes=\"auto, (max-width: 3000px) 100vw, 3000px\" \/><\/a>\n\t\t\t<\/dt><\/dl><br style=\"clear: both\" \/><dl class='gallery-item'>\n\t\t\t<dt class='gallery-icon landscape'>\n\t\t\t\t<a href='https:\/\/oi-paris.com\/wordpress\/wp-content\/uploads\/2017\/11\/2017.07.09-Street-Photography-Bruxelles-NADIAe\u0301LA7.jpg' title=\"\" data-rl_title=\"\" class=\"rl-gallery-link\" data-rl_caption=\"\" data-rel=\"lightbox-gallery-1\"><img loading=\"lazy\" decoding=\"async\" width=\"3000\" height=\"2000\" src=\"https:\/\/oi-paris.com\/wordpress\/wp-content\/uploads\/2017\/11\/2017.07.09-Street-Photography-Bruxelles-NADIAe\u0301LA7.jpg\" class=\"attachment-full size-full\" alt=\"\" srcset=\"https:\/\/oi-paris.com\/wordpress\/wp-content\/uploads\/2017\/11\/2017.07.09-Street-Photography-Bruxelles-NADIAe\u0301LA7.jpg 3000w, https:\/\/oi-paris.com\/wordpress\/wp-content\/uploads\/2017\/11\/2017.07.09-Street-Photography-Bruxelles-NADIAe\u0301LA7-300x200.jpg 300w, https:\/\/oi-paris.com\/wordpress\/wp-content\/uploads\/2017\/11\/2017.07.09-Street-Photography-Bruxelles-NADIAe\u0301LA7-768x512.jpg 768w, https:\/\/oi-paris.com\/wordpress\/wp-content\/uploads\/2017\/11\/2017.07.09-Street-Photography-Bruxelles-NADIAe\u0301LA7-1024x683.jpg 1024w, https:\/\/oi-paris.com\/wordpress\/wp-content\/uploads\/2017\/11\/2017.07.09-Street-Photography-Bruxelles-NADIAe\u0301LA7-600x400.jpg 600w\" sizes=\"auto, (max-width: 3000px) 100vw, 3000px\" \/><\/a>\n\t\t\t<\/dt><\/dl><dl class='gallery-item'>\n\t\t\t<dt class='gallery-icon portrait'>\n\t\t\t\t<a href='https:\/\/oi-paris.com\/wordpress\/wp-content\/uploads\/2017\/11\/2017.07.09-Street-Photography-Bruxelles-NADIAe\u0301LA8.jpg' title=\"\" data-rl_title=\"\" class=\"rl-gallery-link\" data-rl_caption=\"\" data-rel=\"lightbox-gallery-1\"><img loading=\"lazy\" decoding=\"async\" width=\"2000\" height=\"3000\" src=\"https:\/\/oi-paris.com\/wordpress\/wp-content\/uploads\/2017\/11\/2017.07.09-Street-Photography-Bruxelles-NADIAe\u0301LA8.jpg\" class=\"attachment-full size-full\" alt=\"\" srcset=\"https:\/\/oi-paris.com\/wordpress\/wp-content\/uploads\/2017\/11\/2017.07.09-Street-Photography-Bruxelles-NADIAe\u0301LA8.jpg 2000w, https:\/\/oi-paris.com\/wordpress\/wp-content\/uploads\/2017\/11\/2017.07.09-Street-Photography-Bruxelles-NADIAe\u0301LA8-200x300.jpg 200w, https:\/\/oi-paris.com\/wordpress\/wp-content\/uploads\/2017\/11\/2017.07.09-Street-Photography-Bruxelles-NADIAe\u0301LA8-768x1152.jpg 768w, https:\/\/oi-paris.com\/wordpress\/wp-content\/uploads\/2017\/11\/2017.07.09-Street-Photography-Bruxelles-NADIAe\u0301LA8-683x1024.jpg 683w, https:\/\/oi-paris.com\/wordpress\/wp-content\/uploads\/2017\/11\/2017.07.09-Street-Photography-Bruxelles-NADIAe\u0301LA8-600x900.jpg 600w\" sizes=\"auto, (max-width: 2000px) 100vw, 2000px\" \/><\/a>\n\t\t\t<\/dt><\/dl><dl class='gallery-item'>\n\t\t\t<dt class='gallery-icon portrait'>\n\t\t\t\t<a href='https:\/\/oi-paris.com\/wordpress\/wp-content\/uploads\/2017\/11\/2017.07.09-Street-Photography-Bruxelles-NADIAe\u0301LA9.jpg' title=\"\" data-rl_title=\"\" class=\"rl-gallery-link\" data-rl_caption=\"\" data-rel=\"lightbox-gallery-1\"><img loading=\"lazy\" decoding=\"async\" width=\"2000\" height=\"3000\" src=\"https:\/\/oi-paris.com\/wordpress\/wp-content\/uploads\/2017\/11\/2017.07.09-Street-Photography-Bruxelles-NADIAe\u0301LA9.jpg\" class=\"attachment-full size-full\" alt=\"\" srcset=\"https:\/\/oi-paris.com\/wordpress\/wp-content\/uploads\/2017\/11\/2017.07.09-Street-Photography-Bruxelles-NADIAe\u0301LA9.jpg 2000w, https:\/\/oi-paris.com\/wordpress\/wp-content\/uploads\/2017\/11\/2017.07.09-Street-Photography-Bruxelles-NADIAe\u0301LA9-200x300.jpg 200w, https:\/\/oi-paris.com\/wordpress\/wp-content\/uploads\/2017\/11\/2017.07.09-Street-Photography-Bruxelles-NADIAe\u0301LA9-768x1152.jpg 768w, https:\/\/oi-paris.com\/wordpress\/wp-content\/uploads\/2017\/11\/2017.07.09-Street-Photography-Bruxelles-NADIAe\u0301LA9-683x1024.jpg 683w, https:\/\/oi-paris.com\/wordpress\/wp-content\/uploads\/2017\/11\/2017.07.09-Street-Photography-Bruxelles-NADIAe\u0301LA9-600x900.jpg 600w\" sizes=\"auto, (max-width: 2000px) 100vw, 2000px\" \/><\/a>\n\t\t\t<\/dt><\/dl><br style=\"clear: both\" \/><dl class='gallery-item'>\n\t\t\t<dt class='gallery-icon portrait'>\n\t\t\t\t<a href='https:\/\/oi-paris.com\/wordpress\/wp-content\/uploads\/2017\/11\/2015.12.-Studio-VirginieNadiae\u0301la.jpg' title=\"\" data-rl_title=\"\" class=\"rl-gallery-link\" data-rl_caption=\"\" data-rel=\"lightbox-gallery-1\"><img loading=\"lazy\" decoding=\"async\" width=\"1280\" height=\"1920\" src=\"https:\/\/oi-paris.com\/wordpress\/wp-content\/uploads\/2017\/11\/2015.12.-Studio-VirginieNadiae\u0301la.jpg\" class=\"attachment-full size-full\" alt=\"\" srcset=\"https:\/\/oi-paris.com\/wordpress\/wp-content\/uploads\/2017\/11\/2015.12.-Studio-VirginieNadiae\u0301la.jpg 1280w, https:\/\/oi-paris.com\/wordpress\/wp-content\/uploads\/2017\/11\/2015.12.-Studio-VirginieNadiae\u0301la-200x300.jpg 200w, https:\/\/oi-paris.com\/wordpress\/wp-content\/uploads\/2017\/11\/2015.12.-Studio-VirginieNadiae\u0301la-768x1152.jpg 768w, https:\/\/oi-paris.com\/wordpress\/wp-content\/uploads\/2017\/11\/2015.12.-Studio-VirginieNadiae\u0301la-683x1024.jpg 683w, https:\/\/oi-paris.com\/wordpress\/wp-content\/uploads\/2017\/11\/2015.12.-Studio-VirginieNadiae\u0301la-600x900.jpg 600w\" sizes=\"auto, (max-width: 1280px) 100vw, 1280px\" \/><\/a>\n\t\t\t<\/dt><\/dl><dl class='gallery-item'>\n\t\t\t<dt class='gallery-icon portrait'>\n\t\t\t\t<a href='https:\/\/oi-paris.com\/wordpress\/wp-content\/uploads\/2017\/11\/2016.03.17-autoportrait-Nadie\u0301la02.jpg' title=\"\" data-rl_title=\"\" class=\"rl-gallery-link\" data-rl_caption=\"\" data-rel=\"lightbox-gallery-1\"><img loading=\"lazy\" decoding=\"async\" width=\"800\" height=\"1200\" src=\"https:\/\/oi-paris.com\/wordpress\/wp-content\/uploads\/2017\/11\/2016.03.17-autoportrait-Nadie\u0301la02.jpg\" class=\"attachment-full size-full\" alt=\"\" srcset=\"https:\/\/oi-paris.com\/wordpress\/wp-content\/uploads\/2017\/11\/2016.03.17-autoportrait-Nadie\u0301la02.jpg 800w, https:\/\/oi-paris.com\/wordpress\/wp-content\/uploads\/2017\/11\/2016.03.17-autoportrait-Nadie\u0301la02-200x300.jpg 200w, https:\/\/oi-paris.com\/wordpress\/wp-content\/uploads\/2017\/11\/2016.03.17-autoportrait-Nadie\u0301la02-768x1152.jpg 768w, https:\/\/oi-paris.com\/wordpress\/wp-content\/uploads\/2017\/11\/2016.03.17-autoportrait-Nadie\u0301la02-683x1024.jpg 683w, https:\/\/oi-paris.com\/wordpress\/wp-content\/uploads\/2017\/11\/2016.03.17-autoportrait-Nadie\u0301la02-600x900.jpg 600w\" sizes=\"auto, (max-width: 800px) 100vw, 800px\" \/><\/a>\n\t\t\t<\/dt><\/dl><dl class='gallery-item'>\n\t\t\t<dt class='gallery-icon landscape'>\n\t\t\t\t<a href='https:\/\/oi-paris.com\/wordpress\/wp-content\/uploads\/2017\/11\/2016.05.15-Les-Lambert-Nadiae\u0301la05-2.jpg' title=\"\" data-rl_title=\"\" class=\"rl-gallery-link\" data-rl_caption=\"\" data-rel=\"lightbox-gallery-1\"><img loading=\"lazy\" decoding=\"async\" width=\"5760\" height=\"3840\" src=\"https:\/\/oi-paris.com\/wordpress\/wp-content\/uploads\/2017\/11\/2016.05.15-Les-Lambert-Nadiae\u0301la05-2.jpg\" class=\"attachment-full size-full\" alt=\"\" srcset=\"https:\/\/oi-paris.com\/wordpress\/wp-content\/uploads\/2017\/11\/2016.05.15-Les-Lambert-Nadiae\u0301la05-2.jpg 5760w, https:\/\/oi-paris.com\/wordpress\/wp-content\/uploads\/2017\/11\/2016.05.15-Les-Lambert-Nadiae\u0301la05-2-300x200.jpg 300w, https:\/\/oi-paris.com\/wordpress\/wp-content\/uploads\/2017\/11\/2016.05.15-Les-Lambert-Nadiae\u0301la05-2-768x512.jpg 768w, https:\/\/oi-paris.com\/wordpress\/wp-content\/uploads\/2017\/11\/2016.05.15-Les-Lambert-Nadiae\u0301la05-2-1024x683.jpg 1024w, https:\/\/oi-paris.com\/wordpress\/wp-content\/uploads\/2017\/11\/2016.05.15-Les-Lambert-Nadiae\u0301la05-2-600x400.jpg 600w\" sizes=\"auto, (max-width: 5760px) 100vw, 5760px\" \/><\/a>\n\t\t\t<\/dt><\/dl><br style=\"clear: both\" \/><dl class='gallery-item'>\n\t\t\t<dt class='gallery-icon portrait'>\n\t\t\t\t<a href='https:\/\/oi-paris.com\/wordpress\/wp-content\/uploads\/2017\/11\/2016.05.24-Teckel-and-family-Nadiae\u0301la-Photographe1.jpg' title=\"\" data-rl_title=\"\" class=\"rl-gallery-link\" data-rl_caption=\"\" data-rel=\"lightbox-gallery-1\"><img loading=\"lazy\" decoding=\"async\" width=\"3840\" height=\"5760\" src=\"https:\/\/oi-paris.com\/wordpress\/wp-content\/uploads\/2017\/11\/2016.05.24-Teckel-and-family-Nadiae\u0301la-Photographe1.jpg\" class=\"attachment-full size-full\" alt=\"\" srcset=\"https:\/\/oi-paris.com\/wordpress\/wp-content\/uploads\/2017\/11\/2016.05.24-Teckel-and-family-Nadiae\u0301la-Photographe1.jpg 3840w, https:\/\/oi-paris.com\/wordpress\/wp-content\/uploads\/2017\/11\/2016.05.24-Teckel-and-family-Nadiae\u0301la-Photographe1-200x300.jpg 200w, https:\/\/oi-paris.com\/wordpress\/wp-content\/uploads\/2017\/11\/2016.05.24-Teckel-and-family-Nadiae\u0301la-Photographe1-768x1152.jpg 768w, https:\/\/oi-paris.com\/wordpress\/wp-content\/uploads\/2017\/11\/2016.05.24-Teckel-and-family-Nadiae\u0301la-Photographe1-683x1024.jpg 683w, https:\/\/oi-paris.com\/wordpress\/wp-content\/uploads\/2017\/11\/2016.05.24-Teckel-and-family-Nadiae\u0301la-Photographe1-600x900.jpg 600w\" sizes=\"auto, (max-width: 3840px) 100vw, 3840px\" \/><\/a>\n\t\t\t<\/dt><\/dl><dl class='gallery-item'>\n\t\t\t<dt class='gallery-icon portrait'>\n\t\t\t\t<a href='https:\/\/oi-paris.com\/wordpress\/wp-content\/uploads\/2017\/11\/2016.05.24-Teckel-and-family-Nadiae\u0301la-Photographe12.jpg' title=\"\" data-rl_title=\"\" class=\"rl-gallery-link\" data-rl_caption=\"\" data-rel=\"lightbox-gallery-1\"><img loading=\"lazy\" decoding=\"async\" width=\"3404\" height=\"4539\" src=\"https:\/\/oi-paris.com\/wordpress\/wp-content\/uploads\/2017\/11\/2016.05.24-Teckel-and-family-Nadiae\u0301la-Photographe12.jpg\" class=\"attachment-full size-full\" alt=\"\" srcset=\"https:\/\/oi-paris.com\/wordpress\/wp-content\/uploads\/2017\/11\/2016.05.24-Teckel-and-family-Nadiae\u0301la-Photographe12.jpg 3404w, https:\/\/oi-paris.com\/wordpress\/wp-content\/uploads\/2017\/11\/2016.05.24-Teckel-and-family-Nadiae\u0301la-Photographe12-225x300.jpg 225w, https:\/\/oi-paris.com\/wordpress\/wp-content\/uploads\/2017\/11\/2016.05.24-Teckel-and-family-Nadiae\u0301la-Photographe12-768x1024.jpg 768w, https:\/\/oi-paris.com\/wordpress\/wp-content\/uploads\/2017\/11\/2016.05.24-Teckel-and-family-Nadiae\u0301la-Photographe12-600x800.jpg 600w\" sizes=\"auto, (max-width: 3404px) 100vw, 3404px\" \/><\/a>\n\t\t\t<\/dt><\/dl><dl class='gallery-item'>\n\t\t\t<dt class='gallery-icon portrait'>\n\t\t\t\t<a href='https:\/\/oi-paris.com\/wordpress\/wp-content\/uploads\/2017\/11\/2016.05.30-EE-La-Guitare-Nadia-Se\u0301diri-Carpentier3.jpg' title=\"\" data-rl_title=\"\" class=\"rl-gallery-link\" data-rl_caption=\"\" data-rel=\"lightbox-gallery-1\"><img loading=\"lazy\" decoding=\"async\" width=\"1280\" height=\"1920\" src=\"https:\/\/oi-paris.com\/wordpress\/wp-content\/uploads\/2017\/11\/2016.05.30-EE-La-Guitare-Nadia-Se\u0301diri-Carpentier3.jpg\" class=\"attachment-full size-full\" alt=\"\" srcset=\"https:\/\/oi-paris.com\/wordpress\/wp-content\/uploads\/2017\/11\/2016.05.30-EE-La-Guitare-Nadia-Se\u0301diri-Carpentier3.jpg 1280w, https:\/\/oi-paris.com\/wordpress\/wp-content\/uploads\/2017\/11\/2016.05.30-EE-La-Guitare-Nadia-Se\u0301diri-Carpentier3-200x300.jpg 200w, https:\/\/oi-paris.com\/wordpress\/wp-content\/uploads\/2017\/11\/2016.05.30-EE-La-Guitare-Nadia-Se\u0301diri-Carpentier3-768x1152.jpg 768w, https:\/\/oi-paris.com\/wordpress\/wp-content\/uploads\/2017\/11\/2016.05.30-EE-La-Guitare-Nadia-Se\u0301diri-Carpentier3-683x1024.jpg 683w, https:\/\/oi-paris.com\/wordpress\/wp-content\/uploads\/2017\/11\/2016.05.30-EE-La-Guitare-Nadia-Se\u0301diri-Carpentier3-600x900.jpg 600w\" sizes=\"auto, (max-width: 1280px) 100vw, 1280px\" \/><\/a>\n\t\t\t<\/dt><\/dl><br style=\"clear: both\" \/><dl class='gallery-item'>\n\t\t\t<dt class='gallery-icon portrait'>\n\t\t\t\t<a href='https:\/\/oi-paris.com\/wordpress\/wp-content\/uploads\/2017\/11\/2016.05.30-EE-La-patissie\u0300re-Nadia-Se\u0301diri-Carpentier-2.jpg' title=\"\" data-rl_title=\"\" class=\"rl-gallery-link\" data-rl_caption=\"\" data-rel=\"lightbox-gallery-1\"><img loading=\"lazy\" decoding=\"async\" width=\"1280\" height=\"1920\" src=\"https:\/\/oi-paris.com\/wordpress\/wp-content\/uploads\/2017\/11\/2016.05.30-EE-La-patissie\u0300re-Nadia-Se\u0301diri-Carpentier-2.jpg\" class=\"attachment-full size-full\" alt=\"\" srcset=\"https:\/\/oi-paris.com\/wordpress\/wp-content\/uploads\/2017\/11\/2016.05.30-EE-La-patissie\u0300re-Nadia-Se\u0301diri-Carpentier-2.jpg 1280w, https:\/\/oi-paris.com\/wordpress\/wp-content\/uploads\/2017\/11\/2016.05.30-EE-La-patissie\u0300re-Nadia-Se\u0301diri-Carpentier-2-200x300.jpg 200w, https:\/\/oi-paris.com\/wordpress\/wp-content\/uploads\/2017\/11\/2016.05.30-EE-La-patissie\u0300re-Nadia-Se\u0301diri-Carpentier-2-768x1152.jpg 768w, https:\/\/oi-paris.com\/wordpress\/wp-content\/uploads\/2017\/11\/2016.05.30-EE-La-patissie\u0300re-Nadia-Se\u0301diri-Carpentier-2-683x1024.jpg 683w, https:\/\/oi-paris.com\/wordpress\/wp-content\/uploads\/2017\/11\/2016.05.30-EE-La-patissie\u0300re-Nadia-Se\u0301diri-Carpentier-2-600x900.jpg 600w\" sizes=\"auto, (max-width: 1280px) 100vw, 1280px\" \/><\/a>\n\t\t\t<\/dt><\/dl><dl class='gallery-item'>\n\t\t\t<dt class='gallery-icon portrait'>\n\t\t\t\t<a href='https:\/\/oi-paris.com\/wordpress\/wp-content\/uploads\/2017\/11\/2016.05.31-Mourad-et-Sandra-Nadiae\u0301la-Photographe8.jpg' title=\"\" data-rl_title=\"\" class=\"rl-gallery-link\" data-rl_caption=\"\" data-rel=\"lightbox-gallery-1\"><img loading=\"lazy\" decoding=\"async\" width=\"3787\" height=\"5049\" src=\"https:\/\/oi-paris.com\/wordpress\/wp-content\/uploads\/2017\/11\/2016.05.31-Mourad-et-Sandra-Nadiae\u0301la-Photographe8.jpg\" class=\"attachment-full size-full\" alt=\"\" srcset=\"https:\/\/oi-paris.com\/wordpress\/wp-content\/uploads\/2017\/11\/2016.05.31-Mourad-et-Sandra-Nadiae\u0301la-Photographe8.jpg 3787w, https:\/\/oi-paris.com\/wordpress\/wp-content\/uploads\/2017\/11\/2016.05.31-Mourad-et-Sandra-Nadiae\u0301la-Photographe8-225x300.jpg 225w, https:\/\/oi-paris.com\/wordpress\/wp-content\/uploads\/2017\/11\/2016.05.31-Mourad-et-Sandra-Nadiae\u0301la-Photographe8-768x1024.jpg 768w, https:\/\/oi-paris.com\/wordpress\/wp-content\/uploads\/2017\/11\/2016.05.31-Mourad-et-Sandra-Nadiae\u0301la-Photographe8-600x800.jpg 600w\" sizes=\"auto, (max-width: 3787px) 100vw, 3787px\" \/><\/a>\n\t\t\t<\/dt><\/dl><dl class='gallery-item'>\n\t\t\t<dt class='gallery-icon landscape'>\n\t\t\t\t<a href='https:\/\/oi-paris.com\/wordpress\/wp-content\/uploads\/2017\/11\/2016.08.24-The\u0301a\u0302tre-a\u0300-la-carte-Nadiae\u0301la-Photographe16.jpg' title=\"\" data-rl_title=\"\" class=\"rl-gallery-link\" data-rl_caption=\"\" data-rel=\"lightbox-gallery-1\"><img loading=\"lazy\" decoding=\"async\" width=\"2265\" height=\"2265\" src=\"https:\/\/oi-paris.com\/wordpress\/wp-content\/uploads\/2017\/11\/2016.08.24-The\u0301a\u0302tre-a\u0300-la-carte-Nadiae\u0301la-Photographe16.jpg\" class=\"attachment-full size-full\" alt=\"\" srcset=\"https:\/\/oi-paris.com\/wordpress\/wp-content\/uploads\/2017\/11\/2016.08.24-The\u0301a\u0302tre-a\u0300-la-carte-Nadiae\u0301la-Photographe16.jpg 2265w, https:\/\/oi-paris.com\/wordpress\/wp-content\/uploads\/2017\/11\/2016.08.24-The\u0301a\u0302tre-a\u0300-la-carte-Nadiae\u0301la-Photographe16-150x150.jpg 150w, https:\/\/oi-paris.com\/wordpress\/wp-content\/uploads\/2017\/11\/2016.08.24-The\u0301a\u0302tre-a\u0300-la-carte-Nadiae\u0301la-Photographe16-300x300.jpg 300w, https:\/\/oi-paris.com\/wordpress\/wp-content\/uploads\/2017\/11\/2016.08.24-The\u0301a\u0302tre-a\u0300-la-carte-Nadiae\u0301la-Photographe16-768x768.jpg 768w, https:\/\/oi-paris.com\/wordpress\/wp-content\/uploads\/2017\/11\/2016.08.24-The\u0301a\u0302tre-a\u0300-la-carte-Nadiae\u0301la-Photographe16-1024x1024.jpg 1024w, https:\/\/oi-paris.com\/wordpress\/wp-content\/uploads\/2017\/11\/2016.08.24-The\u0301a\u0302tre-a\u0300-la-carte-Nadiae\u0301la-Photographe16-600x600.jpg 600w, https:\/\/oi-paris.com\/wordpress\/wp-content\/uploads\/2017\/11\/2016.08.24-The\u0301a\u0302tre-a\u0300-la-carte-Nadiae\u0301la-Photographe16-160x160.jpg 160w, https:\/\/oi-paris.com\/wordpress\/wp-content\/uploads\/2017\/11\/2016.08.24-The\u0301a\u0302tre-a\u0300-la-carte-Nadiae\u0301la-Photographe16-320x320.jpg 320w\" sizes=\"auto, (max-width: 2265px) 100vw, 2265px\" \/><\/a>\n\t\t\t<\/dt><\/dl><br style=\"clear: both\" \/><dl class='gallery-item'>\n\t\t\t<dt class='gallery-icon portrait'>\n\t\t\t\t<a href='https:\/\/oi-paris.com\/wordpress\/wp-content\/uploads\/2017\/11\/2017.11-NADIAe\u0301LA01.jpg' title=\"\" data-rl_title=\"\" class=\"rl-gallery-link\" data-rl_caption=\"\" data-rel=\"lightbox-gallery-1\"><img loading=\"lazy\" decoding=\"async\" width=\"3840\" height=\"5760\" src=\"https:\/\/oi-paris.com\/wordpress\/wp-content\/uploads\/2017\/11\/2017.11-NADIAe\u0301LA01.jpg\" class=\"attachment-full size-full\" alt=\"\" srcset=\"https:\/\/oi-paris.com\/wordpress\/wp-content\/uploads\/2017\/11\/2017.11-NADIAe\u0301LA01.jpg 3840w, https:\/\/oi-paris.com\/wordpress\/wp-content\/uploads\/2017\/11\/2017.11-NADIAe\u0301LA01-200x300.jpg 200w, https:\/\/oi-paris.com\/wordpress\/wp-content\/uploads\/2017\/11\/2017.11-NADIAe\u0301LA01-768x1152.jpg 768w, https:\/\/oi-paris.com\/wordpress\/wp-content\/uploads\/2017\/11\/2017.11-NADIAe\u0301LA01-683x1024.jpg 683w, https:\/\/oi-paris.com\/wordpress\/wp-content\/uploads\/2017\/11\/2017.11-NADIAe\u0301LA01-600x900.jpg 600w\" sizes=\"auto, (max-width: 3840px) 100vw, 3840px\" \/><\/a>\n\t\t\t<\/dt><\/dl><dl class='gallery-item'>\n\t\t\t<dt class='gallery-icon landscape'>\n\t\t\t\t<a href='https:\/\/oi-paris.com\/wordpress\/wp-content\/uploads\/2017\/11\/2017.11-NADIAe\u0301LA02.jpg' title=\"\" data-rl_title=\"\" class=\"rl-gallery-link\" data-rl_caption=\"\" data-rel=\"lightbox-gallery-1\"><img loading=\"lazy\" decoding=\"async\" width=\"2564\" height=\"2564\" src=\"https:\/\/oi-paris.com\/wordpress\/wp-content\/uploads\/2017\/11\/2017.11-NADIAe\u0301LA02.jpg\" class=\"attachment-full size-full\" alt=\"\" srcset=\"https:\/\/oi-paris.com\/wordpress\/wp-content\/uploads\/2017\/11\/2017.11-NADIAe\u0301LA02.jpg 2564w, https:\/\/oi-paris.com\/wordpress\/wp-content\/uploads\/2017\/11\/2017.11-NADIAe\u0301LA02-150x150.jpg 150w, https:\/\/oi-paris.com\/wordpress\/wp-content\/uploads\/2017\/11\/2017.11-NADIAe\u0301LA02-300x300.jpg 300w, https:\/\/oi-paris.com\/wordpress\/wp-content\/uploads\/2017\/11\/2017.11-NADIAe\u0301LA02-768x768.jpg 768w, https:\/\/oi-paris.com\/wordpress\/wp-content\/uploads\/2017\/11\/2017.11-NADIAe\u0301LA02-1024x1024.jpg 1024w, https:\/\/oi-paris.com\/wordpress\/wp-content\/uploads\/2017\/11\/2017.11-NADIAe\u0301LA02-600x600.jpg 600w, https:\/\/oi-paris.com\/wordpress\/wp-content\/uploads\/2017\/11\/2017.11-NADIAe\u0301LA02-160x160.jpg 160w, https:\/\/oi-paris.com\/wordpress\/wp-content\/uploads\/2017\/11\/2017.11-NADIAe\u0301LA02-320x320.jpg 320w\" sizes=\"auto, (max-width: 2564px) 100vw, 2564px\" \/><\/a>\n\t\t\t<\/dt><\/dl><dl class='gallery-item'>\n\t\t\t<dt class='gallery-icon landscape'>\n\t\t\t\t<a href='https:\/\/oi-paris.com\/wordpress\/wp-content\/uploads\/2017\/11\/2017.11-NADIAe\u0301LA03.jpg' title=\"\" data-rl_title=\"\" class=\"rl-gallery-link\" data-rl_caption=\"\" data-rel=\"lightbox-gallery-1\"><img loading=\"lazy\" decoding=\"async\" width=\"5424\" height=\"3616\" src=\"https:\/\/oi-paris.com\/wordpress\/wp-content\/uploads\/2017\/11\/2017.11-NADIAe\u0301LA03.jpg\" class=\"attachment-full size-full\" alt=\"\" srcset=\"https:\/\/oi-paris.com\/wordpress\/wp-content\/uploads\/2017\/11\/2017.11-NADIAe\u0301LA03.jpg 5424w, https:\/\/oi-paris.com\/wordpress\/wp-content\/uploads\/2017\/11\/2017.11-NADIAe\u0301LA03-300x200.jpg 300w, https:\/\/oi-paris.com\/wordpress\/wp-content\/uploads\/2017\/11\/2017.11-NADIAe\u0301LA03-768x512.jpg 768w, https:\/\/oi-paris.com\/wordpress\/wp-content\/uploads\/2017\/11\/2017.11-NADIAe\u0301LA03-1024x683.jpg 1024w, https:\/\/oi-paris.com\/wordpress\/wp-content\/uploads\/2017\/11\/2017.11-NADIAe\u0301LA03-600x400.jpg 600w\" sizes=\"auto, (max-width: 5424px) 100vw, 5424px\" \/><\/a>\n\t\t\t<\/dt><\/dl><br style=\"clear: both\" \/><dl class='gallery-item'>\n\t\t\t<dt class='gallery-icon portrait'>\n\t\t\t\t<a href='https:\/\/oi-paris.com\/wordpress\/wp-content\/uploads\/2017\/11\/2017.11-Animaux-NADIAeLA1jpg.jpg' title=\"\" data-rl_title=\"\" class=\"rl-gallery-link\" data-rl_caption=\"\" data-rel=\"lightbox-gallery-1\"><img loading=\"lazy\" decoding=\"async\" width=\"1280\" height=\"1920\" src=\"https:\/\/oi-paris.com\/wordpress\/wp-content\/uploads\/2017\/11\/2017.11-Animaux-NADIAeLA1jpg.jpg\" class=\"attachment-full size-full\" alt=\"\" srcset=\"https:\/\/oi-paris.com\/wordpress\/wp-content\/uploads\/2017\/11\/2017.11-Animaux-NADIAeLA1jpg.jpg 1280w, https:\/\/oi-paris.com\/wordpress\/wp-content\/uploads\/2017\/11\/2017.11-Animaux-NADIAeLA1jpg-200x300.jpg 200w, https:\/\/oi-paris.com\/wordpress\/wp-content\/uploads\/2017\/11\/2017.11-Animaux-NADIAeLA1jpg-768x1152.jpg 768w, https:\/\/oi-paris.com\/wordpress\/wp-content\/uploads\/2017\/11\/2017.11-Animaux-NADIAeLA1jpg-683x1024.jpg 683w, https:\/\/oi-paris.com\/wordpress\/wp-content\/uploads\/2017\/11\/2017.11-Animaux-NADIAeLA1jpg-600x900.jpg 600w\" sizes=\"auto, (max-width: 1280px) 100vw, 1280px\" \/><\/a>\n\t\t\t<\/dt><\/dl><dl class='gallery-item'>\n\t\t\t<dt class='gallery-icon portrait'>\n\t\t\t\t<a href='https:\/\/oi-paris.com\/wordpress\/wp-content\/uploads\/2017\/11\/2017.11-Animaux-NADIAeLA2.jpg' title=\"\" data-rl_title=\"\" class=\"rl-gallery-link\" data-rl_caption=\"\" data-rel=\"lightbox-gallery-1\"><img loading=\"lazy\" decoding=\"async\" width=\"2549\" height=\"3823\" src=\"https:\/\/oi-paris.com\/wordpress\/wp-content\/uploads\/2017\/11\/2017.11-Animaux-NADIAeLA2.jpg\" class=\"attachment-full size-full\" alt=\"\" srcset=\"https:\/\/oi-paris.com\/wordpress\/wp-content\/uploads\/2017\/11\/2017.11-Animaux-NADIAeLA2.jpg 2549w, https:\/\/oi-paris.com\/wordpress\/wp-content\/uploads\/2017\/11\/2017.11-Animaux-NADIAeLA2-200x300.jpg 200w, https:\/\/oi-paris.com\/wordpress\/wp-content\/uploads\/2017\/11\/2017.11-Animaux-NADIAeLA2-768x1152.jpg 768w, https:\/\/oi-paris.com\/wordpress\/wp-content\/uploads\/2017\/11\/2017.11-Animaux-NADIAeLA2-683x1024.jpg 683w, https:\/\/oi-paris.com\/wordpress\/wp-content\/uploads\/2017\/11\/2017.11-Animaux-NADIAeLA2-600x900.jpg 600w\" sizes=\"auto, (max-width: 2549px) 100vw, 2549px\" \/><\/a>\n\t\t\t<\/dt><\/dl><dl class='gallery-item'>\n\t\t\t<dt class='gallery-icon landscape'>\n\t\t\t\t<a href='https:\/\/oi-paris.com\/wordpress\/wp-content\/uploads\/2017\/11\/2017.11-Animaux-NADIAeLA3.jpg' title=\"\" data-rl_title=\"\" class=\"rl-gallery-link\" data-rl_caption=\"\" data-rel=\"lightbox-gallery-1\"><img loading=\"lazy\" decoding=\"async\" width=\"5049\" height=\"3366\" src=\"https:\/\/oi-paris.com\/wordpress\/wp-content\/uploads\/2017\/11\/2017.11-Animaux-NADIAeLA3.jpg\" class=\"attachment-full size-full\" alt=\"\" srcset=\"https:\/\/oi-paris.com\/wordpress\/wp-content\/uploads\/2017\/11\/2017.11-Animaux-NADIAeLA3.jpg 5049w, https:\/\/oi-paris.com\/wordpress\/wp-content\/uploads\/2017\/11\/2017.11-Animaux-NADIAeLA3-300x200.jpg 300w, https:\/\/oi-paris.com\/wordpress\/wp-content\/uploads\/2017\/11\/2017.11-Animaux-NADIAeLA3-768x512.jpg 768w, https:\/\/oi-paris.com\/wordpress\/wp-content\/uploads\/2017\/11\/2017.11-Animaux-NADIAeLA3-1024x683.jpg 1024w, https:\/\/oi-paris.com\/wordpress\/wp-content\/uploads\/2017\/11\/2017.11-Animaux-NADIAeLA3-600x400.jpg 600w\" sizes=\"auto, (max-width: 5049px) 100vw, 5049px\" \/><\/a>\n\t\t\t<\/dt><\/dl><br style=\"clear: both\" \/><dl class='gallery-item'>\n\t\t\t<dt class='gallery-icon landscape'>\n\t\t\t\t<a href='https:\/\/oi-paris.com\/wordpress\/wp-content\/uploads\/2017\/11\/2017.11-Animaux-NADIAeLA4.jpg' title=\"\" data-rl_title=\"\" class=\"rl-gallery-link\" data-rl_caption=\"\" data-rel=\"lightbox-gallery-1\"><img loading=\"lazy\" decoding=\"async\" width=\"3958\" height=\"2639\" src=\"https:\/\/oi-paris.com\/wordpress\/wp-content\/uploads\/2017\/11\/2017.11-Animaux-NADIAeLA4.jpg\" class=\"attachment-full size-full\" alt=\"\" srcset=\"https:\/\/oi-paris.com\/wordpress\/wp-content\/uploads\/2017\/11\/2017.11-Animaux-NADIAeLA4.jpg 3958w, https:\/\/oi-paris.com\/wordpress\/wp-content\/uploads\/2017\/11\/2017.11-Animaux-NADIAeLA4-300x200.jpg 300w, https:\/\/oi-paris.com\/wordpress\/wp-content\/uploads\/2017\/11\/2017.11-Animaux-NADIAeLA4-768x512.jpg 768w, https:\/\/oi-paris.com\/wordpress\/wp-content\/uploads\/2017\/11\/2017.11-Animaux-NADIAeLA4-1024x683.jpg 1024w, https:\/\/oi-paris.com\/wordpress\/wp-content\/uploads\/2017\/11\/2017.11-Animaux-NADIAeLA4-600x400.jpg 600w\" sizes=\"auto, (max-width: 3958px) 100vw, 3958px\" \/><\/a>\n\t\t\t<\/dt><\/dl><dl class='gallery-item'>\n\t\t\t<dt class='gallery-icon landscape'>\n\t\t\t\t<a href='https:\/\/oi-paris.com\/wordpress\/wp-content\/uploads\/2017\/11\/2017.11-Animaux-NADIAeLA5.jpg' title=\"\" data-rl_title=\"\" class=\"rl-gallery-link\" data-rl_caption=\"\" data-rel=\"lightbox-gallery-1\"><img loading=\"lazy\" decoding=\"async\" width=\"2063\" height=\"2063\" src=\"https:\/\/oi-paris.com\/wordpress\/wp-content\/uploads\/2017\/11\/2017.11-Animaux-NADIAeLA5.jpg\" class=\"attachment-full size-full\" alt=\"\" srcset=\"https:\/\/oi-paris.com\/wordpress\/wp-content\/uploads\/2017\/11\/2017.11-Animaux-NADIAeLA5.jpg 2063w, https:\/\/oi-paris.com\/wordpress\/wp-content\/uploads\/2017\/11\/2017.11-Animaux-NADIAeLA5-150x150.jpg 150w, https:\/\/oi-paris.com\/wordpress\/wp-content\/uploads\/2017\/11\/2017.11-Animaux-NADIAeLA5-300x300.jpg 300w, https:\/\/oi-paris.com\/wordpress\/wp-content\/uploads\/2017\/11\/2017.11-Animaux-NADIAeLA5-768x768.jpg 768w, https:\/\/oi-paris.com\/wordpress\/wp-content\/uploads\/2017\/11\/2017.11-Animaux-NADIAeLA5-1024x1024.jpg 1024w, https:\/\/oi-paris.com\/wordpress\/wp-content\/uploads\/2017\/11\/2017.11-Animaux-NADIAeLA5-600x600.jpg 600w, https:\/\/oi-paris.com\/wordpress\/wp-content\/uploads\/2017\/11\/2017.11-Animaux-NADIAeLA5-160x160.jpg 160w, https:\/\/oi-paris.com\/wordpress\/wp-content\/uploads\/2017\/11\/2017.11-Animaux-NADIAeLA5-320x320.jpg 320w\" sizes=\"auto, (max-width: 2063px) 100vw, 2063px\" \/><\/a>\n\t\t\t<\/dt><\/dl><dl class='gallery-item'>\n\t\t\t<dt class='gallery-icon landscape'>\n\t\t\t\t<a href='https:\/\/oi-paris.com\/wordpress\/wp-content\/uploads\/2017\/11\/2017.11-Animaux-NADIAeLA6.jpg' title=\"\" data-rl_title=\"\" class=\"rl-gallery-link\" data-rl_caption=\"\" data-rel=\"lightbox-gallery-1\"><img loading=\"lazy\" decoding=\"async\" width=\"2876\" height=\"2876\" src=\"https:\/\/oi-paris.com\/wordpress\/wp-content\/uploads\/2017\/11\/2017.11-Animaux-NADIAeLA6.jpg\" class=\"attachment-full size-full\" alt=\"\" srcset=\"https:\/\/oi-paris.com\/wordpress\/wp-content\/uploads\/2017\/11\/2017.11-Animaux-NADIAeLA6.jpg 2876w, https:\/\/oi-paris.com\/wordpress\/wp-content\/uploads\/2017\/11\/2017.11-Animaux-NADIAeLA6-150x150.jpg 150w, https:\/\/oi-paris.com\/wordpress\/wp-content\/uploads\/2017\/11\/2017.11-Animaux-NADIAeLA6-300x300.jpg 300w, https:\/\/oi-paris.com\/wordpress\/wp-content\/uploads\/2017\/11\/2017.11-Animaux-NADIAeLA6-768x768.jpg 768w, https:\/\/oi-paris.com\/wordpress\/wp-content\/uploads\/2017\/11\/2017.11-Animaux-NADIAeLA6-1024x1024.jpg 1024w, https:\/\/oi-paris.com\/wordpress\/wp-content\/uploads\/2017\/11\/2017.11-Animaux-NADIAeLA6-600x600.jpg 600w, https:\/\/oi-paris.com\/wordpress\/wp-content\/uploads\/2017\/11\/2017.11-Animaux-NADIAeLA6-160x160.jpg 160w, https:\/\/oi-paris.com\/wordpress\/wp-content\/uploads\/2017\/11\/2017.11-Animaux-NADIAeLA6-320x320.jpg 320w\" sizes=\"auto, (max-width: 2876px) 100vw, 2876px\" \/><\/a>\n\t\t\t<\/dt><\/dl><br style=\"clear: both\" \/>\n\t\t<\/div>\n\n<h2><strong>Les expositions et films dont on a parl\u00e9<\/strong><\/h2>\n<p><span style=\"color: #000000;\">Objectif Image&#8230;<\/span><\/p>\n<ul>\n<li><span style=\"color: #000000;\"><a href=\"http:\/\/oi-paris.com\/wordpress\/2017\/11\/06\/itinerances-entre-terres-et-ciels\/\">Kobayashi \u00e0 la Gallery Art. C<\/a> (18 rue Camille Desmoulins, 11\u00e8me) du 17 au 24\/11\/17, vernissage le 16\/11<\/span><\/li>\n<li><span style=\"color: #000000;\"><a href=\"http:\/\/objectif-image.fr\/OI\/2017\/10\/12\/2eeme-salon-national-dauteurs\/\" target=\"_blank\" rel=\"noopener\">Salon National d&#8217;Auteurs et rencontres photos \u00e0 St Nazaire<\/a> du 18 au 26\/11\/17<\/span><\/li>\n<\/ul>\n<p><span style=\"color: #000000;\">&#8230; et les autres !<\/span><\/p>\n<ul>\n<li><span style=\"color: #000000;\"><a href=\"http:\/\/www.photosaintgermain.com\/\" target=\"_blank\" rel=\"noopener\">Photo Saint Germain<\/a>, du 3 au 19\/11\/17<\/span><\/li>\n<li><span style=\"color: #000000;\"><a href=\"http:\/\/www.jeudepaume.org\/?page=article&amp;idArt=2757\" target=\"_blank\" rel=\"noopener\">Albert Renger-Patzsch <\/a>au Jeu de Paume du 17\/10\/17 au 21\/01\/18<\/span><\/li>\n<li><a href=\"http:\/\/www.grandpalais.fr\/fr\/evenement\/irving-penn\" target=\"_blank\" rel=\"noopener\">Irving Penn<\/a> <span style=\"color: #000000;\">au Grand Palais, jusqu&#8217;au 29\/01\/18<\/span><\/li>\n<li><span style=\"color: #000000;\"><a href=\"http:\/\/www.chassenature.org\/sophie-calle-et-son-invitee-serena-carone\/\" target=\"_blank\" rel=\"noopener\">Sophie Calle<\/a> Mus\u00e9e de la Chasse et de la Nature du 10\/10\/17 au 11\/02\/18<\/span><\/li>\n<li><span style=\"color: #000000;\"><a href=\"http:\/\/www.bnf.fr\/fr\/evenements_et_culture\/anx_expositions\/f.paysages_francais.html\" target=\"_blank\" rel=\"noopener\">&#8220;Paysages fran\u00e7ais, une aventure photographique&#8221;<\/a> \u00e0 la BnF du 24\/10\/17 au 4\/02\/18<\/span><\/li>\n<li><span style=\"color: #000000;\"><a href=\"https:\/\/www.fondationcartier.com\/#\/fr\/art-contemporain\/26\/expositions\/2644\/actualites\/2909\/malick-sidibe-mali-twist\/\" target=\"_blank\" rel=\"noopener\">Malick Sidib\u00e9<\/a> \u00e0 la Fondation Cartier du 20\/10\/17 au 25\/02\/18<\/span><\/li>\n<\/ul>\n<h2><span style=\"color: #000000;\"><strong>L&#8217;auberge espagnole<\/strong><\/span><\/h2>\n<p><span style=\"color: #000000;\">2 diaporamas, 3 vid\u00e9os et 69 photos de :<\/span><\/p>\n<ul>\n<li><span style=\"color: #000000;\">Annie\u00a0: 3 photos<\/span><\/li>\n<li><span style=\"color: #000000;\">Theo Putzu : 1 court m\u00e9trage photo<\/span><\/li>\n<li><span style=\"color: #000000;\">St\u00e9phane D : 3 photos + 1 vid\u00e9o<\/span><\/li>\n<li><span style=\"color: #000000;\">Jean-Marie : 3 photos<\/span><\/li>\n<li><span style=\"color: #000000;\">Michel : 3 photos<\/span><\/li>\n<li><span style=\"color: #000000;\">Jean-Claude :\u00a03 photos<\/span><\/li>\n<li><span style=\"color: #000000;\">Christelle :\u00a03 photos<\/span><\/li>\n<li><span style=\"color: #000000;\">Philippe DG : 1 vid\u00e9o<\/span><\/li>\n<li><span style=\"color: #000000;\">Eric :\u00a03 photos<\/span><\/li>\n<li><span style=\"color: #000000;\">Eric L :\u00a03 photos<\/span><\/li>\n<li><span style=\"color: #000000;\">St\u00e9phane E :\u00a03 photos<\/span><\/li>\n<li><span style=\"color: #000000;\">Fabien :\u00a03 photos<\/span><\/li>\n<li><span style=\"color: #000000;\">\u00e9quipe vid\u00e9o : 1 vid\u00e9o (reportage sur le forum des associations du 13\u00e8me)<\/span><\/li>\n<li><span style=\"color: #000000;\">H\u00e9l\u00e8ne : 3 photos<\/span><\/li>\n<li><span style=\"color: #000000;\">Yann : 1 diaporama<\/span><\/li>\n<li><span style=\"color: #000000;\">Laure :\u00a03 photos<\/span><\/li>\n<li><span style=\"color: #000000;\">Marco :\u00a03 photos<\/span><\/li>\n<li><span style=\"color: #000000;\">Marie-Fran\u00e7oise :\u00a03 photos<\/span><\/li>\n<li><span style=\"color: #000000;\">Mustapha :\u00a03 photos<\/span><\/li>\n<li><span style=\"color: #000000;\">Nadia :\u00a03 photos<\/span><\/li>\n<li><span style=\"color: #000000;\">Nadir :\u00a03 photos<\/span><\/li>\n<li><span style=\"color: #000000;\">Nicolas :\u00a03 photos<\/span><\/li>\n<li><span style=\"color: #000000;\">Patrice :\u00a03 photos<\/span><\/li>\n<li><span style=\"color: #000000;\">Fatma :\u00a03 photos<\/span><\/li>\n<li><span style=\"color: #000000;\">Pierre-Emmanuel :\u00a03 photos<\/span><\/li>\n<li><span style=\"color: #000000;\">Pierre-Marie :\u00a03 photos<\/span><\/li>\n<li><span style=\"color: #000000;\">Yannick : 3 photos<\/span><\/li>\n<\/ul>\n<p><span style=\"color: #000000;\">C&#8217;est la photo de <strong>Michel<\/strong>\u00a0qui a\u00a0\u00e9t\u00e9 choisie.<\/span><\/p>\n<p><a href=\"http:\/\/oi-paris.com\/wordpress\/wp-content\/uploads\/2017\/11\/bn.jpg\" data-rel=\"lightbox-image-34\" data-rl_title=\"\" data-rl_caption=\"\" title=\"\"><img loading=\"lazy\" decoding=\"async\" class=\"alignnone wp-image-6799\" src=\"http:\/\/oi-paris.com\/wordpress\/wp-content\/uploads\/2017\/11\/bn-200x300.jpg\" alt=\"\" width=\"400\" height=\"600\" srcset=\"https:\/\/oi-paris.com\/wordpress\/wp-content\/uploads\/2017\/11\/bn-200x300.jpg 200w, https:\/\/oi-paris.com\/wordpress\/wp-content\/uploads\/2017\/11\/bn-683x1024.jpg 683w, https:\/\/oi-paris.com\/wordpress\/wp-content\/uploads\/2017\/11\/bn-600x900.jpg 600w, https:\/\/oi-paris.com\/wordpress\/wp-content\/uploads\/2017\/11\/bn.jpg 720w\" sizes=\"auto, (max-width: 400px) 100vw, 400px\" \/><\/a><\/p>\n<p><span style=\"color: #000000;\"><strong>Rappel des r\u00e8gles<\/strong> \u00e0 respecter pour pr\u00e9senter sa production lors du Mardi d&#8217;OI :<\/span><\/p>\n<ul>\n<li><span style=\"color: #000000;\">Les photos (<strong>3 au maximum<\/strong>) sont \u00e0 envoyer au format <strong>jpeg<\/strong>, aux dimensions maximum de <strong>1920 x 1080 pixels<\/strong>, et doivent \u00eatre <strong>nomm\u00e9es avec le nom de l\u2019auteur<\/strong> suivi du num\u00e9ro dans lequel elles doivent \u00eatre projet\u00e9es (exemple : Bertheau-Juliette-1.jpg)<\/span><\/li>\n<li><span style=\"color: #000000;\">Les diaporamas sont \u00e0 envoyer au format exe, mpeg, mp4 ou wmv.<\/span><\/li>\n<li><span style=\"color: #000000;\">Les vid\u00e9os sont \u00e0 envoyer au format mpeg, mp4 ou wmv.<\/span><\/li>\n<li><span style=\"color: #000000;\">Tous les fichiers doivent \u00eatre d\u00e9pos\u00e9s sur le serveur du club la veille au soir (<\/span><strong><span style=\"color: #000000;\">acc\u00e8s sur demande aupr\u00e8s de<\/span> <a href=\"mailto:stephane@derny.com\">St\u00e9phane<\/a><\/strong><span style=\"color: #000000;\">) ou apport\u00e9s sur cl\u00e9 usb le jour m\u00eame, mais \u00e0 19h au plus tard.<\/span><\/li>\n<\/ul>\n<p><span style=\"color: #000000;\"><strong>Rendez-vous le 5 d\u00e9cembre pour le prochain mardi d\u2019OI !<\/strong><\/span><\/p>\n<p><a href=\"http:\/\/oi-paris.com\/wordpress\/wp-content\/uploads\/2017\/09\/Facebook-Logo-copie.jpg\" data-rel=\"lightbox-image-35\" data-rl_title=\"\" data-rl_caption=\"\" title=\"\"><img loading=\"lazy\" decoding=\"async\" class=\"alignnone size-medium wp-image-6374\" src=\"http:\/\/oi-paris.com\/wordpress\/wp-content\/uploads\/2017\/09\/Facebook-Logo-copie-300x142.jpg\" alt=\"\" width=\"300\" height=\"142\" srcset=\"https:\/\/oi-paris.com\/wordpress\/wp-content\/uploads\/2017\/09\/Facebook-Logo-copie-300x142.jpg 300w, https:\/\/oi-paris.com\/wordpress\/wp-content\/uploads\/2017\/09\/Facebook-Logo-copie-768x362.jpg 768w, https:\/\/oi-paris.com\/wordpress\/wp-content\/uploads\/2017\/09\/Facebook-Logo-copie-1024x483.jpg 1024w, https:\/\/oi-paris.com\/wordpress\/wp-content\/uploads\/2017\/09\/Facebook-Logo-copie-600x283.jpg 600w, https:\/\/oi-paris.com\/wordpress\/wp-content\/uploads\/2017\/09\/Facebook-Logo-copie-520x245.jpg 520w, https:\/\/oi-paris.com\/wordpress\/wp-content\/uploads\/2017\/09\/Facebook-Logo-copie-720x340.jpg 720w, https:\/\/oi-paris.com\/wordpress\/wp-content\/uploads\/2017\/09\/Facebook-Logo-copie.jpg 1280w\" sizes=\"auto, (max-width: 300px) 100vw, 300px\" \/><\/a><\/p>\n<h5><span id=\"cch_f26ceb56023d374\" class=\"_mh6 _wsc\"><span class=\"_3oh- _58nk\"><span style=\"color: #000000;\">D&#8217;ici l\u00e0, n&#8217;h\u00e9sitez pas \u00e0 liker la<\/span> <a href=\"https:\/\/www.facebook.com\/ObjectifImageParis\/\">page<\/a> <span style=\"color: #000000;\">et \u00e0 rejoindre les autres membres sur le<\/span> <a href=\"https:\/\/www.facebook.com\/groups\/groupeOIP\/\">groupe<\/a> <span style=\"color: #000000;\">Facebook !<\/span><\/span><\/span><\/h5>\n","protected":false},"excerpt":{"rendered":"<p>Nous \u00e9tions 42 \u00e0 participer \u00e0 cette\u00a0r\u00e9union. En bref, ce qu&#8217;il s&#8217;est pass\u00e9 :<\/p>\n","protected":false},"author":2,"featured_media":6752,"comment_status":"closed","ping_status":"closed","sticky":false,"template":"","format":"standard","meta":{"_acf_changed":false,"_oasis_is_in_workflow":0,"_oasis_original":0,"_uag_custom_page_level_css":"","footnotes":""},"categories":[8],"tags":[],"class_list":["post-6704","post","type-post","status-publish","format-standard","has-post-thumbnail","hentry","category-mardi-doi"],"acf":[],"uagb_featured_image_src":{"full":["https:\/\/oi-paris.com\/wordpress\/wp-content\/uploads\/2017\/11\/2017-11-mardidoi.jpg",980,463,false],"thumbnail":["https:\/\/oi-paris.com\/wordpress\/wp-content\/uploads\/2017\/11\/2017-11-mardidoi-150x150.jpg",150,150,true],"medium":["https:\/\/oi-paris.com\/wordpress\/wp-content\/uploads\/2017\/11\/2017-11-mardidoi-300x142.jpg",300,142,true],"medium_large":["https:\/\/oi-paris.com\/wordpress\/wp-content\/uploads\/2017\/11\/2017-11-mardidoi-768x363.jpg",768,363,true],"large":["https:\/\/oi-paris.com\/wordpress\/wp-content\/uploads\/2017\/11\/2017-11-mardidoi.jpg",980,463,false],"1536x1536":["https:\/\/oi-paris.com\/wordpress\/wp-content\/uploads\/2017\/11\/2017-11-mardidoi.jpg",980,463,false],"2048x2048":["https:\/\/oi-paris.com\/wordpress\/wp-content\/uploads\/2017\/11\/2017-11-mardidoi.jpg",980,463,false],"thumb-small":["https:\/\/oi-paris.com\/wordpress\/wp-content\/uploads\/2017\/11\/2017-11-mardidoi-160x160.jpg",80,80,true],"thumb-standard":["https:\/\/oi-paris.com\/wordpress\/wp-content\/uploads\/2017\/11\/2017-11-mardidoi-320x320.jpg",320,320,true],"thumb-medium":["https:\/\/oi-paris.com\/wordpress\/wp-content\/uploads\/2017\/11\/2017-11-mardidoi-520x245.jpg",520,245,true],"thumb-large":["https:\/\/oi-paris.com\/wordpress\/wp-content\/uploads\/2017\/11\/2017-11-mardidoi-720x340.jpg",720,340,true],"thumb-xlarge":["https:\/\/oi-paris.com\/wordpress\/wp-content\/uploads\/2017\/11\/2017-11-mardidoi-980x450.jpg",980,450,true],"thumb-xxlarge":["https:\/\/oi-paris.com\/wordpress\/wp-content\/uploads\/2017\/11\/2017-11-mardidoi-1320x500.jpg",1320,500,true],"mailpoet_newsletter_max":["https:\/\/oi-paris.com\/wordpress\/wp-content\/uploads\/2017\/11\/2017-11-mardidoi.jpg",980,463,false]},"uagb_author_info":{"display_name":"Rozenn D","author_link":"https:\/\/oi-paris.com\/wordpress\/author\/rozenn\/"},"uagb_comment_info":0,"uagb_excerpt":"Nous \u00e9tions 42 \u00e0 participer \u00e0 cette\u00a0r\u00e9union. En bref, ce qu&#8217;il s&#8217;est pass\u00e9 :","_links":{"self":[{"href":"https:\/\/oi-paris.com\/wordpress\/wp-json\/wp\/v2\/posts\/6704","targetHints":{"allow":["GET"]}}],"collection":[{"href":"https:\/\/oi-paris.com\/wordpress\/wp-json\/wp\/v2\/posts"}],"about":[{"href":"https:\/\/oi-paris.com\/wordpress\/wp-json\/wp\/v2\/types\/post"}],"author":[{"embeddable":true,"href":"https:\/\/oi-paris.com\/wordpress\/wp-json\/wp\/v2\/users\/2"}],"replies":[{"embeddable":true,"href":"https:\/\/oi-paris.com\/wordpress\/wp-json\/wp\/v2\/comments?post=6704"}],"version-history":[{"count":5,"href":"https:\/\/oi-paris.com\/wordpress\/wp-json\/wp\/v2\/posts\/6704\/revisions"}],"predecessor-version":[{"id":6804,"href":"https:\/\/oi-paris.com\/wordpress\/wp-json\/wp\/v2\/posts\/6704\/revisions\/6804"}],"wp:featuredmedia":[{"embeddable":true,"href":"https:\/\/oi-paris.com\/wordpress\/wp-json\/wp\/v2\/media\/6752"}],"wp:attachment":[{"href":"https:\/\/oi-paris.com\/wordpress\/wp-json\/wp\/v2\/media?parent=6704"}],"wp:term":[{"taxonomy":"category","embeddable":true,"href":"https:\/\/oi-paris.com\/wordpress\/wp-json\/wp\/v2\/categories?post=6704"},{"taxonomy":"post_tag","embeddable":true,"href":"https:\/\/oi-paris.com\/wordpress\/wp-json\/wp\/v2\/tags?post=6704"}],"curies":[{"name":"wp","href":"https:\/\/api.w.org\/{rel}","templated":true}]}}