{"id":6823,"date":"2017-11-21T15:34:00","date_gmt":"2017-11-21T13:34:00","guid":{"rendered":"http:\/\/oi-paris.com\/wordpress\/?p=6823"},"modified":"2017-11-22T07:30:53","modified_gmt":"2017-11-22T05:30:53","slug":"a-propos-de-la-note-dintention","status":"publish","type":"post","link":"https:\/\/oi-paris.com\/wordpress\/2017\/11\/21\/a-propos-de-la-note-dintention\/","title":{"rendered":"La note d&#8217;intention ? Qu&#8217;est-ce ?"},"content":{"rendered":"<p><span style=\"color: #000000;\">Il est courant au cours des soir\u00e9es de travail sur les projets photographiques de chacun d&#8217;entendre les membres dire qu&#8217;ils n&#8217;arrivent pas \u00e0 se concentrer sur un projet ou un but lors de sorties photo. La note d&#8217;intention est un support qui permet \u00e0 chacun de se concentrer sur un projet et d&#8217;\u00e9viter de se disperser.\u00a0 La note d&#8217;intention peut \u00e9voluer dans le temps en fonction des contraintes.<\/span><\/p>\n<p><span style=\"color: #000000;\"><strong>Qu&#8217;est ce qu&#8217;une note d&#8217;intention ?<\/strong><\/span><\/p>\n<p><span style=\"color: #000000;\">Une note d&#8217;intention doit transmettre \u00e0 celui qui la lit vos intentions !<\/span><br \/>\n<span style=\"color: #000000;\">(Dans le m\u00e9tier cin\u00e9matographique, c\u2019est un texte court qui doit convaincre producteur, jury et\u00a0<\/span><span style=\"color: #000000;\">partenaires, de l\u2019int\u00e9r\u00eat d\u2019un projet.) L&#8217;id\u00e9e g\u00e9n\u00e9rale est de donner \u00e0 votre lecteur les moyens de se\u00a0<\/span><span style=\"color: #000000;\">projeter dans vos images futures. Il semble n\u00e9cessaire d\u2019en avoir, de votre c\u00f4t\u00e9, une id\u00e9e suffisamment\u00a0<\/span><span style=\"color: #000000;\">pr\u00e9cise pour pouvoir la communiquer. Elle permet aussi de se recentrer sur un projet et de permettre \u00e0 un tiers de le comprendre.<\/span><\/p>\n<p><span style=\"color: #000000;\"><strong>Pourquoi une note d&#8217;intention ?<\/strong><\/span><\/p>\n<p><span style=\"color: #000000;\">C\u2019est un exercice qui peut para\u00eetre artificiel (il l\u2019est selon certains points de vue) mais n\u00e9cessaire afin de pouvoir partager un projet d\u2019images, de le travailler \u00e0 plusieurs et de le voir \u00e9voluer dans le temps qui lui est\u00a0<\/span><span style=\"color: #000000;\">imparti. Une note d&#8217;intention part d\u2019un projet qui n\u2019est pas (forc\u00e9ment) fig\u00e9, d\u00e9finitif, clos. Cela d\u00e9pend de\u00a0<\/span><span style=\"color: #000000;\">chacun, c\u2019est-\u00e0-dire de vous, mais aussi parfois des autres ou de contingences ext\u00e9rieures.<\/span><\/p>\n<p><span style=\"color: #000000;\"><strong>Que doit contenir une note d&#8217;intention ?<\/strong><\/span><\/p>\n<p><span style=\"color: #000000;\">Une note d&#8217;intention doit exprimer une intention (plus ou moins originale et sp\u00e9cifique) d\u2019une r\u00e9alisation\u00a0<\/span><span style=\"color: #000000;\">aboutie. Vous devez pr\u00e9voir (voir avant) vos images pour les donner \u00e0 voir avant qu\u2019elles n\u2019existent.\u00a0<\/span><span style=\"color: #000000;\">Une note d&#8217;intention doit proposer des solutions esth\u00e9tiques, formelles et techniques, plus ou moins\u00a0<\/span><span style=\"color: #000000;\">inventives et coh\u00e9rentes avec le projet et les intentions de r\u00e9alisation, entre le pourquoi et le comment.\u00a0<\/span><span style=\"color: #000000;\">Point de vue et parti-pris sont ici recommand\u00e9s.<\/span><\/p>\n<p><span style=\"color: #000000;\"><strong>Comment r\u00e9diger une note d&#8217;intention ?<\/strong><\/span><\/p>\n<p><span style=\"color: #000000;\">La note d\u2019intention doit \u00eatre personnelle et sinc\u00e8re. Elle peut laisser filtrer votre sensibilit\u00e9, vos go\u00fbts,\u00a0<\/span><span style=\"color: #000000;\">vos opinions. Elle doit \u00eatre dynamique, claire et pr\u00e9cise, ne pas se perdre dans des r\u00e9flexions inutiles ou\u00a0<\/span><span style=\"color: #000000;\">mal \u00e0 propos. La maitrise de notions et du vocabulaire sp\u00e9cifiques \u00e0 la photographie et \u00e0 ses techniques\u00a0<\/span><span style=\"color: #000000;\">semblent aller de soi.<\/span><\/p>\n<p><span style=\"color: #000000;\"><strong>Que doit contenir une note d&#8217;intention ?<\/strong><\/span><\/p>\n<p><span style=\"color: #000000;\">En fonction des connaissances, une note d&#8217;intention doit prendre en compte, \u00e0 bon escient, les\u00a0<\/span><span style=\"color: #000000;\">r\u00e9f\u00e9rences culturelles photographiques et extraphotographiques pertinentes li\u00e9es au projet. Ces\u00a0<\/span><span style=\"color: #000000;\">r\u00e9f\u00e9rences seront accompagn\u00e9es de reproductions iconographiques. Des aides visuelles comme croquis, dessins plus ou moins \u00e9labor\u00e9s, montages r\u00e9alis\u00e9s \u00e0 partir d\u2019images trouv\u00e9es\/vol\u00e9es, rep\u00e9rages photographiques, etc&#8230;, sont des compl\u00e9ments indispensables surtout pour celles ou ceux qui ont des difficult\u00e9s avec l\u2019expression \u00e9crite. Une note d&#8217;intention n\u2019est pas de la litt\u00e9rature. Un niveau de langue correct\u00a0 et une pr\u00e9sentation claire organis\u00e9e en paragraphes sont suffisant le plus souvent.<\/span><\/p>\n<p><span style=\"color: #000000;\">Ce que la note d\u2019intention doit \u00e9viter :<\/span><br \/>\n<span style=\"color: #000000;\">&#8211; un cours de photographie, d\u2019histoire de l\u2019art, etc.<\/span><br \/>\n<span style=\"color: #000000;\">&#8211; d\u2019\u00eatre une d\u00e9monstration visant \u00e0 prouver que vous savez de quoi vous parlez.<\/span><br \/>\n<span style=\"color: #000000;\">&#8211; les g\u00e9n\u00e9ralit\u00e9s, le discours trop pompeux. Rester simple, sinc\u00e8re et en accord avec vous m\u00eame et\u00a0<\/span><span style=\"color: #000000;\">avec votre projet.<\/span><br \/>\n<span style=\"color: #000000;\">&#8211; l\u2019exploration de th\u00e8mes qui ne seront pas trait\u00e9s dans votre projet.<\/span><\/p>\n<p><span style=\"color: #000000;\"><strong>Pratiquement, qu&#8217;est ce qu&#8217;une note d&#8217;intention ?<\/strong><\/span><\/p>\n<p><span style=\"color: #000000;\">Quelle est la dur\u00e9e du projet ?<\/span><\/p>\n<p><span style=\"color: #000000;\">Quel est le lieu ?<\/span><\/p>\n<p><span style=\"color: #000000;\">Combien d&#8217;images contient le projet ?<\/span><\/p>\n<p><span style=\"color: #000000;\">Quel est le sujet ? (\u00e0 compl\u00e9ter avec la recherche)<\/span><\/p>\n<p><span style=\"color: #000000;\">Quel est le moyen de restitution ? ( \u00e9cran, site, tirage papier, livre, etc &#8230;)<\/span><\/p>\n<p><span style=\"color: #000000;\">Quel est le cadrage?<\/span><\/p>\n<p><span style=\"color: #000000;\">Quelle est la focale?<\/span><\/p>\n<p><span style=\"color: #000000;\">&#8230;<\/span><\/p>\n<p><span style=\"color: #000000;\">Il n&#8217;est pas n\u00e9cessaire de r\u00e9pondre \u00e0 toutes les questions mais un cadre permet d&#8217;avancer sereinement sur un projet et de structurer des \u00e9l\u00e9ments au cours de celui-ci.<\/span><\/p>\n","protected":false},"excerpt":{"rendered":"<p>Il est courant au cours des soir\u00e9es de travail sur les projets photographiques de chacun d&#8217;entendre les membres dire qu&#8217;ils n&#8217;arrivent pas \u00e0 se concentrer sur un projet ou un but lors de sorties&#46;&#46;&#46;<\/p>\n","protected":false},"author":1,"featured_media":6824,"comment_status":"closed","ping_status":"closed","sticky":false,"template":"","format":"standard","meta":{"_acf_changed":false,"_oasis_is_in_workflow":0,"_oasis_original":0,"_uag_custom_page_level_css":"","footnotes":""},"categories":[9,11],"tags":[],"class_list":["post-6823","post","type-post","status-publish","format-standard","has-post-thumbnail","hentry","category-photo","category-trucs-et-astuces"],"acf":[],"uagb_featured_image_src":{"full":["https:\/\/oi-paris.com\/wordpress\/wp-content\/uploads\/2017\/11\/Capture-d\u2019\u00e9cran-2013-05-20-\u00e0-15.03.08.png",795,479,false],"thumbnail":["https:\/\/oi-paris.com\/wordpress\/wp-content\/uploads\/2017\/11\/Capture-d\u2019\u00e9cran-2013-05-20-\u00e0-15.03.08-150x150.png",150,150,true],"medium":["https:\/\/oi-paris.com\/wordpress\/wp-content\/uploads\/2017\/11\/Capture-d\u2019\u00e9cran-2013-05-20-\u00e0-15.03.08-300x181.png",300,181,true],"medium_large":["https:\/\/oi-paris.com\/wordpress\/wp-content\/uploads\/2017\/11\/Capture-d\u2019\u00e9cran-2013-05-20-\u00e0-15.03.08-768x463.png",768,463,true],"large":["https:\/\/oi-paris.com\/wordpress\/wp-content\/uploads\/2017\/11\/Capture-d\u2019\u00e9cran-2013-05-20-\u00e0-15.03.08.png",795,479,false],"1536x1536":["https:\/\/oi-paris.com\/wordpress\/wp-content\/uploads\/2017\/11\/Capture-d\u2019\u00e9cran-2013-05-20-\u00e0-15.03.08.png",795,479,false],"2048x2048":["https:\/\/oi-paris.com\/wordpress\/wp-content\/uploads\/2017\/11\/Capture-d\u2019\u00e9cran-2013-05-20-\u00e0-15.03.08.png",795,479,false],"thumb-small":["https:\/\/oi-paris.com\/wordpress\/wp-content\/uploads\/2017\/11\/Capture-d\u2019\u00e9cran-2013-05-20-\u00e0-15.03.08-160x160.png",80,80,true],"thumb-standard":["https:\/\/oi-paris.com\/wordpress\/wp-content\/uploads\/2017\/11\/Capture-d\u2019\u00e9cran-2013-05-20-\u00e0-15.03.08-320x320.png",320,320,true],"thumb-medium":["https:\/\/oi-paris.com\/wordpress\/wp-content\/uploads\/2017\/11\/Capture-d\u2019\u00e9cran-2013-05-20-\u00e0-15.03.08-520x245.png",520,245,true],"thumb-large":["https:\/\/oi-paris.com\/wordpress\/wp-content\/uploads\/2017\/11\/Capture-d\u2019\u00e9cran-2013-05-20-\u00e0-15.03.08-720x340.png",720,340,true],"thumb-xlarge":["https:\/\/oi-paris.com\/wordpress\/wp-content\/uploads\/2017\/11\/Capture-d\u2019\u00e9cran-2013-05-20-\u00e0-15.03.08-980x450.png",980,450,true],"thumb-xxlarge":["https:\/\/oi-paris.com\/wordpress\/wp-content\/uploads\/2017\/11\/Capture-d\u2019\u00e9cran-2013-05-20-\u00e0-15.03.08-1320x500.png",1320,500,true],"mailpoet_newsletter_max":["https:\/\/oi-paris.com\/wordpress\/wp-content\/uploads\/2017\/11\/Capture-d\u2019\u00e9cran-2013-05-20-\u00e0-15.03.08.png",795,479,false]},"uagb_author_info":{"display_name":"stephane D","author_link":"https:\/\/oi-paris.com\/wordpress\/author\/stephane\/"},"uagb_comment_info":0,"uagb_excerpt":"Il est courant au cours des soir\u00e9es de travail sur les projets photographiques de chacun d&#8217;entendre les membres dire qu&#8217;ils n&#8217;arrivent pas \u00e0 se concentrer sur un projet ou un but lors de sorties&#46;&#46;&#46;","_links":{"self":[{"href":"https:\/\/oi-paris.com\/wordpress\/wp-json\/wp\/v2\/posts\/6823","targetHints":{"allow":["GET"]}}],"collection":[{"href":"https:\/\/oi-paris.com\/wordpress\/wp-json\/wp\/v2\/posts"}],"about":[{"href":"https:\/\/oi-paris.com\/wordpress\/wp-json\/wp\/v2\/types\/post"}],"author":[{"embeddable":true,"href":"https:\/\/oi-paris.com\/wordpress\/wp-json\/wp\/v2\/users\/1"}],"replies":[{"embeddable":true,"href":"https:\/\/oi-paris.com\/wordpress\/wp-json\/wp\/v2\/comments?post=6823"}],"version-history":[{"count":5,"href":"https:\/\/oi-paris.com\/wordpress\/wp-json\/wp\/v2\/posts\/6823\/revisions"}],"predecessor-version":[{"id":6833,"href":"https:\/\/oi-paris.com\/wordpress\/wp-json\/wp\/v2\/posts\/6823\/revisions\/6833"}],"wp:featuredmedia":[{"embeddable":true,"href":"https:\/\/oi-paris.com\/wordpress\/wp-json\/wp\/v2\/media\/6824"}],"wp:attachment":[{"href":"https:\/\/oi-paris.com\/wordpress\/wp-json\/wp\/v2\/media?parent=6823"}],"wp:term":[{"taxonomy":"category","embeddable":true,"href":"https:\/\/oi-paris.com\/wordpress\/wp-json\/wp\/v2\/categories?post=6823"},{"taxonomy":"post_tag","embeddable":true,"href":"https:\/\/oi-paris.com\/wordpress\/wp-json\/wp\/v2\/tags?post=6823"}],"curies":[{"name":"wp","href":"https:\/\/api.w.org\/{rel}","templated":true}]}}