{"id":6946,"date":"2017-12-07T14:18:00","date_gmt":"2017-12-07T12:18:00","guid":{"rendered":"http:\/\/oi-paris.com\/wordpress\/?p=6946"},"modified":"2017-12-07T17:34:39","modified_gmt":"2017-12-07T15:34:39","slug":"mardi-technique-12-decembre-2017","status":"publish","type":"post","link":"https:\/\/oi-paris.com\/wordpress\/2017\/12\/07\/mardi-technique-12-decembre-2017\/","title":{"rendered":"Mardi Technique 12 D\u00e9cembre 2017"},"content":{"rendered":"<h3><a href=\"http:\/\/oi-paris.com\/wordpress\/wp-content\/uploads\/2015\/08\/Photo-carre.jpg\" data-rel=\"lightbox-image-0\" data-rl_title=\"\" data-rl_caption=\"\" title=\"\"><img loading=\"lazy\" decoding=\"async\" class=\"alignnone wp-image-1415 size-thumbnail\" src=\"http:\/\/oi-paris.com\/wordpress\/wp-content\/uploads\/2015\/08\/Photo-carre-150x150.jpg\" alt=\"Photo-carre\" width=\"150\" height=\"150\" srcset=\"https:\/\/oi-paris.com\/wordpress\/wp-content\/uploads\/2015\/08\/Photo-carre-150x150.jpg 150w, https:\/\/oi-paris.com\/wordpress\/wp-content\/uploads\/2015\/08\/Photo-carre-300x300.jpg 300w, https:\/\/oi-paris.com\/wordpress\/wp-content\/uploads\/2015\/08\/Photo-carre-160x160.jpg 160w, https:\/\/oi-paris.com\/wordpress\/wp-content\/uploads\/2015\/08\/Photo-carre-320x320.jpg 320w, https:\/\/oi-paris.com\/wordpress\/wp-content\/uploads\/2015\/08\/Photo-carre.jpg 463w\" sizes=\"auto, (max-width: 150px) 100vw, 150px\" \/><\/a><\/h3>\n<h3><span style=\"color: #000000;\"><strong>La question technique<\/strong><\/span><\/h3>\n<p><span style=\"color: #000000;\">Envoyez votre question technique \u00e0<\/span>\u00a0<a href=\"mailto:pebeauchaud@free.fr\">Pierre-Emmanuel<\/a><\/p>\n<h3><span style=\"color: #000000;\"><strong>Pr\u00e9paration au Salon individuel<\/strong><\/span><\/h3>\n<p><span style=\"color: #000000;\">Le salon individuel s&#8217;adresse \u00e0 tous les adh\u00e9rents. Il y a deux sections :<\/span><\/p>\n<ul>\n<li><span style=\"color: #000000;\">Monochrome<\/span><\/li>\n<li><span style=\"color: #000000;\">Couleur<\/span><\/li>\n<\/ul>\n<p><span style=\"color: #000000;\">Il n&#8217;y a pas de th\u00e8me impos\u00e9. Ce salon permet de pr\u00e9senter 1 \u00e0 3 photos couleurs et 1 \u00e0 3 photos monochromes.<\/span><\/p>\n<p><span style=\"color: #000000;\">Les auteurs voulant participer au salon individuel peuvent pr\u00e9senter 5 \u00e0 6 photos couleurs et 5 \u00e0 6 photos monochrome en jpg.<\/span><\/p>\n<h3><span style=\"color: #000000;\"><strong>Pr\u00e9paration de l&#8217;exposition &#8220;panorama&#8221;<\/strong><\/span><\/h3>\n<p><span style=\"color: #000000;\">Les auteurs peuvent pr\u00e9senter des photos pour pr\u00e9parer l&#8217;exposition. Pour rappel, les photos doivent avoir un ratio sup\u00e9rieur \u00e0 1:3. Elles peuvent \u00eatre verticales ou horizontales. Il n&#8217;y a pas de th\u00e8me mais uniquement cette contrainte.<\/span><\/p>\n<p><span style=\"color: #000000;\">Nous approchons de la s\u00e9lection finale, pouvez vous venir avec 1 ou 2 photos en pleine d\u00e9finition ou d\u00e9finition maximale.<\/span><\/p>\n<h3><span style=\"color: #000000;\"><strong>Pr\u00e9paration de l&#8217;exposition &#8220;autoportrait&#8221;<\/strong><\/span><\/h3>\n<p><span style=\"color: #000000;\"><span style=\"color: #000000;\">Dans le cadre de la collaboration avec les autres associations du groupe une exposition sur le th\u00e8me\u00a0de l&#8217;autoportrait aura lieu en mars 2019 avec la soci\u00e9t\u00e9 artistique. Pour pr\u00e9parer cette exposition vous pouvez apporter une ou deux photos sur ce th\u00e8me.\u00a0<\/span><\/span><\/p>\n<h3><span style=\"color: #000000;\"><strong>C&#8217;est o\u00f9 ?<\/strong><\/span><\/h3>\n<p><span style=\"color: #000000;\"><strong>Maison des associations 8 rue Brillat-Savarin 75013 Paris. (Salle RC1)<\/strong><\/span><\/p>\n<h3><span style=\"color: #000000;\"><strong>C&#8217;est quand ?<\/strong><\/span><\/h3>\n<p><span style=\"color: #000000;\">Mardi 12 D\u00e9cembre \u00e0 partir de 19h30<\/span><\/p>\n<h3><span style=\"color: #000000;\"><strong>Contacts<\/strong><\/span><\/h3>\n<p><a href=\"mailto:genevoisb94@gmail.com\">Bernard<\/a>\u00a0<span style=\"color: #000000;\">ou<\/span>\u00a0<a href=\"mailto:pebeauchaud@free.fr\">Pierre-Emmanuel<\/a><\/p>\n","protected":false},"excerpt":{"rendered":"<p>La question technique Envoyez votre question technique \u00e0\u00a0Pierre-Emmanuel Pr\u00e9paration au Salon individuel Le salon individuel s&#8217;adresse \u00e0 tous les adh\u00e9rents. Il y a deux sections : Monochrome Couleur Il n&#8217;y a pas de th\u00e8me&#46;&#46;&#46;<\/p>\n","protected":false},"author":1,"featured_media":6947,"comment_status":"closed","ping_status":"closed","sticky":false,"template":"","format":"standard","meta":{"_acf_changed":false,"_oasis_is_in_workflow":0,"_oasis_original":0,"_uag_custom_page_level_css":"","footnotes":""},"categories":[4,9],"tags":[],"class_list":["post-6946","post","type-post","status-publish","format-standard","has-post-thumbnail","hentry","category-concours","category-photo"],"acf":[],"uagb_featured_image_src":{"full":["https:\/\/oi-paris.com\/wordpress\/wp-content\/uploads\/2017\/12\/21fbc6a994_82746_sapinshutter.jpg",1024,533,false],"thumbnail":["https:\/\/oi-paris.com\/wordpress\/wp-content\/uploads\/2017\/12\/21fbc6a994_82746_sapinshutter-150x150.jpg",150,150,true],"medium":["https:\/\/oi-paris.com\/wordpress\/wp-content\/uploads\/2017\/12\/21fbc6a994_82746_sapinshutter-300x156.jpg",300,156,true],"medium_large":["https:\/\/oi-paris.com\/wordpress\/wp-content\/uploads\/2017\/12\/21fbc6a994_82746_sapinshutter-768x400.jpg",768,400,true],"large":["https:\/\/oi-paris.com\/wordpress\/wp-content\/uploads\/2017\/12\/21fbc6a994_82746_sapinshutter-1024x533.jpg",1024,533,true],"1536x1536":["https:\/\/oi-paris.com\/wordpress\/wp-content\/uploads\/2017\/12\/21fbc6a994_82746_sapinshutter.jpg",1024,533,false],"2048x2048":["https:\/\/oi-paris.com\/wordpress\/wp-content\/uploads\/2017\/12\/21fbc6a994_82746_sapinshutter.jpg",1024,533,false],"thumb-small":["https:\/\/oi-paris.com\/wordpress\/wp-content\/uploads\/2017\/12\/21fbc6a994_82746_sapinshutter-160x160.jpg",80,80,true],"thumb-standard":["https:\/\/oi-paris.com\/wordpress\/wp-content\/uploads\/2017\/12\/21fbc6a994_82746_sapinshutter-320x320.jpg",320,320,true],"thumb-medium":["https:\/\/oi-paris.com\/wordpress\/wp-content\/uploads\/2017\/12\/21fbc6a994_82746_sapinshutter-520x245.jpg",520,245,true],"thumb-large":["https:\/\/oi-paris.com\/wordpress\/wp-content\/uploads\/2017\/12\/21fbc6a994_82746_sapinshutter-720x340.jpg",720,340,true],"thumb-xlarge":["https:\/\/oi-paris.com\/wordpress\/wp-content\/uploads\/2017\/12\/21fbc6a994_82746_sapinshutter-980x450.jpg",980,450,true],"thumb-xxlarge":["https:\/\/oi-paris.com\/wordpress\/wp-content\/uploads\/2017\/12\/21fbc6a994_82746_sapinshutter-1320x500.jpg",1320,500,true],"mailpoet_newsletter_max":["https:\/\/oi-paris.com\/wordpress\/wp-content\/uploads\/2017\/12\/21fbc6a994_82746_sapinshutter.jpg",1024,533,false]},"uagb_author_info":{"display_name":"stephane D","author_link":"https:\/\/oi-paris.com\/wordpress\/author\/stephane\/"},"uagb_comment_info":0,"uagb_excerpt":"La question technique Envoyez votre question technique \u00e0\u00a0Pierre-Emmanuel Pr\u00e9paration au Salon individuel Le salon individuel s&#8217;adresse \u00e0 tous les adh\u00e9rents. Il y a deux sections : Monochrome Couleur Il n&#8217;y a pas de th\u00e8me&#46;&#46;&#46;","_links":{"self":[{"href":"https:\/\/oi-paris.com\/wordpress\/wp-json\/wp\/v2\/posts\/6946","targetHints":{"allow":["GET"]}}],"collection":[{"href":"https:\/\/oi-paris.com\/wordpress\/wp-json\/wp\/v2\/posts"}],"about":[{"href":"https:\/\/oi-paris.com\/wordpress\/wp-json\/wp\/v2\/types\/post"}],"author":[{"embeddable":true,"href":"https:\/\/oi-paris.com\/wordpress\/wp-json\/wp\/v2\/users\/1"}],"replies":[{"embeddable":true,"href":"https:\/\/oi-paris.com\/wordpress\/wp-json\/wp\/v2\/comments?post=6946"}],"version-history":[{"count":2,"href":"https:\/\/oi-paris.com\/wordpress\/wp-json\/wp\/v2\/posts\/6946\/revisions"}],"predecessor-version":[{"id":7164,"href":"https:\/\/oi-paris.com\/wordpress\/wp-json\/wp\/v2\/posts\/6946\/revisions\/7164"}],"wp:featuredmedia":[{"embeddable":true,"href":"https:\/\/oi-paris.com\/wordpress\/wp-json\/wp\/v2\/media\/6947"}],"wp:attachment":[{"href":"https:\/\/oi-paris.com\/wordpress\/wp-json\/wp\/v2\/media?parent=6946"}],"wp:term":[{"taxonomy":"category","embeddable":true,"href":"https:\/\/oi-paris.com\/wordpress\/wp-json\/wp\/v2\/categories?post=6946"},{"taxonomy":"post_tag","embeddable":true,"href":"https:\/\/oi-paris.com\/wordpress\/wp-json\/wp\/v2\/tags?post=6946"}],"curies":[{"name":"wp","href":"https:\/\/api.w.org\/{rel}","templated":true}]}}