{"id":7050,"date":"2019-05-24T12:51:29","date_gmt":"2019-05-24T11:51:29","guid":{"rendered":"http:\/\/oi-paris.com\/wordpress\/?p=7050"},"modified":"2019-05-24T12:50:22","modified_gmt":"2019-05-24T11:50:22","slug":"critiquer-une-photo-de-facon-constructive","status":"publish","type":"post","link":"https:\/\/oi-paris.com\/wordpress\/2019\/05\/24\/critiquer-une-photo-de-facon-constructive\/","title":{"rendered":"Analyser une photo de fa\u00e7on constructive"},"content":{"rendered":"<div class=\"page\" title=\"Page 1\">\n<div class=\"layoutArea\">\n<div class=\"column\">\n<p><span style=\"color: #000000;\">Ce n\u2019est pas seulement en souligner les points faibles, c\u2019est aussi proposer des voies d\u2019am\u00e9liorations possibles et ne pas oublier d\u2019en valoriser les points positifs.<\/span><\/p>\n<\/div>\n<\/div>\n<\/div>\n<p><span style=\"color: #000000;\">Voici un condens\u00e9 de conseils glan\u00e9s \u00e7\u00e0 et l\u00e0 que je voudrais partager avec vous. J&#8217;ai trouv\u00e9 cette trame int\u00e9ressante, et je m&#8217;y r\u00e9f\u00e8re, tant pour la lecture de photos qui m&#8217;interpellent que pour le tri de mes propres photos.<\/span><\/p>\n<p><span style=\"color: #000000;\">Vous vous rendrez compte \u00e9galement que certains \u00e9l\u00e9ments peuvent \u00eatre appliqu\u00e9s\u00a0en amont, d\u00e8s la prise de vue.<\/span><\/p>\n<p><span style=\"color: #000000;\">Il y aura bien s\u00fbr des r\u00e9flexes que vous aurez d\u00e9j\u00e0 int\u00e9gr\u00e9s, \u00e0 vous de faire le tri.<\/span><\/p>\n<div class=\"page\" title=\"Page 1\">\n<div class=\"layoutArea\">\n<div class=\"column\">\n<p><span style=\"color: #000000;\"><strong>1- Analyse<\/strong><\/span><\/p>\n<div class=\"page\" title=\"Page 1\">\n<div class=\"layoutArea\">\n<div class=\"column\">\n<p><span style=\"color: #000000;\">L&#8217;objectif est ici d&#8217;essayer de comprendre la photo, avant tout jugement critique. On s&#8217;efforce d&#8217;entrer dans l&#8217;univers du photographe, sans aucun jugement, simplement pour comprendre son image.<\/span><\/p>\n<\/div>\n<\/div>\n<\/div>\n<div class=\"page\" title=\"Page 1\">\n<div class=\"layoutArea\">\n<div class=\"column\">\n<p><span style=\"color: #000000;\"><strong>1.1 Aspect esth\u00e9tique<\/strong><\/span><\/p>\n<\/div>\n<\/div>\n<\/div>\n<div class=\"page\" title=\"Page 1\">\n<table style=\"height: 279px;\" width=\"698\">\n<colgroup>\n<col \/>\n<col \/> <\/colgroup>\n<tbody>\n<tr>\n<td>\n<div class=\"layoutArea\">\n<div class=\"column\">\n<p><span style=\"color: #000000;\"><strong>Choix du sujet<\/strong><\/span><\/p>\n<\/div>\n<\/div>\n<\/td>\n<td>\n<div class=\"layoutArea\">\n<div class=\"column\">\n<p><span style=\"color: #000000;\">Quel est le sujet, \u00e9ventuellement les sujets secondaires&#8230; <\/span><span style=\"color: #000000;\">On peut se poser les questions : &#8220;Quoi&#8221;, &#8220;Qui&#8221;, &#8220;Quand&#8221;, &#8220;O\u00f9&#8221;. Le choix du sujet (est-il facilement identifiable ? Si non, y a-t-il ou non des \u00e9l\u00e9ments parasites dans le champ ?)<\/span><\/p>\n<\/div>\n<\/div>\n<\/td>\n<\/tr>\n<tr>\n<td>\n<div class=\"page\" title=\"Page 1\">\n<div class=\"section\">\n<div class=\"layoutArea\">\n<div class=\"column\">\n<p><span style=\"color: #000000;\"><strong>Lignes<\/strong><\/span><\/p>\n<\/div>\n<\/div>\n<\/div>\n<\/div>\n<\/td>\n<td>\n<div class=\"page\" title=\"Page 1\">\n<div class=\"section\">\n<div class=\"layoutArea\">\n<div class=\"column\">\n<p><span style=\"color: #000000;\">Analyser le cadrage, la g\u00e9om\u00e9trie, le placement des diff\u00e9rents sujets par rapport aux lignes visibles ou invisibles de l&#8217;image.<\/span>\u00a0<span style=\"color: #000000;\">Lignes de force ? Plong\u00e9e et contre-plong\u00e9e&#8230;<\/span><br \/>\n<span style=\"color: #000000;\"> Quels points d\u2019int\u00e9r\u00eat se d\u00e9gagent de la photo ? Par exemple, la r\u00e8gle des tiers est-elle appliqu\u00e9e ? Si non, pourquoi : est-ce li\u00e9 \u00e0 une contrainte ext\u00e9rieure, et est-ce g\u00eanant ?<\/span><\/p>\n<\/div>\n<\/div>\n<\/div>\n<\/div>\n<\/td>\n<\/tr>\n<tr>\n<td>\n<div class=\"page\" title=\"Page 1\">\n<div class=\"section\">\n<div class=\"layoutArea\">\n<div class=\"column\">\n<p><span style=\"color: #000000;\"><strong>Formes<\/strong><\/span><\/p>\n<\/div>\n<\/div>\n<\/div>\n<\/div>\n<\/td>\n<td>\n<div class=\"page\" title=\"Page 1\">\n<div class=\"section\">\n<div class=\"layoutArea\">\n<div class=\"column\">\n<p><span style=\"color: #000000;\">Analyser non seulement les formes des sujets, mais aussi les zones de couleur et de luminosit\u00e9, les zones de nettet\u00e9 ou de flou (profondeur de champ), leur r\u00e9partition sur l&#8217;image et leur harmonie.<span style=\"font-family: inherit; font-size: inherit;\">\u00a0<\/span><\/span><\/p>\n<\/div>\n<\/div>\n<\/div>\n<\/div>\n<\/td>\n<\/tr>\n<tr>\n<td>\n<div class=\"page\" title=\"Page 1\">\n<div class=\"section\">\n<div class=\"layoutArea\">\n<div class=\"column\">\n<p><span style=\"color: #000000;\"><strong>Textures et ombres<\/strong><\/span><\/p>\n<\/div>\n<\/div>\n<\/div>\n<\/div>\n<\/td>\n<td>\n<div class=\"page\" title=\"Page 1\">\n<div class=\"section\">\n<div class=\"layoutArea\">\n<div class=\"column\">\n<p><span style=\"color: #000000;\">Analyser l&#8217;utilisation des textures (nettet\u00e9, contraste), si c&#8217;est le cas. Cette analyse est indissociable de celle des ombres, et du positionnement et de la nature de la lumi\u00e8re utilis\u00e9e, qui vient mettre en valeur ou au contraire att\u00e9nuer les textures.<\/span><\/p>\n<\/div>\n<\/div>\n<\/div>\n<\/div>\n<\/td>\n<\/tr>\n<tr>\n<td>\n<div class=\"page\" title=\"Page 1\">\n<div class=\"section\">\n<div class=\"layoutArea\">\n<div class=\"column\">\n<p><span style=\"color: #000000;\"><strong>Contrastes et luminosit\u00e9<\/strong><\/span><\/p>\n<\/div>\n<\/div>\n<\/div>\n<\/div>\n<\/td>\n<td><span style=\"font-family: inherit; font-size: inherit; color: #000000;\">Analyser les basses et hautes lumi\u00e8res. L&#8217;image est dite &#8220;cram\u00e9e&#8221; lorsque les hautes lumi\u00e8res sont tout \u00e0 fait blanches. On parle d&#8217;ombres &#8220;bouch\u00e9es&#8221; lorsque les basses lumi\u00e8res sont tout \u00e0 fait noires. Ce type de contraste extr\u00eame peut \u00eatre un choix cr\u00e9atif, ou une erreur involontaire. <\/span><span style=\"font-family: inherit; font-size: inherit; color: #000000;\">Mais l&#8217;analyse du contraste et de la luminosit\u00e9 ne s&#8217;arr\u00eate pas \u00e0 cela : on analysera aussi la mani\u00e8re dont sont utilis\u00e9es les diff\u00e9rences de luminosit\u00e9 : sont-elles att\u00e9nu\u00e9es (luminosit\u00e9 uniforme), ou au contraire prononc\u00e9es ?<\/span><\/td>\n<\/tr>\n<tr>\n<td>\n<div class=\"page\" title=\"Page 1\">\n<div class=\"section\">\n<div class=\"layoutArea\">\n<div class=\"column\">\n<p><span style=\"color: #000000;\"><strong>Couleurs<\/strong><\/span><\/p>\n<\/div>\n<\/div>\n<\/div>\n<\/div>\n<\/td>\n<td>\n<div class=\"page\" title=\"Page 1\">\n<div class=\"section\">\n<div class=\"layoutArea\">\n<div class=\"column\">\n<p><span style=\"color: #000000;\">Analyser les couleurs principales, et leur harmonie. Penser aux couleurs compl\u00e9mentaires, \u00e0 la saturation des couleurs, \u00e0 la balance des blancs&#8230; Prendre en compte les couleurs y compris celles de la lumi\u00e8re : teintes chaudes ou froides ?<\/span><\/p>\n<\/div>\n<\/div>\n<\/div>\n<\/div>\n<\/td>\n<\/tr>\n<tr>\n<td>\n<div class=\"page\" title=\"Page 1\">\n<div class=\"section\">\n<div class=\"layoutArea\">\n<div class=\"column\">\n<p><span style=\"color: #000000;\"><strong>Cadrage<\/strong><\/span><\/p>\n<\/div>\n<\/div>\n<\/div>\n<\/div>\n<\/td>\n<td>\n<div class=\"page\" title=\"Page 1\">\n<div class=\"section\">\n<div class=\"layoutArea\">\n<div class=\"column\">\n<p><span style=\"color: #000000;\">Quelle est l\u2019influence du cadrage sur la perception de la photo ? Par exemple, le cadrage vertical correspond souvent mieux aux portraits en pied ou aux \u00e9l\u00e9ments hauts, alors que le cadrage horizontal convient mieux aux\u00a0<span style=\"font-family: inherit; font-size: inherit;\">paysages ou aux sc\u00e8nes de groupe. Le sujet est-il centr\u00e9 ou non ? Le cadrage est-il serr\u00e9 ou large ? Y a-t-il un ou des \u00e9l\u00e9ments de \u00ab cadrage \u00bb au premier plan, comme par exemple une branche, un \u00e9l\u00e9ment d\u2019architecture ?\u00a0<\/span><span style=\"font-family: inherit; font-size: inherit;\">La photo laisse-t-elle respirer le sujet ? Des membres importants du sujet ont-ils \u00e9t\u00e9 coup\u00e9s ? Les horizons et les immeubles sont-ils droits ?<\/span><span style=\"font-family: inherit; font-size: inherit;\">\u00a0<\/span><\/span><\/p>\n<\/div>\n<\/div>\n<\/div>\n<\/div>\n<\/td>\n<\/tr>\n<tr>\n<td>\n<div class=\"page\" title=\"Page 1\">\n<div class=\"section\">\n<div class=\"layoutArea\">\n<div class=\"column\">\n<p><span style=\"color: #000000;\"><strong>Equilibre de l&#8217;image<\/strong><\/span><\/p>\n<\/div>\n<\/div>\n<\/div>\n<\/div>\n<\/td>\n<td>\n<div class=\"layoutArea\">\n<div class=\"column\">\n<p><span style=\"color: #000000;\">Qu\u2019est-ce qui fait l\u2019\u00e9quilibre et l\u2019harmonie de l\u2019image : y a-t-il un \u00e9quilibre ou au contraire un d\u00e9s\u00e9quilibre entre les \u00e9l\u00e9ments qui la composent, une illusion d\u2019optique frappante ?<\/span><\/p>\n<\/div>\n<\/div>\n<\/td>\n<\/tr>\n<tr>\n<td>\n<div class=\"layoutArea\">\n<div class=\"column\">\n<p><span style=\"color: #000000;\"><strong>Autres points d&#8217;analyse<\/strong><\/span><\/p>\n<\/div>\n<\/div>\n<\/td>\n<td>\n<div class=\"layoutArea\">\n<div class=\"column\">\n<p><span style=\"color: #000000;\">&#8211; Proportions<\/span><br \/>\n<span style=\"color: #000000;\"> &#8211; Rythme et mouvement<\/span><br \/>\n<span style=\"color: #000000;\"> &#8211; M\u00e9thodes de mise en valeur du sujet principal, par exemple par une plong\u00e9e ou une contre plong\u00e9e<\/span><\/p>\n<\/div>\n<\/div>\n<\/td>\n<\/tr>\n<\/tbody>\n<\/table>\n<div class=\"page\" title=\"Page 2\">\n<div class=\"layoutArea\">\n<div class=\"column\">\n<p><span style=\"color: #000000;\"><strong>1.2 Aspect technique<\/strong><\/span><\/p>\n<div class=\"page\" title=\"Page 2\">\n<div class=\"layoutArea\">\n<div class=\"column\">\n<p><span style=\"color: #000000;\">C\u2019est l\u00e0 qu\u2019intervient l\u2019interpr\u00e9tation des &#8220;donn\u00e9es exifs&#8221;, qui sont l&#8217;enregistrement des param\u00e8tres de prise de vue : focale, ouverture du diaphragme, vitesse d\u2019obturation, d\u00e9clenchement du flash, valeur ISO&#8230;<\/span><\/p>\n<div class=\"page\" title=\"Page 2\">\n<table>\n<colgroup>\n<col \/>\n<col \/> <\/colgroup>\n<tbody>\n<tr>\n<td>\n<div class=\"layoutArea\">\n<div class=\"column\">\n<p><span style=\"color: #000000;\"><strong>Mise au point<\/strong><\/span><\/p>\n<\/div>\n<\/div>\n<\/td>\n<td>\n<div class=\"layoutArea\">\n<div class=\"column\">\n<p><span style=\"color: #000000;\">La mise au point est-elle faite exactement sur le centre d\u2019int\u00e9r\u00eat ?<\/span><\/p>\n<\/div>\n<\/div>\n<\/td>\n<\/tr>\n<tr>\n<td>\n<div class=\"layoutArea\">\n<div class=\"column\">\n<p><span style=\"color: #000000;\"><strong>Exposition<\/strong><\/span><\/p>\n<\/div>\n<\/div>\n<\/td>\n<td>\n<div class=\"layoutArea\">\n<div class=\"column\">\n<p><span style=\"color: #000000;\">La photo est-elle bien expos\u00e9e ? Une exposition diff\u00e9rente aurait-elle am\u00e9lior\u00e9 la photo ? Les ISO sont-ils en ad\u00e9quation avec la lumi\u00e8re ?<\/span><\/p>\n<\/div>\n<\/div>\n<\/td>\n<\/tr>\n<tr>\n<td>\n<div class=\"layoutArea\">\n<div class=\"column\">\n<p><span style=\"color: #000000;\"><strong>Profondeur de champ<\/strong><\/span><\/p>\n<\/div>\n<\/div>\n<\/td>\n<td>\n<div class=\"layoutArea\">\n<div class=\"column\">\n<p><span style=\"color: #000000;\">La plage de nettet\u00e9 est-elle au service de l\u2019histoire ? Est-ce que changer la profondeur de champ aurait am\u00e9lior\u00e9 cette photo ?<\/span><\/p>\n<\/div>\n<\/div>\n<\/td>\n<\/tr>\n<tr>\n<td>\n<div class=\"layoutArea\">\n<div class=\"column\">\n<p><span style=\"color: #000000;\"><strong>Contraste Nettet\u00e9 et piqu\u00e9<\/strong><\/span><\/p>\n<\/div>\n<\/div>\n<\/td>\n<td>\n<div class=\"layoutArea\">\n<div class=\"column\">\n<p><span style=\"color: #000000;\">Essentiel en noir et blanc mais aussi sur les photos couleur <\/span><\/p>\n<p><span style=\"color: #000000;\">En ad\u00e9quation avec le ressenti de la photo ?<\/span><\/p>\n<\/div>\n<\/div>\n<\/td>\n<\/tr>\n<tr>\n<td>\n<div class=\"layoutArea\">\n<div class=\"column\">\n<p><span style=\"color: #000000;\"><strong>Couleurs et balance des blancs<\/strong><\/span><\/p>\n<\/div>\n<\/div>\n<\/td>\n<td>\n<div class=\"layoutArea\">\n<div class=\"column\">\n<p><span style=\"color: #000000;\">Des couleurs ternes ou erron\u00e9es sont probablement des probl\u00e8mes techniques.<\/span><\/p>\n<\/div>\n<\/div>\n<\/td>\n<\/tr>\n<tr>\n<td>\n<div class=\"layoutArea\">\n<div class=\"column\">\n<p><span style=\"color: #000000;\"><strong>L\u2019\u00e9clairage<\/strong><\/span><\/p>\n<\/div>\n<\/div>\n<\/td>\n<td>\n<div class=\"layoutArea\">\n<div class=\"column\">\n<p><span style=\"color: #000000;\">En association avec l\u2019exposition. L\u2019\u00e9clairage est-il int\u00e9ressant ? Les ombres? Les zones sombres et \u00e9clair\u00e9es ? Si la photo est faite avec de l\u2019\u00e9clairage rapport\u00e9 du style Studio de Rue alors est-ce convaincant ? Auriez-vous utilis\u00e9 un \u00e9clairage plus dur ? Plus doux ?<\/span><\/p>\n<\/div>\n<\/div>\n<\/td>\n<\/tr>\n<tr>\n<td>\n<div class=\"layoutArea\">\n<div class=\"column\">\n<p><span style=\"color: #000000;\"><strong>La post production<\/strong><\/span><\/p>\n<\/div>\n<\/div>\n<\/td>\n<td>\n<div class=\"layoutArea\">\n<div class=\"column\">\n<p><span style=\"color: #000000;\">Est-ce convaincant ? Les retouches si elles ont \u00e9t\u00e9 faites sont-elles r\u00e9alistes (ex : HDR)<\/span><\/p>\n<\/div>\n<\/div>\n<\/td>\n<\/tr>\n<tr>\n<td>\n<div class=\"layoutArea\">\n<div class=\"column\">\n<p><span style=\"color: #000000;\"><strong>Capture du mouvement<\/strong><\/span><\/p>\n<\/div>\n<\/div>\n<\/td>\n<td>\n<div class=\"layoutArea\">\n<div class=\"column\">\n<p><span style=\"color: #000000;\">En association avec la nettet\u00e9 et le piqu\u00e9 : la dur\u00e9e d\u2019obturation est-elle id\u00e9ale pour la capture du mouvement ?<\/span><\/p>\n<\/div>\n<\/div>\n<\/td>\n<\/tr>\n<tr>\n<td>\n<div class=\"layoutArea\">\n<div class=\"column\">\n<p><span style=\"color: #000000;\"><strong>Le Bokeh<\/strong><\/span><\/p>\n<\/div>\n<\/div>\n<\/td>\n<td>\n<div class=\"layoutArea\">\n<div class=\"column\">\n<p><span style=\"color: #000000;\">La beaut\u00e9 du flou d\u2019arri\u00e8re-plan<\/span><\/p>\n<\/div>\n<\/div>\n<\/td>\n<\/tr>\n<\/tbody>\n<\/table>\n<div class=\"page\" title=\"Page 3\">\n<div class=\"layoutArea\">\n<div class=\"column\">\n<p>&nbsp;<\/p>\n<p><span style=\"color: #000000;\"><strong>2- Interpr\u00e9tation<\/strong><\/span><\/p>\n<\/div>\n<\/div>\n<div class=\"layoutArea\">\n<div class=\"column\">\n<p><span style=\"color: #000000;\">La question principale est la suivante : &#8220;De quelle mani\u00e8re cette photo me parle ?&#8221;, ou encore : &#8220;Qu&#8217;est-ce que le photographe a voulu dire ?&#8221;, &#8220;Quel message veut-il faire passer ?&#8221; L&#8217;interpr\u00e9tation est purement personnelle et d\u00e9pend du regard et du v\u00e9cu de chacun.<\/span><\/p>\n<\/div>\n<\/div>\n<table>\n<colgroup>\n<col \/>\n<col \/> <\/colgroup>\n<tbody>\n<tr>\n<td>\n<div class=\"layoutArea\">\n<div class=\"column\">\n<p><span style=\"color: #000000;\"><strong>Message<\/strong><\/span><\/p>\n<\/div>\n<\/div>\n<\/td>\n<td>\n<div class=\"layoutArea\">\n<div class=\"column\">\n<p><span style=\"color: #000000;\">Le message que la (le) photographe tente de faire passer est-il net ? Ses choix (esth\u00e9tique, technique) sont-ils au service de son image ?<\/span><\/p>\n<p><span style=\"color: #000000;\">M\u00eame si le sujet choisi ne me pla\u00eet pas ou ne me \u00ab parle \u00bb pas, quel(s) aspect(s) la (le) photographe a-t-elle (il) pourtant r\u00e9ussi (ou non) \u00e0 valoriser ?<\/span><\/p>\n<p><span style=\"color: #000000;\">Quelle impression, quelle symbolique se d\u00e9gage de l\u2019image ?<\/span><\/p>\n<\/div>\n<\/div>\n<\/td>\n<\/tr>\n<tr>\n<td>\n<div class=\"layoutArea\">\n<div class=\"column\">\n<p><span style=\"color: #000000;\"><strong>Originalit\u00e9 et le choix du sujet<\/strong><\/span><\/p>\n<\/div>\n<\/div>\n<\/td>\n<td>\n<div class=\"layoutArea\">\n<div class=\"column\">\n<p><span style=\"color: #000000;\">Une nouvelle fa\u00e7on de traiter un sujet ou une photo comme vous en avez d\u00e9j\u00e0 vu \u00e0 de nombreuses reprises ?<\/span><\/p>\n<\/div>\n<\/div>\n<\/td>\n<\/tr>\n<tr>\n<td>\n<div class=\"layoutArea\">\n<div class=\"column\">\n<p><span style=\"color: #000000;\"><strong>Simplicit\u00e9<\/strong><\/span><\/p>\n<\/div>\n<\/div>\n<\/td>\n<td>\n<div class=\"layoutArea\">\n<div class=\"column\">\n<p><span style=\"color: #000000;\">Souvent une photo avec un seul sujet \u2013 ou une seule histoire \u2013 aura un impact bien plus fort qu\u2019une photo \u00ab fouillis \u00bb. C\u2019est l\u2019histoire de l\u2019arbre et de la for\u00eat. La photo serait-elle plus forte si on enlevait quelque chose ?<\/span><\/p>\n<\/div>\n<\/div>\n<\/td>\n<\/tr>\n<tr>\n<td>\n<div class=\"layoutArea\">\n<div class=\"column\">\n<p><span style=\"color: #000000;\"><strong>Une histoire<\/strong><\/span><\/p>\n<\/div>\n<\/div>\n<\/td>\n<td>\n<div class=\"layoutArea\">\n<div class=\"column\">\n<p><span style=\"color: #000000;\">La photo raconte-elle une histoire, ou une partie d\u2019histoire ? Le message du photographe est-il clair ?<\/span><\/p>\n<p><span style=\"color: #000000;\">La composition de l\u2019image est-elle au service de l\u2019histoire ? Un meilleur cadrage pourrait-il am\u00e9liorer encore cette photo ? Cadrage horizontal \/ vertical \/ panoramique? Cadrage serr\u00e9 \/ cadrage large ?<\/span><\/p>\n<\/div>\n<\/div>\n<\/td>\n<\/tr>\n<\/tbody>\n<\/table>\n<p><span style=\"color: #000000;\">En esp\u00e9rant que cela vous aura apport\u00e9 quelque chose.<\/span><\/p>\n<p><span style=\"color: #000000;\">Bien \u00e0 vous<\/span><\/p>\n<\/div>\n<\/div>\n<\/div>\n<\/div>\n<\/div>\n<\/div>\n<\/div>\n<\/div>\n<\/div>\n<\/div>\n<\/div>\n<\/div>\n","protected":false},"excerpt":{"rendered":"<p>Ce n\u2019est pas seulement en souligner les points faibles, c\u2019est aussi proposer des voies d\u2019am\u00e9liorations possibles et ne pas oublier d\u2019en valoriser les points positifs. Voici un condens\u00e9 de conseils glan\u00e9s \u00e7\u00e0 et l\u00e0&#46;&#46;&#46;<\/p>\n","protected":false},"author":25,"featured_media":1763,"comment_status":"closed","ping_status":"closed","sticky":false,"template":"","format":"standard","meta":{"_acf_changed":false,"_oasis_is_in_workflow":0,"_oasis_original":0,"_uag_custom_page_level_css":"","footnotes":""},"categories":[9,11],"tags":[],"class_list":["post-7050","post","type-post","status-publish","format-standard","has-post-thumbnail","hentry","category-photo","category-trucs-et-astuces"],"acf":[],"uagb_featured_image_src":{"full":["https:\/\/oi-paris.com\/wordpress\/wp-content\/uploads\/2015\/08\/Textes1.jpg",980,463,false],"thumbnail":["https:\/\/oi-paris.com\/wordpress\/wp-content\/uploads\/2015\/08\/Textes1-150x150.jpg",150,150,true],"medium":["https:\/\/oi-paris.com\/wordpress\/wp-content\/uploads\/2015\/08\/Textes1-300x142.jpg",300,142,true],"medium_large":["https:\/\/oi-paris.com\/wordpress\/wp-content\/uploads\/2015\/08\/Textes1.jpg",768,363,false],"large":["https:\/\/oi-paris.com\/wordpress\/wp-content\/uploads\/2015\/08\/Textes1.jpg",980,463,false],"1536x1536":["https:\/\/oi-paris.com\/wordpress\/wp-content\/uploads\/2015\/08\/Textes1.jpg",980,463,false],"2048x2048":["https:\/\/oi-paris.com\/wordpress\/wp-content\/uploads\/2015\/08\/Textes1.jpg",980,463,false],"thumb-small":["https:\/\/oi-paris.com\/wordpress\/wp-content\/uploads\/2015\/08\/Textes1-160x160.jpg",80,80,true],"thumb-standard":["https:\/\/oi-paris.com\/wordpress\/wp-content\/uploads\/2015\/08\/Textes1-320x320.jpg",320,320,true],"thumb-medium":["https:\/\/oi-paris.com\/wordpress\/wp-content\/uploads\/2015\/08\/Textes1-520x245.jpg",520,245,true],"thumb-large":["https:\/\/oi-paris.com\/wordpress\/wp-content\/uploads\/2015\/08\/Textes1-720x340.jpg",720,340,true],"thumb-xlarge":["https:\/\/oi-paris.com\/wordpress\/wp-content\/uploads\/2015\/08\/Textes1.jpg",952,450,false],"thumb-xxlarge":["https:\/\/oi-paris.com\/wordpress\/wp-content\/uploads\/2015\/08\/Textes1.jpg",980,463,false],"mailpoet_newsletter_max":["https:\/\/oi-paris.com\/wordpress\/wp-content\/uploads\/2015\/08\/Textes1.jpg",980,463,false]},"uagb_author_info":{"display_name":"Tania T","author_link":"https:\/\/oi-paris.com\/wordpress\/author\/tania\/"},"uagb_comment_info":0,"uagb_excerpt":"Ce n\u2019est pas seulement en souligner les points faibles, c\u2019est aussi proposer des voies d\u2019am\u00e9liorations possibles et ne pas oublier d\u2019en valoriser les points positifs. Voici un condens\u00e9 de conseils glan\u00e9s \u00e7\u00e0 et l\u00e0&#46;&#46;&#46;","_links":{"self":[{"href":"https:\/\/oi-paris.com\/wordpress\/wp-json\/wp\/v2\/posts\/7050","targetHints":{"allow":["GET"]}}],"collection":[{"href":"https:\/\/oi-paris.com\/wordpress\/wp-json\/wp\/v2\/posts"}],"about":[{"href":"https:\/\/oi-paris.com\/wordpress\/wp-json\/wp\/v2\/types\/post"}],"author":[{"embeddable":true,"href":"https:\/\/oi-paris.com\/wordpress\/wp-json\/wp\/v2\/users\/25"}],"replies":[{"embeddable":true,"href":"https:\/\/oi-paris.com\/wordpress\/wp-json\/wp\/v2\/comments?post=7050"}],"version-history":[{"count":5,"href":"https:\/\/oi-paris.com\/wordpress\/wp-json\/wp\/v2\/posts\/7050\/revisions"}],"predecessor-version":[{"id":7325,"href":"https:\/\/oi-paris.com\/wordpress\/wp-json\/wp\/v2\/posts\/7050\/revisions\/7325"}],"wp:featuredmedia":[{"embeddable":true,"href":"https:\/\/oi-paris.com\/wordpress\/wp-json\/wp\/v2\/media\/1763"}],"wp:attachment":[{"href":"https:\/\/oi-paris.com\/wordpress\/wp-json\/wp\/v2\/media?parent=7050"}],"wp:term":[{"taxonomy":"category","embeddable":true,"href":"https:\/\/oi-paris.com\/wordpress\/wp-json\/wp\/v2\/categories?post=7050"},{"taxonomy":"post_tag","embeddable":true,"href":"https:\/\/oi-paris.com\/wordpress\/wp-json\/wp\/v2\/tags?post=7050"}],"curies":[{"name":"wp","href":"https:\/\/api.w.org\/{rel}","templated":true}]}}