{"id":7141,"date":"2018-01-04T10:39:54","date_gmt":"2018-01-04T08:39:54","guid":{"rendered":"http:\/\/oi-paris.com\/wordpress\/?p=7141"},"modified":"2018-01-10T11:46:24","modified_gmt":"2018-01-10T09:46:24","slug":"mardi-doi-2","status":"publish","type":"post","link":"https:\/\/oi-paris.com\/wordpress\/2018\/01\/04\/mardi-doi-2\/","title":{"rendered":"Mardi d&#8217;OI"},"content":{"rendered":"<p><span style=\"color: #000000;\">En 2018, le premier mardi d&#8217;OI de l&#8217;ann\u00e9e sera le second mardi de janvier. Vous suivez ? \u00a0En plus il y aura galettes des rois.<\/span><\/p>\n<p><!--more--><\/p>\n<p><span style=\"color: #000000;\"><strong>C&#8217;est quand ?<\/strong><\/span><\/p>\n<p><span style=\"color: #000000;\">Mardi 9 janvier \u00e0 partir de 19h<\/span><\/p>\n<p><span style=\"color: #000000;\"><strong>C&#8217;est o\u00f9 ?<\/strong><\/span><\/p>\n<p><span style=\"color: #000000;\">8 rue Brillat Savarin 75013 Paris (Salle RC1)<\/span><\/p>\n<p><span style=\"color: #000000;\"><strong>Au programme :<\/strong><\/span><\/p>\n<ul>\n<li><span style=\"color: #000000;\">Accueil des participants<\/span><\/li>\n<li><span style=\"color: #000000;\">Informations sur la vie du club (activit\u00e9s \u00e0 venir, projets en cours)<\/span><\/li>\n<li><span style=\"color: #000000;\">Informations culturelles (expositions \u00e0 voir, sorties)<\/span><\/li>\n<li><span style=\"color: #000000;\">Le photographe myst\u00e8re<br \/>\n<\/span><\/li>\n<li><span style=\"color: #000000;\">L&#8217;adh\u00e9rent du mois<br \/>\n<\/span><\/li>\n<li><span style=\"color: #000000;\">Pr\u00e9sentation de photos, diaporama ou film, propos\u00e9s par les participants(l&#8217;auberge espagnole)<br \/>\n<\/span><\/p>\n<ul>\n<li><span style=\"color: #000000;\">3 images maximum par personne <span style=\"color: #ff0000;\">(format jpeg, 1080 pixels de haut maximum)<\/span> plus une image avec le nom d l&#8217;auteur.<\/span><\/li>\n<\/ul>\n<\/li>\n<\/ul>\n<p style=\"padding-left: 60px;\"><em><span style=\"color: #000000;\">Un groupe de 3 participants (d\u00e9sign\u00e9s en d\u00e9but de s\u00e9ance) choisira la photo la plus int\u00e9ressante parmi celles propos\u00e9es par les adh\u00e9rents dans le cadre de &#8220;l&#8217;auberge espagnole&#8221;. L&#8217;auteur de cette image sera invit\u00e9 \u00e0 pr\u00e9parer pour le mois le mois suivant :<br \/>\n<\/span><\/em><em><span style=\"color: #000000;\">&#8211; un photographe myst\u00e8re de son choix,<br \/>\n<\/span><\/em><em><span style=\"color: #000000;\">&#8211; une dizaine de photos choisies parmi sa production personnelle. Pour effectuer sa s\u00e9lection, il pourra se faire aider par un coll\u00e8gue.<\/span><\/em><\/p>\n<ul>\n<li><span style=\"color: #000000;\">Partage de la galette des rois.<\/span><\/li>\n<\/ul>\n<p>&nbsp;<\/p>\n<p>&nbsp;<\/p>\n","protected":false},"excerpt":{"rendered":"<p>En 2018, le premier mardi d&#8217;OI de l&#8217;ann\u00e9e sera le second mardi de janvier. Vous suivez ? \u00a0En plus il y aura galettes des rois.<\/p>\n","protected":false},"author":4,"featured_media":7143,"comment_status":"closed","ping_status":"closed","sticky":false,"template":"","format":"standard","meta":{"_acf_changed":false,"_oasis_is_in_workflow":0,"_oasis_original":0,"_uag_custom_page_level_css":"","footnotes":""},"categories":[8],"tags":[],"class_list":["post-7141","post","type-post","status-publish","format-standard","has-post-thumbnail","hentry","category-mardi-doi"],"acf":[],"uagb_featured_image_src":{"full":["https:\/\/oi-paris.com\/wordpress\/wp-content\/uploads\/2018\/01\/Galette-rois.jpg",980,463,false],"thumbnail":["https:\/\/oi-paris.com\/wordpress\/wp-content\/uploads\/2018\/01\/Galette-rois-150x150.jpg",150,150,true],"medium":["https:\/\/oi-paris.com\/wordpress\/wp-content\/uploads\/2018\/01\/Galette-rois-300x142.jpg",300,142,true],"medium_large":["https:\/\/oi-paris.com\/wordpress\/wp-content\/uploads\/2018\/01\/Galette-rois-768x363.jpg",768,363,true],"large":["https:\/\/oi-paris.com\/wordpress\/wp-content\/uploads\/2018\/01\/Galette-rois.jpg",980,463,false],"1536x1536":["https:\/\/oi-paris.com\/wordpress\/wp-content\/uploads\/2018\/01\/Galette-rois.jpg",980,463,false],"2048x2048":["https:\/\/oi-paris.com\/wordpress\/wp-content\/uploads\/2018\/01\/Galette-rois.jpg",980,463,false],"thumb-small":["https:\/\/oi-paris.com\/wordpress\/wp-content\/uploads\/2018\/01\/Galette-rois-160x160.jpg",80,80,true],"thumb-standard":["https:\/\/oi-paris.com\/wordpress\/wp-content\/uploads\/2018\/01\/Galette-rois-320x320.jpg",320,320,true],"thumb-medium":["https:\/\/oi-paris.com\/wordpress\/wp-content\/uploads\/2018\/01\/Galette-rois-520x245.jpg",520,245,true],"thumb-large":["https:\/\/oi-paris.com\/wordpress\/wp-content\/uploads\/2018\/01\/Galette-rois-720x340.jpg",720,340,true],"thumb-xlarge":["https:\/\/oi-paris.com\/wordpress\/wp-content\/uploads\/2018\/01\/Galette-rois-980x450.jpg",980,450,true],"thumb-xxlarge":["https:\/\/oi-paris.com\/wordpress\/wp-content\/uploads\/2018\/01\/Galette-rois-1320x500.jpg",1320,500,true],"mailpoet_newsletter_max":["https:\/\/oi-paris.com\/wordpress\/wp-content\/uploads\/2018\/01\/Galette-rois.jpg",980,463,false]},"uagb_author_info":{"display_name":"Jean Paul Petit","author_link":"https:\/\/oi-paris.com\/wordpress\/author\/jean-paul\/"},"uagb_comment_info":0,"uagb_excerpt":"En 2018, le premier mardi d&#8217;OI de l&#8217;ann\u00e9e sera le second mardi de janvier. Vous suivez ? \u00a0En plus il y aura galettes des rois.","_links":{"self":[{"href":"https:\/\/oi-paris.com\/wordpress\/wp-json\/wp\/v2\/posts\/7141","targetHints":{"allow":["GET"]}}],"collection":[{"href":"https:\/\/oi-paris.com\/wordpress\/wp-json\/wp\/v2\/posts"}],"about":[{"href":"https:\/\/oi-paris.com\/wordpress\/wp-json\/wp\/v2\/types\/post"}],"author":[{"embeddable":true,"href":"https:\/\/oi-paris.com\/wordpress\/wp-json\/wp\/v2\/users\/4"}],"replies":[{"embeddable":true,"href":"https:\/\/oi-paris.com\/wordpress\/wp-json\/wp\/v2\/comments?post=7141"}],"version-history":[{"count":1,"href":"https:\/\/oi-paris.com\/wordpress\/wp-json\/wp\/v2\/posts\/7141\/revisions"}],"predecessor-version":[{"id":7142,"href":"https:\/\/oi-paris.com\/wordpress\/wp-json\/wp\/v2\/posts\/7141\/revisions\/7142"}],"wp:featuredmedia":[{"embeddable":true,"href":"https:\/\/oi-paris.com\/wordpress\/wp-json\/wp\/v2\/media\/7143"}],"wp:attachment":[{"href":"https:\/\/oi-paris.com\/wordpress\/wp-json\/wp\/v2\/media?parent=7141"}],"wp:term":[{"taxonomy":"category","embeddable":true,"href":"https:\/\/oi-paris.com\/wordpress\/wp-json\/wp\/v2\/categories?post=7141"},{"taxonomy":"post_tag","embeddable":true,"href":"https:\/\/oi-paris.com\/wordpress\/wp-json\/wp\/v2\/tags?post=7141"}],"curies":[{"name":"wp","href":"https:\/\/api.w.org\/{rel}","templated":true}]}}