{"id":7185,"date":"2018-01-14T13:41:43","date_gmt":"2018-01-14T11:41:43","guid":{"rendered":"http:\/\/oi-paris.com\/wordpress\/?p=7185"},"modified":"2018-01-15T20:58:25","modified_gmt":"2018-01-15T18:58:25","slug":"resume-du-mardi-doi-du-9-janvier-2018","status":"publish","type":"post","link":"https:\/\/oi-paris.com\/wordpress\/2018\/01\/14\/resume-du-mardi-doi-du-9-janvier-2018\/","title":{"rendered":"R\u00e9sum\u00e9 du Mardi d&#8217;OI du 9 janvier 2018"},"content":{"rendered":"<p>Nous \u00e9tions une soixantaine de participants inaugurant l\u2019ann\u00e9e 2018. En commen\u00e7ant par\u00a0:<\/p>\n<p>&nbsp;<\/p>\n<p><strong>La Vie au club<\/strong><\/p>\n<ul>\n<li>Vernissage du 9 janvier de l \u2018exposition de photos faites au cours de l\u2019ann\u00e9e a l\u2019occasion des sorties organis\u00e9es par Laure.<\/li>\n<li>Le r\u00e8glement concernant l\u2019interdiction des boissons, nourritures et la cigarette \u00e9lectronique.<\/li>\n<\/ul>\n<p>&nbsp;<\/p>\n<ul>\n<li>Tr\u00e8s important\u00a0: Le Gala des courts-m\u00e9trages.<\/li>\n<\/ul>\n<p>&nbsp;<\/p>\n<p><strong>\u00a0\u00a0\u00a0\u00a0\u00a0\u00a0\u00a0\u00a0\u00a0\u00a0\u00a0\u00a0\u00a0\u00a0 <img loading=\"lazy\" decoding=\"async\" class=\"alignnone size-medium wp-image-7187\" src=\"http:\/\/oi-paris.com\/wordpress\/wp-content\/uploads\/2018\/01\/@@-Vieauclub03-300x169.jpg\" alt=\"\" width=\"300\" height=\"169\" srcset=\"https:\/\/oi-paris.com\/wordpress\/wp-content\/uploads\/2018\/01\/@@-Vieauclub03-300x169.jpg 300w, https:\/\/oi-paris.com\/wordpress\/wp-content\/uploads\/2018\/01\/@@-Vieauclub03-768x432.jpg 768w, https:\/\/oi-paris.com\/wordpress\/wp-content\/uploads\/2018\/01\/@@-Vieauclub03-1024x576.jpg 1024w, https:\/\/oi-paris.com\/wordpress\/wp-content\/uploads\/2018\/01\/@@-Vieauclub03-1320x743.jpg 1320w, https:\/\/oi-paris.com\/wordpress\/wp-content\/uploads\/2018\/01\/@@-Vieauclub03.jpg 1920w\" sizes=\"auto, (max-width: 300px) 100vw, 300px\" \/><\/strong><\/p>\n<p><strong>\u00a0<\/strong><\/p>\n<ul>\n<li>Le mercredi 24 janvier \u00e0 19h30\u00a0:<\/li>\n<\/ul>\n<p>Vote pour le prix Jean Masson concernant tous les \u00a0\u00a0\u00a0\u00a0courts-m\u00e9trages des clubs OI.<\/p>\n<p>&nbsp;<\/p>\n<ul>\n<li>Pour le Salon Individuel\u00a0:<\/li>\n<\/ul>\n<p style=\"padding-left: 60px;\">Les photos doivent \u00eatre envoy\u00e9es avant le 1<sup>er<\/sup> Mars \u00e0 Pierre-Emmanuel.<br \/>\nDe une \u00e0 trois photos NB et d&#8217;une \u00e0 trois photos couleurs sans th\u00e8me.<\/p>\n<ul>\n<li>Le th\u00e8me du printemps d\u2019OI est vivre en ville. <a href=\"http:\/\/objectif-image.fr\/OI\/2018\/01\/09\/le-printemps-doi-2018\/\">http:\/\/objectif-image.fr\/OI\/2018\/01\/09\/le-printemps-doi-2018\/<\/a><\/li>\n<li>Le stage maquillage pour studio organis\u00e9 par Nadir le 14 janvier<\/li>\n<li>Une Rencontre avec Florence Rivi\u00e8re autour de son livre\u00a0: La Photo et le portrait le 17 Avril.<\/li>\n<li>Herv\u00e9 Petit, le sp\u00e9cialiste de la couleur interviendrait le samedi 10 f\u00e9vrier.<\/li>\n<li>Emmanuel organiserait un autre stage de studio Lumi\u00e8re vu le succ\u00e8s du pr\u00e9c\u00e9dent.<\/li>\n<\/ul>\n<p>&nbsp;<\/p>\n<p>&nbsp;<\/p>\n<ul>\n<li>A la demande de quelques adh\u00e9rents, St\u00e9phane organiserait une formation Lightroom un samedi envoyer un mail <a href=\"mailto:stephane@oi-paris.com\" target=\"_blank\" rel=\"noopener\">stephane@oi-paris.com<\/a> .<\/li>\n<li>Bienvenue \u00e0 nos 2 nouveaux adh\u00e9rents\u00a0: Jean-Claude et Tchann.<\/li>\n<\/ul>\n<p>&nbsp;<\/p>\n<p><strong>Sorties<\/strong><\/p>\n<ul>\n<li>Laure Organise une sortie le 20 Janvier. Le th\u00e8me est le Bleu.<\/li>\n<\/ul>\n<p><strong>\u00a0<\/strong><\/p>\n<p><strong>Les Expos \u00e0 voir<\/strong><\/p>\n<ul>\n<li>Marin Karmitz d\u00e9voile sa collection \u00e0 La Maison Rouge.<\/li>\n<li>\u00ab\u00a0Photographisme, Klein, Ifert, Zamecnik\u00a0\u00bb \u00e0 Beaubourg<\/li>\n<li>B\u00e9n\u00e9dicte organise une visite de l\u2019exposition\u00a0: \u00ab\u00a0 Le Paysage Fran\u00e7ais, une aventure \u00bb\u00a0\u00e0 la BNF Le 30 janvier.<\/li>\n<li>Le Bleu \u00e0 la Galerie impression<\/li>\n<li>R\u00e9trospective Marl\u00e8ne Dietrich \u00e0 la MEP<\/li>\n<\/ul>\n<p>&nbsp;<\/p>\n<p><strong>Le cin\u00e9ma<\/strong><\/p>\n<p>Pierre-Marie nous a pr\u00e9sent\u00e9 3 films<\/p>\n<ul>\n<li>L\u2019\u00e9change des princesses de Marc Dugain<\/li>\n<li>Les Gardiennes de Xavier Beauvois<\/li>\n<li>Tout l&#8217;argent du monde de Ridley Scott<\/li>\n<li>Star Wars, les derniers Jedi de Rian Johnson<\/li>\n<\/ul>\n<p>&nbsp;<\/p>\n<p><strong>Le photographe myst\u00e8re<\/strong><\/p>\n<ul>\n<li>Tania, adh\u00e9rente du mois a pr\u00e9sent\u00e9 C\u00e9line Jentzch. .<\/li>\n<\/ul>\n<p>Vous pouvez \u00a0aller voir le site.<\/p>\n<p>http:\/\/celinejentz<\/p>\n<p>D\u2019abord peintre, elle s\u2019int\u00e9resse \u00e0 la photographie, en pratiquant initialement la macrophotographie.<\/p>\n<p>Autodidacte, c\u2019est au travers de nombreux voyages, notamment en Asie, qu\u2019elle va pleinement s\u2019adonner \u00e0 la photo.<\/p>\n<p>Puis Tania nous a aussi pr\u00e9sent\u00e9 aussi ses photos\u00a0: Les facettes martiniquaises.<\/p>\n<p>&nbsp;<\/p>\n<p>&nbsp;<\/p>\n<p>&nbsp;<\/p>\n<p>&nbsp;<\/p>\n<p>&nbsp;<\/p>\n<p>Et c\u2019est Philippe Rivalain qui sera l\u2019adh\u00e9rent du mois prochain.<\/p>\n<p><img loading=\"lazy\" decoding=\"async\" class=\"alignnone size-medium wp-image-7188\" src=\"http:\/\/oi-paris.com\/wordpress\/wp-content\/uploads\/2018\/01\/PHR_9442-300x200.jpg\" alt=\"\" width=\"300\" height=\"200\" srcset=\"https:\/\/oi-paris.com\/wordpress\/wp-content\/uploads\/2018\/01\/PHR_9442-300x200.jpg 300w, https:\/\/oi-paris.com\/wordpress\/wp-content\/uploads\/2018\/01\/PHR_9442-768x513.jpg 768w, https:\/\/oi-paris.com\/wordpress\/wp-content\/uploads\/2018\/01\/PHR_9442-1024x684.jpg 1024w, https:\/\/oi-paris.com\/wordpress\/wp-content\/uploads\/2018\/01\/PHR_9442-1320x881.jpg 1320w, https:\/\/oi-paris.com\/wordpress\/wp-content\/uploads\/2018\/01\/PHR_9442.jpg 1618w\" sizes=\"auto, (max-width: 300px) 100vw, 300px\" \/><\/p>\n<p><strong>L\u2019Auberge espagnole<\/strong><\/p>\n<ul>\n<li>Pr\u00e9sentation du Prix Betoux\u00a0: Antoine Leblond<\/li>\n<li>Nous \u00e9tions 33 \u00e0 pr\u00e9senter photos, film et diaporamas<\/li>\n<\/ul>\n<p>Jany Fejoz 3 photos<\/p>\n<p>Matthieu Gautier 3 photos<\/p>\n<p>Annie Bor\u00e9z\u00e9e 3 photos<\/p>\n<p>Arb 3 photos<\/p>\n<p>Pierre-Emmanuel 3 photos<\/p>\n<p>Jean Marie Belloc 3 photos<\/p>\n<p>Carine Serodes Louis 3 photos<\/p>\n<p>DG 3 photos<\/p>\n<p>Rozenn 3 photos<\/p>\n<p>Emmanuel Vaney 3 photos<\/p>\n<p>Jany Fejoz 1 Diaporama\u00a0: enfin l\u2019hiver<\/p>\n<p>Eric Chatelin 3 photos<\/p>\n<p>Stephane Erviel 3 photos<\/p>\n<p>Fabien Mirzayan 3 photos<\/p>\n<p>Camille et Fatma 1 Film<\/p>\n<p>H\u00e9l\u00e8ne Lefelle 3 photos<\/p>\n<p>Jeannine Laik 3 photos<\/p>\n<p>Isabelle 3 photos<\/p>\n<p>Jacques Amiel 3 photos<\/p>\n<p>Jean-Claude Veran 3 photos<\/p>\n<p>Jean-Paul Petit 3 photos<\/p>\n<p>KOB 3 photos<\/p>\n<p>Laure Rousville 3 photos<\/p>\n<p>Marco 3 photos<\/p>\n<p>Mustapha 3 photos<\/p>\n<p>Patrice Dupuy 3 photos<\/p>\n<p>Philippe Rivalain 3 photos<\/p>\n<p>Pierre Marie 3 photos<\/p>\n<p>Richard 3 photos<\/p>\n<p>Serra 3 photos<\/p>\n<p>St\u00e9phane Derny 3 photos<\/p>\n<p>Taraneh 3 photos<\/p>\n","protected":false},"excerpt":{"rendered":"<p>Nous \u00e9tions une soixantaine de participants inaugurant l\u2019ann\u00e9e 2018. En commen\u00e7ant par\u00a0: &nbsp; La Vie au club Vernissage du 9 janvier de l \u2018exposition de photos faites au cours de l\u2019ann\u00e9e a l\u2019occasion des&#46;&#46;&#46;<\/p>\n","protected":false},"author":1,"featured_media":7188,"comment_status":"closed","ping_status":"closed","sticky":false,"template":"","format":"image","meta":{"_acf_changed":false,"_oasis_is_in_workflow":0,"_oasis_original":0,"_uag_custom_page_level_css":"","footnotes":""},"categories":[8],"tags":[],"class_list":["post-7185","post","type-post","status-publish","format-image","has-post-thumbnail","hentry","category-mardi-doi","post_format-post-format-image"],"acf":[],"uagb_featured_image_src":{"full":["https:\/\/oi-paris.com\/wordpress\/wp-content\/uploads\/2018\/01\/PHR_9442.jpg",1618,1080,false],"thumbnail":["https:\/\/oi-paris.com\/wordpress\/wp-content\/uploads\/2018\/01\/PHR_9442-150x150.jpg",150,150,true],"medium":["https:\/\/oi-paris.com\/wordpress\/wp-content\/uploads\/2018\/01\/PHR_9442-300x200.jpg",300,200,true],"medium_large":["https:\/\/oi-paris.com\/wordpress\/wp-content\/uploads\/2018\/01\/PHR_9442-768x513.jpg",768,513,true],"large":["https:\/\/oi-paris.com\/wordpress\/wp-content\/uploads\/2018\/01\/PHR_9442-1024x684.jpg",1024,684,true],"1536x1536":["https:\/\/oi-paris.com\/wordpress\/wp-content\/uploads\/2018\/01\/PHR_9442.jpg",1536,1025,false],"2048x2048":["https:\/\/oi-paris.com\/wordpress\/wp-content\/uploads\/2018\/01\/PHR_9442.jpg",1618,1080,false],"thumb-small":["https:\/\/oi-paris.com\/wordpress\/wp-content\/uploads\/2018\/01\/PHR_9442-160x160.jpg",80,80,true],"thumb-standard":["https:\/\/oi-paris.com\/wordpress\/wp-content\/uploads\/2018\/01\/PHR_9442-320x320.jpg",320,320,true],"thumb-medium":["https:\/\/oi-paris.com\/wordpress\/wp-content\/uploads\/2018\/01\/PHR_9442-520x245.jpg",520,245,true],"thumb-large":["https:\/\/oi-paris.com\/wordpress\/wp-content\/uploads\/2018\/01\/PHR_9442-720x340.jpg",720,340,true],"thumb-xlarge":["https:\/\/oi-paris.com\/wordpress\/wp-content\/uploads\/2018\/01\/PHR_9442-980x450.jpg",980,450,true],"thumb-xxlarge":["https:\/\/oi-paris.com\/wordpress\/wp-content\/uploads\/2018\/01\/PHR_9442-1320x500.jpg",1320,500,true],"mailpoet_newsletter_max":["https:\/\/oi-paris.com\/wordpress\/wp-content\/uploads\/2018\/01\/PHR_9442-1320x881.jpg",1320,881,true]},"uagb_author_info":{"display_name":"stephane D","author_link":"https:\/\/oi-paris.com\/wordpress\/author\/stephane\/"},"uagb_comment_info":0,"uagb_excerpt":"Nous \u00e9tions une soixantaine de participants inaugurant l\u2019ann\u00e9e 2018. En commen\u00e7ant par\u00a0: &nbsp; La Vie au club Vernissage du 9 janvier de l \u2018exposition de photos faites au cours de l\u2019ann\u00e9e a l\u2019occasion des&#46;&#46;&#46;","_links":{"self":[{"href":"https:\/\/oi-paris.com\/wordpress\/wp-json\/wp\/v2\/posts\/7185","targetHints":{"allow":["GET"]}}],"collection":[{"href":"https:\/\/oi-paris.com\/wordpress\/wp-json\/wp\/v2\/posts"}],"about":[{"href":"https:\/\/oi-paris.com\/wordpress\/wp-json\/wp\/v2\/types\/post"}],"author":[{"embeddable":true,"href":"https:\/\/oi-paris.com\/wordpress\/wp-json\/wp\/v2\/users\/1"}],"replies":[{"embeddable":true,"href":"https:\/\/oi-paris.com\/wordpress\/wp-json\/wp\/v2\/comments?post=7185"}],"version-history":[{"count":5,"href":"https:\/\/oi-paris.com\/wordpress\/wp-json\/wp\/v2\/posts\/7185\/revisions"}],"predecessor-version":[{"id":7229,"href":"https:\/\/oi-paris.com\/wordpress\/wp-json\/wp\/v2\/posts\/7185\/revisions\/7229"}],"wp:featuredmedia":[{"embeddable":true,"href":"https:\/\/oi-paris.com\/wordpress\/wp-json\/wp\/v2\/media\/7188"}],"wp:attachment":[{"href":"https:\/\/oi-paris.com\/wordpress\/wp-json\/wp\/v2\/media?parent=7185"}],"wp:term":[{"taxonomy":"category","embeddable":true,"href":"https:\/\/oi-paris.com\/wordpress\/wp-json\/wp\/v2\/categories?post=7185"},{"taxonomy":"post_tag","embeddable":true,"href":"https:\/\/oi-paris.com\/wordpress\/wp-json\/wp\/v2\/tags?post=7185"}],"curies":[{"name":"wp","href":"https:\/\/api.w.org\/{rel}","templated":true}]}}