{"id":7330,"date":"2018-01-25T10:40:00","date_gmt":"2018-01-25T08:40:00","guid":{"rendered":"http:\/\/oi-paris.com\/wordpress\/?p=7330"},"modified":"2018-04-06T10:57:56","modified_gmt":"2018-04-06T08:57:56","slug":"mardi-technique-13-fevrier-2018","status":"publish","type":"post","link":"https:\/\/oi-paris.com\/wordpress\/2018\/01\/25\/mardi-technique-13-fevrier-2018\/","title":{"rendered":"Mardi Technique 13 F\u00e9vrier 2018"},"content":{"rendered":"<p>&nbsp;<\/p>\n<h3><a href=\"http:\/\/oi-paris.com\/wordpress\/wp-content\/uploads\/2015\/08\/Photo-carre.jpg\" data-rel=\"lightbox-image-0\" data-rl_title=\"\" data-rl_caption=\"\" title=\"\"><img loading=\"lazy\" decoding=\"async\" class=\"alignnone wp-image-1415 size-thumbnail\" src=\"http:\/\/oi-paris.com\/wordpress\/wp-content\/uploads\/2015\/08\/Photo-carre-150x150.jpg\" alt=\"Photo-carre\" width=\"150\" height=\"150\" srcset=\"https:\/\/oi-paris.com\/wordpress\/wp-content\/uploads\/2015\/08\/Photo-carre-150x150.jpg 150w, https:\/\/oi-paris.com\/wordpress\/wp-content\/uploads\/2015\/08\/Photo-carre-300x300.jpg 300w, https:\/\/oi-paris.com\/wordpress\/wp-content\/uploads\/2015\/08\/Photo-carre-160x160.jpg 160w, https:\/\/oi-paris.com\/wordpress\/wp-content\/uploads\/2015\/08\/Photo-carre-320x320.jpg 320w, https:\/\/oi-paris.com\/wordpress\/wp-content\/uploads\/2015\/08\/Photo-carre.jpg 463w\" sizes=\"auto, (max-width: 150px) 100vw, 150px\" \/><\/a><\/h3>\n<h3><span style=\"color: #000000;\"><strong>La question technique<\/strong><\/span><\/h3>\n<p><span style=\"color: #000000;\">Envoyez votre question technique \u00e0<\/span>\u00a0<a href=\"mailto:pebeauchaud@free.fr\">Pierre-Emmanuel<\/a>. <span style=\"color: #000000;\">Pouvez vous fournir une photo avec votre question?<\/span><\/p>\n<h3><span style=\"color: #000000;\"><strong>Pr\u00e9paration au Salon individuel<\/strong><\/span><\/h3>\n<p><span style=\"color: #000000;\">Le salon individuel s&#8217;adresse \u00e0 tous les adh\u00e9rents. Il y a deux sections :<\/span><\/p>\n<ul>\n<li><span style=\"color: #000000;\">Monochrome<\/span><\/li>\n<li><span style=\"color: #000000;\">Couleur<\/span><\/li>\n<\/ul>\n<p><span style=\"color: #000000;\">Il n&#8217;y a pas de th\u00e8me impos\u00e9. Ce salon permet de pr\u00e9senter 1 \u00e0 3 photos couleurs et 1 \u00e0 3 photos monochromes.<\/span><\/p>\n<p><span style=\"color: #000000;\">Les auteurs voulant participer au salon individuel peuvent pr\u00e9senter 5 \u00e0 6 photos couleurs et 5 \u00e0 6 photos monochromes en jpg pour une critique positive.<\/span><\/p>\n<p><span style=\"color: #000000;\">L&#8217;envoi des fichiers devant \u00eatre fait pour le 12 mars 2018. Je r\u00e9ceptionne vos fichiers jusqu&#8217;au 1er Mars 2018. Ils doivent \u00eatre compris dans un 1920*1080 Pixels et nomm\u00e9s de la fa\u00e7on suivante:<\/span><\/p>\n<p><span style=\"color: #000000;\">Titre-prenom-nom-OI-XXXX.jpg<\/span><br \/>\n<span style=\"color: #000000;\">XXXX (nom du club OI)<\/span><\/p>\n<p>&nbsp;<\/p>\n<h3><span style=\"color: #000000;\"><strong>Pr\u00e9paration de l&#8217;exposition &#8220;autoportrait&#8221;<\/strong><\/span><\/h3>\n<p><span style=\"color: #000000;\">Dans le cadre de la collaboration avec les autres associations du groupe, une exposition sur le th\u00e8me\u00a0de l&#8217;autoportrait aura lieu en mars 2019 avec la soci\u00e9t\u00e9 artistique. Pour pr\u00e9parer cette exposition vous pouvez apporter une ou deux photos sur ce th\u00e8me.\u00a0<\/span><\/p>\n<h3><span style=\"color: #000000;\"><strong>C&#8217;est o\u00f9 ?<\/strong><\/span><\/h3>\n<p><span style=\"color: #000000;\"><strong>Maison des associations 8 rue Brillat-Savarin 75013 Paris. (Salle RC1)<\/strong><\/span><\/p>\n<h3><span style=\"color: #000000;\"><strong>C&#8217;est quand ?<\/strong><\/span><\/h3>\n<p><span style=\"color: #000000;\">Mardi 13 F\u00e9vrier 2018 \u00e0 partir de 19h30<\/span><\/p>\n<h3><span style=\"color: #000000;\"><strong>Contacts<\/strong><\/span><\/h3>\n<p><a href=\"mailto:genevoisb94@gmail.com\">Bernard<\/a>\u00a0<span style=\"color: #000000;\">ou<\/span>\u00a0<a href=\"mailto:pebeauchaud@free.fr\">Pierre-Emmanuel<\/a><\/p>\n","protected":false},"excerpt":{"rendered":"<p>&nbsp; La question technique Envoyez votre question technique \u00e0\u00a0Pierre-Emmanuel. Pouvez vous fournir une photo avec votre question? Pr\u00e9paration au Salon individuel Le salon individuel s&#8217;adresse \u00e0 tous les adh\u00e9rents. Il y a deux sections&#46;&#46;&#46;<\/p>\n","protected":false},"author":1,"featured_media":6841,"comment_status":"closed","ping_status":"closed","sticky":false,"template":"","format":"standard","meta":{"_acf_changed":false,"_oasis_is_in_workflow":0,"_oasis_original":0,"_uag_custom_page_level_css":"","footnotes":""},"categories":[4,9],"tags":[],"class_list":["post-7330","post","type-post","status-publish","format-standard","has-post-thumbnail","hentry","category-concours","category-photo"],"acf":[],"uagb_featured_image_src":{"full":["https:\/\/oi-paris.com\/wordpress\/wp-content\/uploads\/2017\/11\/@@-OIP-Dupre-Rozenn-1-2.jpg",1620,1080,false],"thumbnail":["https:\/\/oi-paris.com\/wordpress\/wp-content\/uploads\/2017\/11\/@@-OIP-Dupre-Rozenn-1-2-150x150.jpg",150,150,true],"medium":["https:\/\/oi-paris.com\/wordpress\/wp-content\/uploads\/2017\/11\/@@-OIP-Dupre-Rozenn-1-2-300x200.jpg",300,200,true],"medium_large":["https:\/\/oi-paris.com\/wordpress\/wp-content\/uploads\/2017\/11\/@@-OIP-Dupre-Rozenn-1-2-768x512.jpg",768,512,true],"large":["https:\/\/oi-paris.com\/wordpress\/wp-content\/uploads\/2017\/11\/@@-OIP-Dupre-Rozenn-1-2-1024x683.jpg",1024,683,true],"1536x1536":["https:\/\/oi-paris.com\/wordpress\/wp-content\/uploads\/2017\/11\/@@-OIP-Dupre-Rozenn-1-2.jpg",1536,1024,false],"2048x2048":["https:\/\/oi-paris.com\/wordpress\/wp-content\/uploads\/2017\/11\/@@-OIP-Dupre-Rozenn-1-2.jpg",1620,1080,false],"thumb-small":["https:\/\/oi-paris.com\/wordpress\/wp-content\/uploads\/2017\/11\/@@-OIP-Dupre-Rozenn-1-2-160x160.jpg",80,80,true],"thumb-standard":["https:\/\/oi-paris.com\/wordpress\/wp-content\/uploads\/2017\/11\/@@-OIP-Dupre-Rozenn-1-2-320x320.jpg",320,320,true],"thumb-medium":["https:\/\/oi-paris.com\/wordpress\/wp-content\/uploads\/2017\/11\/@@-OIP-Dupre-Rozenn-1-2-520x245.jpg",520,245,true],"thumb-large":["https:\/\/oi-paris.com\/wordpress\/wp-content\/uploads\/2017\/11\/@@-OIP-Dupre-Rozenn-1-2-720x340.jpg",720,340,true],"thumb-xlarge":["https:\/\/oi-paris.com\/wordpress\/wp-content\/uploads\/2017\/11\/@@-OIP-Dupre-Rozenn-1-2-980x450.jpg",980,450,true],"thumb-xxlarge":["https:\/\/oi-paris.com\/wordpress\/wp-content\/uploads\/2017\/11\/@@-OIP-Dupre-Rozenn-1-2-1320x500.jpg",1320,500,true],"mailpoet_newsletter_max":["https:\/\/oi-paris.com\/wordpress\/wp-content\/uploads\/2017\/11\/@@-OIP-Dupre-Rozenn-1-2-1320x880.jpg",1320,880,true]},"uagb_author_info":{"display_name":"stephane D","author_link":"https:\/\/oi-paris.com\/wordpress\/author\/stephane\/"},"uagb_comment_info":0,"uagb_excerpt":"&nbsp; La question technique Envoyez votre question technique \u00e0\u00a0Pierre-Emmanuel. Pouvez vous fournir une photo avec votre question? Pr\u00e9paration au Salon individuel Le salon individuel s&#8217;adresse \u00e0 tous les adh\u00e9rents. Il y a deux sections&#46;&#46;&#46;","_links":{"self":[{"href":"https:\/\/oi-paris.com\/wordpress\/wp-json\/wp\/v2\/posts\/7330","targetHints":{"allow":["GET"]}}],"collection":[{"href":"https:\/\/oi-paris.com\/wordpress\/wp-json\/wp\/v2\/posts"}],"about":[{"href":"https:\/\/oi-paris.com\/wordpress\/wp-json\/wp\/v2\/types\/post"}],"author":[{"embeddable":true,"href":"https:\/\/oi-paris.com\/wordpress\/wp-json\/wp\/v2\/users\/1"}],"replies":[{"embeddable":true,"href":"https:\/\/oi-paris.com\/wordpress\/wp-json\/wp\/v2\/comments?post=7330"}],"version-history":[{"count":2,"href":"https:\/\/oi-paris.com\/wordpress\/wp-json\/wp\/v2\/posts\/7330\/revisions"}],"predecessor-version":[{"id":7635,"href":"https:\/\/oi-paris.com\/wordpress\/wp-json\/wp\/v2\/posts\/7330\/revisions\/7635"}],"wp:featuredmedia":[{"embeddable":true,"href":"https:\/\/oi-paris.com\/wordpress\/wp-json\/wp\/v2\/media\/6841"}],"wp:attachment":[{"href":"https:\/\/oi-paris.com\/wordpress\/wp-json\/wp\/v2\/media?parent=7330"}],"wp:term":[{"taxonomy":"category","embeddable":true,"href":"https:\/\/oi-paris.com\/wordpress\/wp-json\/wp\/v2\/categories?post=7330"},{"taxonomy":"post_tag","embeddable":true,"href":"https:\/\/oi-paris.com\/wordpress\/wp-json\/wp\/v2\/tags?post=7330"}],"curies":[{"name":"wp","href":"https:\/\/api.w.org\/{rel}","templated":true}]}}