{"id":7336,"date":"2018-02-01T16:50:39","date_gmt":"2018-02-01T14:50:39","guid":{"rendered":"http:\/\/oi-paris.com\/wordpress\/?p=7336"},"modified":"2018-02-08T12:50:42","modified_gmt":"2018-02-08T10:50:42","slug":"mardi-doi-avec-crepes","status":"publish","type":"post","link":"https:\/\/oi-paris.com\/wordpress\/2018\/02\/01\/mardi-doi-avec-crepes\/","title":{"rendered":"Mardi d&#8217;OI (avec Cr\u00eapes)"},"content":{"rendered":"<p><strong><span style=\"color: #000000;\">Mardi d&#8217;OI \u00a0de f\u00e9vrier, le 6<\/span><\/strong><\/p>\n<p><span style=\"color: #000000;\">\u00e0 partir de 19h et g<\/span><span style=\"color: #000000;\">r\u00e2ce \u00e0 Laure, la soir\u00e9e se terminera avec quelques cr\u00eapes.<\/span><\/p>\n<p><span style=\"color: #000000;\">S\u00e9quences habituelles<\/span><\/p>\n<ul>\n<li><span style=\"color: #000000;\">La vie au club<\/span><\/li>\n<li><span style=\"color: #000000;\">Les expos \u00e0 voir<\/span><\/li>\n<li><span style=\"color: #000000;\">Le photographe myst\u00e8re<\/span><\/li>\n<li><span style=\"color: #000000;\">l&#8217;adh\u00e9rent du mois<\/span><\/li>\n<li><span style=\"color: #000000;\">L&#8217;auberge espagnole.<\/span><\/li>\n<\/ul>\n<p><span style=\"color: #000000;\">N&#8217;oubliez pas vos trois photos (jpeg 1920&#215;1080 pixels), et votre photo de pr\u00e9sentation<\/span><\/p>\n<p>&nbsp;<\/p>\n<p>&nbsp;<\/p>\n<p>&nbsp;<\/p>\n","protected":false},"excerpt":{"rendered":"<p>Mardi d&#8217;OI \u00a0de f\u00e9vrier, le 6 \u00e0 partir de 19h et gr\u00e2ce \u00e0 Laure, la soir\u00e9e se terminera avec quelques cr\u00eapes. S\u00e9quences habituelles La vie au club Les expos \u00e0 voir Le photographe myst\u00e8re&#46;&#46;&#46;<\/p>\n","protected":false},"author":4,"featured_media":1185,"comment_status":"closed","ping_status":"closed","sticky":false,"template":"","format":"standard","meta":{"_acf_changed":false,"_oasis_is_in_workflow":0,"_oasis_original":0,"_uag_custom_page_level_css":"","footnotes":""},"categories":[8],"tags":[],"class_list":["post-7336","post","type-post","status-publish","format-standard","has-post-thumbnail","hentry","category-mardi-doi"],"acf":[],"uagb_featured_image_src":{"full":["https:\/\/oi-paris.com\/wordpress\/wp-content\/uploads\/2015\/04\/A_voir11.jpg",980,463,false],"thumbnail":["https:\/\/oi-paris.com\/wordpress\/wp-content\/uploads\/2015\/04\/A_voir11-150x150.jpg",150,150,true],"medium":["https:\/\/oi-paris.com\/wordpress\/wp-content\/uploads\/2015\/04\/A_voir11-300x142.jpg",300,142,true],"medium_large":["https:\/\/oi-paris.com\/wordpress\/wp-content\/uploads\/2015\/04\/A_voir11.jpg",768,363,false],"large":["https:\/\/oi-paris.com\/wordpress\/wp-content\/uploads\/2015\/04\/A_voir11.jpg",980,463,false],"1536x1536":["https:\/\/oi-paris.com\/wordpress\/wp-content\/uploads\/2015\/04\/A_voir11.jpg",980,463,false],"2048x2048":["https:\/\/oi-paris.com\/wordpress\/wp-content\/uploads\/2015\/04\/A_voir11.jpg",980,463,false],"thumb-small":["https:\/\/oi-paris.com\/wordpress\/wp-content\/uploads\/2015\/04\/A_voir11.jpg",80,38,false],"thumb-standard":["https:\/\/oi-paris.com\/wordpress\/wp-content\/uploads\/2015\/04\/A_voir11.jpg",320,151,false],"thumb-medium":["https:\/\/oi-paris.com\/wordpress\/wp-content\/uploads\/2015\/04\/A_voir11.jpg",520,245,false],"thumb-large":["https:\/\/oi-paris.com\/wordpress\/wp-content\/uploads\/2015\/04\/A_voir11.jpg",720,340,false],"thumb-xlarge":["https:\/\/oi-paris.com\/wordpress\/wp-content\/uploads\/2015\/04\/A_voir11.jpg",952,450,false],"thumb-xxlarge":["https:\/\/oi-paris.com\/wordpress\/wp-content\/uploads\/2015\/04\/A_voir11.jpg",980,463,false],"mailpoet_newsletter_max":["https:\/\/oi-paris.com\/wordpress\/wp-content\/uploads\/2015\/04\/A_voir11.jpg",980,463,false]},"uagb_author_info":{"display_name":"Jean Paul Petit","author_link":"https:\/\/oi-paris.com\/wordpress\/author\/jean-paul\/"},"uagb_comment_info":0,"uagb_excerpt":"Mardi d&#8217;OI \u00a0de f\u00e9vrier, le 6 \u00e0 partir de 19h et gr\u00e2ce \u00e0 Laure, la soir\u00e9e se terminera avec quelques cr\u00eapes. S\u00e9quences habituelles La vie au club Les expos \u00e0 voir Le photographe myst\u00e8re&#46;&#46;&#46;","_links":{"self":[{"href":"https:\/\/oi-paris.com\/wordpress\/wp-json\/wp\/v2\/posts\/7336","targetHints":{"allow":["GET"]}}],"collection":[{"href":"https:\/\/oi-paris.com\/wordpress\/wp-json\/wp\/v2\/posts"}],"about":[{"href":"https:\/\/oi-paris.com\/wordpress\/wp-json\/wp\/v2\/types\/post"}],"author":[{"embeddable":true,"href":"https:\/\/oi-paris.com\/wordpress\/wp-json\/wp\/v2\/users\/4"}],"replies":[{"embeddable":true,"href":"https:\/\/oi-paris.com\/wordpress\/wp-json\/wp\/v2\/comments?post=7336"}],"version-history":[{"count":1,"href":"https:\/\/oi-paris.com\/wordpress\/wp-json\/wp\/v2\/posts\/7336\/revisions"}],"predecessor-version":[{"id":7337,"href":"https:\/\/oi-paris.com\/wordpress\/wp-json\/wp\/v2\/posts\/7336\/revisions\/7337"}],"wp:featuredmedia":[{"embeddable":true,"href":"https:\/\/oi-paris.com\/wordpress\/wp-json\/wp\/v2\/media\/1185"}],"wp:attachment":[{"href":"https:\/\/oi-paris.com\/wordpress\/wp-json\/wp\/v2\/media?parent=7336"}],"wp:term":[{"taxonomy":"category","embeddable":true,"href":"https:\/\/oi-paris.com\/wordpress\/wp-json\/wp\/v2\/categories?post=7336"},{"taxonomy":"post_tag","embeddable":true,"href":"https:\/\/oi-paris.com\/wordpress\/wp-json\/wp\/v2\/tags?post=7336"}],"curies":[{"name":"wp","href":"https:\/\/api.w.org\/{rel}","templated":true}]}}