{"id":7411,"date":"2018-02-15T11:32:00","date_gmt":"2018-02-15T09:32:00","guid":{"rendered":"http:\/\/oi-paris.com\/wordpress\/?p=7411"},"modified":"2018-03-02T10:10:49","modified_gmt":"2018-03-02T08:10:49","slug":"nous-attendons-vos-photos-pour-le-salon-individuel","status":"publish","type":"post","link":"https:\/\/oi-paris.com\/wordpress\/2018\/02\/15\/nous-attendons-vos-photos-pour-le-salon-individuel\/","title":{"rendered":"Nous attendons vos photos pour le salon individuel !!!"},"content":{"rendered":"<h2><span style=\"color: #ff0000;\">Apr\u00e8s le 5\/03\/2018, il sera trop tard\u00a0 !!!<\/span><\/h2>\n<div class=\"chapo\">\n<p><span style=\"color: #000000;\">Le salon individuel permet \u00e0 tous les membres d&#8217;Objectif Image de pr\u00e9senter des photographies pour participer \u00e0 un salon.<\/span><\/p>\n<p><span style=\"color: #000000;\">Le<strong>\u00a044\u00b0 Salon National Individuel d\u2019Objectif Image<\/strong>\u00a0sera accueilli du 18 juin au 01 Juillet 2018 \u00e0\u00a0<strong>BORDEAUX<\/strong>.<\/span><\/p>\n<\/div>\n<div class=\"texte\">\n<p><span style=\"color: #000000;\">Peuvent y participer tous les membres\u00a0\u00a0<strong>OBJECTIF IMAGE<\/strong>\u00a0 <strong>Paris<\/strong> \u00e0 jour de leur cotisation.<\/span><\/p>\n<p><span style=\"color: #000000;\"><em>Deux Sections sont pr\u00e9vues\u00a0:<\/em><\/span><\/p>\n<p><span style=\"color: #000000;\"><img loading=\"lazy\" decoding=\"async\" src=\"http:\/\/www.objectif-image.fr\/local\/cache-vignettes\/L10xH10\/puce-cebf5.gif\" alt=\"-\" width=\"10\" height=\"10\" \/>\u00a0monochrome<\/span><br \/>\n<span style=\"color: #000000;\"> <img loading=\"lazy\" decoding=\"async\" src=\"http:\/\/www.objectif-image.fr\/local\/cache-vignettes\/L10xH10\/puce-cebf5.gif\" alt=\"-\" width=\"10\" height=\"10\" \/>\u00a0couleur\u00a0<\/span><\/p>\n<p><span style=\"color: #000000;\">Pour chacune de ces deux Sections, chaque auteur ne peut pr\u00e9senter que de <strong>1<\/strong> \u00e0 <strong>3<\/strong>\u00a0 photographies au\u00a0<strong>maximum. <\/strong>Aucun th\u00e8me n\u2019est impos\u00e9.<\/span><\/p>\n<p><span style=\"color: #000000;\">Cette ann\u00e9e encore, l\u2019organisation du jury se fera en deux temps.\u00a0<\/span><span style=\"color: #000000;\">Dans un premier temps vous envoyez uniquement les images sous forme de fichiers num\u00e9riques , ceci pour permettre une pr\u00e9s\u00e9lection.\u00a0<\/span><span style=\"color: #000000;\">Dans un second temps, vous envoyez uniquement les photos pr\u00e9s\u00e9lectionn\u00e9es sous forme papier pour participer \u00e0 la s\u00e9lection finale.<\/span><\/p>\n<\/div>\n<p><span style=\"color: #000000;\"><strong>Modalit\u00e9s pour participer :<\/strong><\/span><\/p>\n<p><span style=\"color: #000000;\">Envoyez vos photos \u00e0 <a href=\"mailto:pebeauchaud@free.fr\">Pierre-Emmanuel<\/a> avant le<strong> 05\/03\/2018<\/strong>.<\/span><\/p>\n<p><span style=\"color: #000000;\">Les images seront en JPG, r\u00e9solution de 1920*1080 pixels au maximum, 3 Mo maximum. Le\u00a0<\/span><span style=\"color: #000000;\">profil colorim\u00e9trique devra \u00eatre du SRGB.\u00a0<\/span><\/p>\n<p><span style=\"color: #000000;\">Le nommage des fichiers sera :Titre-pr\u00e9nom-nom-OI-Paris.jpg<\/span><\/p>\n","protected":false},"excerpt":{"rendered":"<p>Apr\u00e8s le 5\/03\/2018, il sera trop tard\u00a0 !!! Le salon individuel permet \u00e0 tous les membres d&#8217;Objectif Image de pr\u00e9senter des photographies pour participer \u00e0 un salon. Le\u00a044\u00b0 Salon National Individuel d\u2019Objectif Image\u00a0sera accueilli&#46;&#46;&#46;<\/p>\n","protected":false},"author":1,"featured_media":6842,"comment_status":"closed","ping_status":"closed","sticky":false,"template":"","format":"standard","meta":{"_acf_changed":false,"_oasis_is_in_workflow":0,"_oasis_original":0,"_uag_custom_page_level_css":"","footnotes":""},"categories":[4,9],"tags":[],"class_list":["post-7411","post","type-post","status-publish","format-standard","has-post-thumbnail","hentry","category-concours","category-photo"],"acf":[],"uagb_featured_image_src":{"full":["https:\/\/oi-paris.com\/wordpress\/wp-content\/uploads\/2017\/11\/@@-OIP-Dupre-Rozenn-1-3.jpg",1620,1080,false],"thumbnail":["https:\/\/oi-paris.com\/wordpress\/wp-content\/uploads\/2017\/11\/@@-OIP-Dupre-Rozenn-1-3-150x150.jpg",150,150,true],"medium":["https:\/\/oi-paris.com\/wordpress\/wp-content\/uploads\/2017\/11\/@@-OIP-Dupre-Rozenn-1-3-300x200.jpg",300,200,true],"medium_large":["https:\/\/oi-paris.com\/wordpress\/wp-content\/uploads\/2017\/11\/@@-OIP-Dupre-Rozenn-1-3-768x512.jpg",768,512,true],"large":["https:\/\/oi-paris.com\/wordpress\/wp-content\/uploads\/2017\/11\/@@-OIP-Dupre-Rozenn-1-3-1024x683.jpg",1024,683,true],"1536x1536":["https:\/\/oi-paris.com\/wordpress\/wp-content\/uploads\/2017\/11\/@@-OIP-Dupre-Rozenn-1-3.jpg",1536,1024,false],"2048x2048":["https:\/\/oi-paris.com\/wordpress\/wp-content\/uploads\/2017\/11\/@@-OIP-Dupre-Rozenn-1-3.jpg",1620,1080,false],"thumb-small":["https:\/\/oi-paris.com\/wordpress\/wp-content\/uploads\/2017\/11\/@@-OIP-Dupre-Rozenn-1-3-160x160.jpg",80,80,true],"thumb-standard":["https:\/\/oi-paris.com\/wordpress\/wp-content\/uploads\/2017\/11\/@@-OIP-Dupre-Rozenn-1-3-320x320.jpg",320,320,true],"thumb-medium":["https:\/\/oi-paris.com\/wordpress\/wp-content\/uploads\/2017\/11\/@@-OIP-Dupre-Rozenn-1-3-520x245.jpg",520,245,true],"thumb-large":["https:\/\/oi-paris.com\/wordpress\/wp-content\/uploads\/2017\/11\/@@-OIP-Dupre-Rozenn-1-3-720x340.jpg",720,340,true],"thumb-xlarge":["https:\/\/oi-paris.com\/wordpress\/wp-content\/uploads\/2017\/11\/@@-OIP-Dupre-Rozenn-1-3-980x450.jpg",980,450,true],"thumb-xxlarge":["https:\/\/oi-paris.com\/wordpress\/wp-content\/uploads\/2017\/11\/@@-OIP-Dupre-Rozenn-1-3-1320x500.jpg",1320,500,true],"mailpoet_newsletter_max":["https:\/\/oi-paris.com\/wordpress\/wp-content\/uploads\/2017\/11\/@@-OIP-Dupre-Rozenn-1-3-1320x880.jpg",1320,880,true]},"uagb_author_info":{"display_name":"stephane D","author_link":"https:\/\/oi-paris.com\/wordpress\/author\/stephane\/"},"uagb_comment_info":0,"uagb_excerpt":"Apr\u00e8s le 5\/03\/2018, il sera trop tard\u00a0 !!! Le salon individuel permet \u00e0 tous les membres d&#8217;Objectif Image de pr\u00e9senter des photographies pour participer \u00e0 un salon. Le\u00a044\u00b0 Salon National Individuel d\u2019Objectif Image\u00a0sera accueilli&#46;&#46;&#46;","_links":{"self":[{"href":"https:\/\/oi-paris.com\/wordpress\/wp-json\/wp\/v2\/posts\/7411","targetHints":{"allow":["GET"]}}],"collection":[{"href":"https:\/\/oi-paris.com\/wordpress\/wp-json\/wp\/v2\/posts"}],"about":[{"href":"https:\/\/oi-paris.com\/wordpress\/wp-json\/wp\/v2\/types\/post"}],"author":[{"embeddable":true,"href":"https:\/\/oi-paris.com\/wordpress\/wp-json\/wp\/v2\/users\/1"}],"replies":[{"embeddable":true,"href":"https:\/\/oi-paris.com\/wordpress\/wp-json\/wp\/v2\/comments?post=7411"}],"version-history":[{"count":2,"href":"https:\/\/oi-paris.com\/wordpress\/wp-json\/wp\/v2\/posts\/7411\/revisions"}],"predecessor-version":[{"id":7526,"href":"https:\/\/oi-paris.com\/wordpress\/wp-json\/wp\/v2\/posts\/7411\/revisions\/7526"}],"wp:featuredmedia":[{"embeddable":true,"href":"https:\/\/oi-paris.com\/wordpress\/wp-json\/wp\/v2\/media\/6842"}],"wp:attachment":[{"href":"https:\/\/oi-paris.com\/wordpress\/wp-json\/wp\/v2\/media?parent=7411"}],"wp:term":[{"taxonomy":"category","embeddable":true,"href":"https:\/\/oi-paris.com\/wordpress\/wp-json\/wp\/v2\/categories?post=7411"},{"taxonomy":"post_tag","embeddable":true,"href":"https:\/\/oi-paris.com\/wordpress\/wp-json\/wp\/v2\/tags?post=7411"}],"curies":[{"name":"wp","href":"https:\/\/api.w.org\/{rel}","templated":true}]}}