{"id":7531,"date":"2018-03-09T12:14:00","date_gmt":"2018-03-09T10:14:00","guid":{"rendered":"http:\/\/oi-paris.com\/wordpress\/?p=7531"},"modified":"2019-03-05T11:35:24","modified_gmt":"2019-03-05T10:35:24","slug":"resume-du-1er-mardi-doi-du-mois-de-mars","status":"publish","type":"post","link":"https:\/\/oi-paris.com\/wordpress\/2018\/03\/09\/resume-du-1er-mardi-doi-du-mois-de-mars\/","title":{"rendered":"R\u00e9sum\u00e9 du 1er Mardi d&#8217;OI du mois de Mars"},"content":{"rendered":"<p>Christian Brion nous pr\u00e9sente la nouvelle exposition du club\u00a0: tr\u00e8s musicale avec les peintres, les photographes.<\/p>\n<p>La vie au club<br \/>\n\u2981 Christelle pr\u00e9sente la revue &#8220;Images&#8221;. Si vous voulez participer, envoyez-lui un mail.<br \/>\n\u2981 Le mercredi 7 mars s\u2019est tenue l\u2019assembl\u00e9e g\u00e9n\u00e9rale<br \/>\n\u2981 Vous pouvez encore envoyer vos photos pour le concours individuel \u00e0 Pierre-Emmanuel (3NB et ou 3C).<br \/>\n\u2981 Laure propose de s\u00e9lectionner des photos sur le th\u00e8me \u00ab\u00a0Neige et Intemp\u00e9ries\u00a0\u00e0 Paris\u00a0\u00bb le 22 Mars \u00e0 19h30 en vue d\u2019une exposition<br \/>\n\u2981 Pour le mardi technique, Pierre-Emmanuel demande d\u2019apporter des photos pour le printemps d\u2019OI autour du th\u00e8me \u00ab\u00a0Vivre en Ville\u00a0\u00bb. L\u2019exposition se d\u00e9roulera la 2\u00e8me quinzaine de mai.<br \/>\n\u2981 Rencontre avec Florence Rivi\u00e8re le 17 avril 2018 \u00e0 19h autour de son livre \u00ab\u00a0L\u2019Art de la Pose\u00a0\u00bb.<br \/>\n\u2981 Emmanuel propose un stage technique sur la lumi\u00e8re au studio le 17 Mars et vous avez la possibilit\u00e9 de vous inscrire jusqu\u2019au jeudi 15 mars.<\/p>\n<p>Les expos \u00e0 voir<br \/>\n\u2981 L\u2019Afrique du Sud de David Goldblatt au Centre Pompidou.<br \/>\n\u2981 Un Regard en Mouvement de Raoul Hausmann au Jeu de Paume.<br \/>\n\u2981 L\u2019Un et l\u2019Autre de Kader Attia et de Jean-Jacques Lebel au Palais de Tokyo.<\/p>\n<p>Le Cin\u00e9ma<br \/>\n\u2981 L\u2019insulte, film libanais de Ziad Doueiri.<br \/>\n\u2981 Phantom Thread ou Le fil cach\u00e9 de Paul Thomas Anderson avec Daniel Day-Lewis et Vicky Krieps.<br \/>\n\u2981 L\u2019Apparition de Xavier Gianolli avec Vincent Lindon.<br \/>\n\u2981 Cro-Man, film d\u2019animation r\u00e9alis\u00e9 par Nick Park.<br \/>\n\u2981 La Forme de l\u2019Eau de Guillermo del Toro avec Sally Hawkins et Michael Shannon.<br \/>\nL\u2019adh\u00e9rent du mois<br \/>\nC\u2019est Pierre-Marie qui nous pr\u00e9sente son travail<br \/>\n3 b\u00f4fondus, une vid\u00e9o\u00a0: Strange Fruit sur Billie Holliday et quelques photos.<br \/>\nBonsoir \u00e0 tous et au prochain mardi.<\/p>\n<p>&nbsp;<\/p>\n<p>Puis, il nous pr\u00e9sente&#8230; \u00a0\u00a0\u00a0\u00a0\u00a0\u00a0\u00a0\u00a0\u00a0\u00a0\u00a0\u00a0\u00a0\u00a0\u00a0\u00a0\u00a0\u00a0\u00a0 <img loading=\"lazy\" decoding=\"async\" class=\"alignnone size-medium wp-image-7535\" src=\"http:\/\/oi-paris.com\/wordpress\/wp-content\/uploads\/2018\/03\/@@@@@-PMA-002-300x169.jpg\" alt=\"\" width=\"300\" height=\"169\" srcset=\"https:\/\/oi-paris.com\/wordpress\/wp-content\/uploads\/2018\/03\/@@@@@-PMA-002-300x169.jpg 300w, https:\/\/oi-paris.com\/wordpress\/wp-content\/uploads\/2018\/03\/@@@@@-PMA-002-768x432.jpg 768w, https:\/\/oi-paris.com\/wordpress\/wp-content\/uploads\/2018\/03\/@@@@@-PMA-002-1024x576.jpg 1024w, https:\/\/oi-paris.com\/wordpress\/wp-content\/uploads\/2018\/03\/@@@@@-PMA-002-1320x743.jpg 1320w, https:\/\/oi-paris.com\/wordpress\/wp-content\/uploads\/2018\/03\/@@@@@-PMA-002.jpg 1920w\" sizes=\"auto, (max-width: 300px) 100vw, 300px\" \/><\/p>\n<p>Le Photographe Myst\u00e8re<\/p>\n<p>&nbsp;<\/p>\n<p>Lewis Hine, am\u00e9ricain n\u00e9 en 1874, p\u00e8re de la photographie sociale et engag\u00e9e. Il photographie pendant 10 ans le travail des enfants. Puis, il photographie les travailleurs de l\u2019Empire State Building.<br \/>\nPendant la grande d\u00e9pression, il travaille pour la Croix Rouge dans le Sud des Etats Unis et les montagnes du Tennessee.<\/p>\n<p>L\u2019auberge espagnole<br \/>\n\u2981 Pierre-Emmanuel Beauchaud\u00a0: 3 photos<br \/>\n\u2981 Bernard Genevois\u00a0: 3 photos<br \/>\n\u2981 Michel Brisson\u00a0: 3 photos<br \/>\n\u2981 Christelle\u00a0Barbier : 3 photos<br \/>\n\u2981 Corinne\u00a0: 3 photos<br \/>\n\u2981 Philippe de Geetere<br \/>\n\u2981 Emmanuel Vaney\u00a0: 1 vid\u00e9o<br \/>\n\u2981 Fabien Mirzayan\u00a0: 3 photos<br \/>\n\u2981 Matthieu Gautier\u00a0: 3 photos<br \/>\n\u2981 H\u00e9l\u00e8ne Lefelle\u00a0: 3 photos<br \/>\n\u2981 Isabelle\u00a0: 3 photos<br \/>\n\u2981 Jacques Amiel\u00a0: 3 photos<br \/>\n\u2981 Jean-Claude V\u00e9ran\u00a0: 3 photos<br \/>\n\u2981 Jeannine Laik\u00a0: 3 photos<br \/>\n\u2981 Jean-Pierre Cartier\u00a0: 3 photos<br \/>\n\u2981 Laure Rousville\u00a0: 3 photos<br \/>\n\u2981 Miguel\u00a0: 3 photos<br \/>\n\u2981 Mustapha\u00a0: 1 vid\u00e9o<br \/>\n\u2981 Pierre Marie\u00a0: 1 diaporama<br \/>\n\u2981 Richard G. : 3 photos<br \/>\n\u2981 Samira\u00a0: 3 photos<br \/>\n\u2981 St\u00e9phane Derny\u00a0: 3 photos<br \/>\n\u2981 Sylvie Giraud\u00a0: 3 photos<br \/>\n\u2981 Tania\u00a0: 3 photos<br \/>\n\u2981 Yann\u00a0: 1 vid\u00e9o<br \/>\n\u2981 Yannick Jobard\u00a0: 3 photos<\/p>\n","protected":false},"excerpt":{"rendered":"<p>Christian Brion nous pr\u00e9sente la nouvelle exposition du club\u00a0: tr\u00e8s musicale avec les peintres, les photographes. La vie au club \u2981 Christelle pr\u00e9sente la revue &#8220;Images&#8221;. Si vous voulez participer, envoyez-lui un mail. \u2981&#46;&#46;&#46;<\/p>\n","protected":false},"author":20,"featured_media":7535,"comment_status":"closed","ping_status":"closed","sticky":false,"template":"","format":"image","meta":{"_acf_changed":false,"_oasis_is_in_workflow":0,"_oasis_original":0,"_uag_custom_page_level_css":"","footnotes":""},"categories":[8],"tags":[],"class_list":["post-7531","post","type-post","status-publish","format-image","has-post-thumbnail","hentry","category-mardi-doi","post_format-post-format-image"],"acf":[],"uagb_featured_image_src":{"full":["https:\/\/oi-paris.com\/wordpress\/wp-content\/uploads\/2018\/03\/@@@@@-PMA-002.jpg",1920,1080,false],"thumbnail":["https:\/\/oi-paris.com\/wordpress\/wp-content\/uploads\/2018\/03\/@@@@@-PMA-002-150x150.jpg",150,150,true],"medium":["https:\/\/oi-paris.com\/wordpress\/wp-content\/uploads\/2018\/03\/@@@@@-PMA-002-300x169.jpg",300,169,true],"medium_large":["https:\/\/oi-paris.com\/wordpress\/wp-content\/uploads\/2018\/03\/@@@@@-PMA-002-768x432.jpg",768,432,true],"large":["https:\/\/oi-paris.com\/wordpress\/wp-content\/uploads\/2018\/03\/@@@@@-PMA-002-1024x576.jpg",1024,576,true],"1536x1536":["https:\/\/oi-paris.com\/wordpress\/wp-content\/uploads\/2018\/03\/@@@@@-PMA-002.jpg",1536,864,false],"2048x2048":["https:\/\/oi-paris.com\/wordpress\/wp-content\/uploads\/2018\/03\/@@@@@-PMA-002.jpg",1920,1080,false],"thumb-small":["https:\/\/oi-paris.com\/wordpress\/wp-content\/uploads\/2018\/03\/@@@@@-PMA-002-160x160.jpg",80,80,true],"thumb-standard":["https:\/\/oi-paris.com\/wordpress\/wp-content\/uploads\/2018\/03\/@@@@@-PMA-002-320x320.jpg",320,320,true],"thumb-medium":["https:\/\/oi-paris.com\/wordpress\/wp-content\/uploads\/2018\/03\/@@@@@-PMA-002-520x245.jpg",520,245,true],"thumb-large":["https:\/\/oi-paris.com\/wordpress\/wp-content\/uploads\/2018\/03\/@@@@@-PMA-002-720x340.jpg",720,340,true],"thumb-xlarge":["https:\/\/oi-paris.com\/wordpress\/wp-content\/uploads\/2018\/03\/@@@@@-PMA-002-980x450.jpg",980,450,true],"thumb-xxlarge":["https:\/\/oi-paris.com\/wordpress\/wp-content\/uploads\/2018\/03\/@@@@@-PMA-002-1320x500.jpg",1320,500,true],"mailpoet_newsletter_max":["https:\/\/oi-paris.com\/wordpress\/wp-content\/uploads\/2018\/03\/@@@@@-PMA-002-1320x743.jpg",1320,743,true]},"uagb_author_info":{"display_name":"Laure R","author_link":"https:\/\/oi-paris.com\/wordpress\/author\/laure\/"},"uagb_comment_info":0,"uagb_excerpt":"Christian Brion nous pr\u00e9sente la nouvelle exposition du club\u00a0: tr\u00e8s musicale avec les peintres, les photographes. La vie au club \u2981 Christelle pr\u00e9sente la revue &#8220;Images&#8221;. Si vous voulez participer, envoyez-lui un mail. \u2981&#46;&#46;&#46;","_links":{"self":[{"href":"https:\/\/oi-paris.com\/wordpress\/wp-json\/wp\/v2\/posts\/7531","targetHints":{"allow":["GET"]}}],"collection":[{"href":"https:\/\/oi-paris.com\/wordpress\/wp-json\/wp\/v2\/posts"}],"about":[{"href":"https:\/\/oi-paris.com\/wordpress\/wp-json\/wp\/v2\/types\/post"}],"author":[{"embeddable":true,"href":"https:\/\/oi-paris.com\/wordpress\/wp-json\/wp\/v2\/users\/20"}],"replies":[{"embeddable":true,"href":"https:\/\/oi-paris.com\/wordpress\/wp-json\/wp\/v2\/comments?post=7531"}],"version-history":[{"count":3,"href":"https:\/\/oi-paris.com\/wordpress\/wp-json\/wp\/v2\/posts\/7531\/revisions"}],"predecessor-version":[{"id":8977,"href":"https:\/\/oi-paris.com\/wordpress\/wp-json\/wp\/v2\/posts\/7531\/revisions\/8977"}],"wp:featuredmedia":[{"embeddable":true,"href":"https:\/\/oi-paris.com\/wordpress\/wp-json\/wp\/v2\/media\/7535"}],"wp:attachment":[{"href":"https:\/\/oi-paris.com\/wordpress\/wp-json\/wp\/v2\/media?parent=7531"}],"wp:term":[{"taxonomy":"category","embeddable":true,"href":"https:\/\/oi-paris.com\/wordpress\/wp-json\/wp\/v2\/categories?post=7531"},{"taxonomy":"post_tag","embeddable":true,"href":"https:\/\/oi-paris.com\/wordpress\/wp-json\/wp\/v2\/tags?post=7531"}],"curies":[{"name":"wp","href":"https:\/\/api.w.org\/{rel}","templated":true}]}}