{"id":7622,"date":"2018-04-06T09:58:08","date_gmt":"2018-04-06T07:58:08","guid":{"rendered":"http:\/\/oi-paris.com\/wordpress\/?p=7622"},"modified":"2018-04-06T09:57:31","modified_gmt":"2018-04-06T07:57:31","slug":"mardi-technique-10-avril","status":"publish","type":"post","link":"https:\/\/oi-paris.com\/wordpress\/2018\/04\/06\/mardi-technique-10-avril\/","title":{"rendered":"Mardi technique 10 Avril"},"content":{"rendered":"<h3><a href=\"http:\/\/oi-paris.com\/wordpress\/wp-content\/uploads\/2015\/08\/Photo-carre.jpg\" data-rel=\"lightbox-image-0\" data-rl_title=\"\" data-rl_caption=\"\" title=\"\"><img loading=\"lazy\" decoding=\"async\" class=\"alignnone wp-image-1415 size-thumbnail\" src=\"http:\/\/oi-paris.com\/wordpress\/wp-content\/uploads\/2015\/08\/Photo-carre-150x150.jpg\" alt=\"Photo-carre\" width=\"150\" height=\"150\" srcset=\"https:\/\/oi-paris.com\/wordpress\/wp-content\/uploads\/2015\/08\/Photo-carre-150x150.jpg 150w, https:\/\/oi-paris.com\/wordpress\/wp-content\/uploads\/2015\/08\/Photo-carre-300x300.jpg 300w, https:\/\/oi-paris.com\/wordpress\/wp-content\/uploads\/2015\/08\/Photo-carre-160x160.jpg 160w, https:\/\/oi-paris.com\/wordpress\/wp-content\/uploads\/2015\/08\/Photo-carre-320x320.jpg 320w, https:\/\/oi-paris.com\/wordpress\/wp-content\/uploads\/2015\/08\/Photo-carre.jpg 463w\" sizes=\"auto, (max-width: 150px) 100vw, 150px\" \/><\/a><\/h3>\n<h3><span style=\"color: #000000;\"><strong>La question technique<\/strong><\/span><\/h3>\n<p><span style=\"color: #000000;\">Michel fera une introduction \u00e0 l&#8217;impression pour pr\u00e9parer les impressions pour le salon individuel.\u00a0<\/span><\/p>\n<h3><span style=\"color: #000000;\"><strong>Pr\u00e9paration du printemps d&#8217;OI<\/strong><\/span><\/h3>\n<p><span style=\"color: #000000;\">Le printemps d&#8217;OI est une manifestation pour faire connaitre Objectif Image. Une exposition aura lieu la seconde quinzaine de mai. Le th\u00e8me de cette ann\u00e9e est &#8220;<strong>vivre en ville<\/strong>&#8220;.<\/span><\/p>\n<p><span style=\"color: #000000;\">Voici le lien vers le site du national<\/span>\u00a0<a href=\"http:\/\/objectif-image.fr\/OI\/vivre-en-ville\/de-quoi-sagit-il\/\">Objectif Image<\/a><\/p>\n<p><span style=\"color: #000000;\">Le sujet est aussi d\u00e9clin\u00e9 dans la revue Image.<\/span><\/p>\n<p><span style=\"color: #000000;\">Chaque participant peut venir avec 5 \u00e0 6 photos sur ce th\u00e8me.<\/span><\/p>\n<h3><span style=\"color: #000000;\"><strong>Pr\u00e9paration de l&#8217;exposition &#8220;autoportrait&#8221;<\/strong><\/span><\/h3>\n<p><span style=\"color: #000000;\">Dans le cadre de la collaboration avec les autres associations du groupe une exposition sur le th\u00e8me\u00a0de l&#8217;autoportrait aura lieu en mars 2019 avec la soci\u00e9t\u00e9 artistique. Pour pr\u00e9parer cette exposition vous pouvez apporter une ou deux photos sur ce th\u00e8me.\u00a0<\/span><\/p>\n<h3><span style=\"color: #000000;\"><strong>Pr\u00e9paration du salon d&#8217;auteur<\/strong><\/span><\/h3>\n<p><span style=\"color: #000000;\">Le salon d&#8217;auteur est le second salon organis\u00e9 par Objectif Image. Il s&#8217;agit d&#8217;une s\u00e9rie de 5 photos pr\u00e9sentant un travail d&#8217;auteur. Les membres voulant participer peuvent venir avec leurs s\u00e9ries de photos.<\/span><\/p>\n<h3><span style=\"color: #000000;\"><strong>C&#8217;est o\u00f9 ?<\/strong><\/span><\/h3>\n<p><span style=\"color: #000000;\"><strong>Maison des associations 8 rue Brillat-Savarin 75013 Paris. (Salle RC1)<\/strong><\/span><\/p>\n<h3><span style=\"color: #000000;\"><strong>C&#8217;est quand ?<\/strong><\/span><\/h3>\n<p><span style=\"color: #000000;\">Mardi 10 Avril 2018 \u00e0 partir de 19h30<\/span><\/p>\n<h3><span style=\"color: #000000;\"><strong>Contacts<\/strong><\/span><\/h3>\n<p><a href=\"mailto:brisson.altayrac@orange.fr\">Michel<\/a><\/p>\n","protected":false},"excerpt":{"rendered":"<p>La question technique Michel fera une introduction \u00e0 l&#8217;impression pour pr\u00e9parer les impressions pour le salon individuel.\u00a0 Pr\u00e9paration du printemps d&#8217;OI Le printemps d&#8217;OI est une manifestation pour faire connaitre Objectif Image. Une exposition&#46;&#46;&#46;<\/p>\n","protected":false},"author":1,"featured_media":6840,"comment_status":"closed","ping_status":"closed","sticky":false,"template":"","format":"standard","meta":{"_acf_changed":false,"_oasis_is_in_workflow":0,"_oasis_original":0,"_uag_custom_page_level_css":"","footnotes":""},"categories":[4,9],"tags":[],"class_list":["post-7622","post","type-post","status-publish","format-standard","has-post-thumbnail","hentry","category-concours","category-photo"],"acf":[],"uagb_featured_image_src":{"full":["https:\/\/oi-paris.com\/wordpress\/wp-content\/uploads\/2017\/11\/@@-OIP-Dupre-Rozenn-1-1.jpg",1620,1080,false],"thumbnail":["https:\/\/oi-paris.com\/wordpress\/wp-content\/uploads\/2017\/11\/@@-OIP-Dupre-Rozenn-1-1-150x150.jpg",150,150,true],"medium":["https:\/\/oi-paris.com\/wordpress\/wp-content\/uploads\/2017\/11\/@@-OIP-Dupre-Rozenn-1-1-300x200.jpg",300,200,true],"medium_large":["https:\/\/oi-paris.com\/wordpress\/wp-content\/uploads\/2017\/11\/@@-OIP-Dupre-Rozenn-1-1-768x512.jpg",768,512,true],"large":["https:\/\/oi-paris.com\/wordpress\/wp-content\/uploads\/2017\/11\/@@-OIP-Dupre-Rozenn-1-1-1024x683.jpg",1024,683,true],"1536x1536":["https:\/\/oi-paris.com\/wordpress\/wp-content\/uploads\/2017\/11\/@@-OIP-Dupre-Rozenn-1-1.jpg",1536,1024,false],"2048x2048":["https:\/\/oi-paris.com\/wordpress\/wp-content\/uploads\/2017\/11\/@@-OIP-Dupre-Rozenn-1-1.jpg",1620,1080,false],"thumb-small":["https:\/\/oi-paris.com\/wordpress\/wp-content\/uploads\/2017\/11\/@@-OIP-Dupre-Rozenn-1-1-160x160.jpg",80,80,true],"thumb-standard":["https:\/\/oi-paris.com\/wordpress\/wp-content\/uploads\/2017\/11\/@@-OIP-Dupre-Rozenn-1-1-320x320.jpg",320,320,true],"thumb-medium":["https:\/\/oi-paris.com\/wordpress\/wp-content\/uploads\/2017\/11\/@@-OIP-Dupre-Rozenn-1-1-520x245.jpg",520,245,true],"thumb-large":["https:\/\/oi-paris.com\/wordpress\/wp-content\/uploads\/2017\/11\/@@-OIP-Dupre-Rozenn-1-1-720x340.jpg",720,340,true],"thumb-xlarge":["https:\/\/oi-paris.com\/wordpress\/wp-content\/uploads\/2017\/11\/@@-OIP-Dupre-Rozenn-1-1-980x450.jpg",980,450,true],"thumb-xxlarge":["https:\/\/oi-paris.com\/wordpress\/wp-content\/uploads\/2017\/11\/@@-OIP-Dupre-Rozenn-1-1-1320x500.jpg",1320,500,true],"mailpoet_newsletter_max":["https:\/\/oi-paris.com\/wordpress\/wp-content\/uploads\/2017\/11\/@@-OIP-Dupre-Rozenn-1-1-1320x880.jpg",1320,880,true]},"uagb_author_info":{"display_name":"stephane D","author_link":"https:\/\/oi-paris.com\/wordpress\/author\/stephane\/"},"uagb_comment_info":0,"uagb_excerpt":"La question technique Michel fera une introduction \u00e0 l&#8217;impression pour pr\u00e9parer les impressions pour le salon individuel.\u00a0 Pr\u00e9paration du printemps d&#8217;OI Le printemps d&#8217;OI est une manifestation pour faire connaitre Objectif Image. Une exposition&#46;&#46;&#46;","_links":{"self":[{"href":"https:\/\/oi-paris.com\/wordpress\/wp-json\/wp\/v2\/posts\/7622","targetHints":{"allow":["GET"]}}],"collection":[{"href":"https:\/\/oi-paris.com\/wordpress\/wp-json\/wp\/v2\/posts"}],"about":[{"href":"https:\/\/oi-paris.com\/wordpress\/wp-json\/wp\/v2\/types\/post"}],"author":[{"embeddable":true,"href":"https:\/\/oi-paris.com\/wordpress\/wp-json\/wp\/v2\/users\/1"}],"replies":[{"embeddable":true,"href":"https:\/\/oi-paris.com\/wordpress\/wp-json\/wp\/v2\/comments?post=7622"}],"version-history":[{"count":1,"href":"https:\/\/oi-paris.com\/wordpress\/wp-json\/wp\/v2\/posts\/7622\/revisions"}],"predecessor-version":[{"id":7623,"href":"https:\/\/oi-paris.com\/wordpress\/wp-json\/wp\/v2\/posts\/7622\/revisions\/7623"}],"wp:featuredmedia":[{"embeddable":true,"href":"https:\/\/oi-paris.com\/wordpress\/wp-json\/wp\/v2\/media\/6840"}],"wp:attachment":[{"href":"https:\/\/oi-paris.com\/wordpress\/wp-json\/wp\/v2\/media?parent=7622"}],"wp:term":[{"taxonomy":"category","embeddable":true,"href":"https:\/\/oi-paris.com\/wordpress\/wp-json\/wp\/v2\/categories?post=7622"},{"taxonomy":"post_tag","embeddable":true,"href":"https:\/\/oi-paris.com\/wordpress\/wp-json\/wp\/v2\/tags?post=7622"}],"curies":[{"name":"wp","href":"https:\/\/api.w.org\/{rel}","templated":true}]}}