{"id":7625,"date":"2018-04-04T14:14:00","date_gmt":"2018-04-04T12:14:00","guid":{"rendered":"http:\/\/oi-paris.com\/wordpress\/?p=7625"},"modified":"2018-05-18T11:20:59","modified_gmt":"2018-05-18T09:20:59","slug":"exposition-les-musiciens-du-6-mars-au-6-avril-2018","status":"publish","type":"post","link":"https:\/\/oi-paris.com\/wordpress\/2018\/04\/04\/exposition-les-musiciens-du-6-mars-au-6-avril-2018\/","title":{"rendered":"Exposition &#8220;Les musiciens&#8221; du 6 mars au 6 avril 2018"},"content":{"rendered":"<p>Une Exposition commune entre La soci\u00e9t\u00e9 artistique IDF, le Club Musical et Objectif Image IDF a lieu \u00e0 la maison des associations 8 rue Brillat-Savarin 75013 Paris.<\/p>\n<p>Le th\u00e8me de l&#8217;exposition est\u00a0 : &#8220;Les musiciens&#8221;. Ce th\u00e8me est trait\u00e9 par la soci\u00e9t\u00e9 artistique et Objectif Image IDF.<\/p>\n<p>Le vernissage a eu lieu le 6 mars 2018 \u00e0 18h.<\/p>\n<p><img loading=\"lazy\" decoding=\"async\" class=\"alignnone size-medium wp-image-7626\" src=\"http:\/\/oi-paris.com\/wordpress\/wp-content\/uploads\/2018\/04\/expo-oiparis-aaidf-300x129.jpg\" alt=\"\" width=\"300\" height=\"129\" srcset=\"https:\/\/oi-paris.com\/wordpress\/wp-content\/uploads\/2018\/04\/expo-oiparis-aaidf-300x129.jpg 300w, https:\/\/oi-paris.com\/wordpress\/wp-content\/uploads\/2018\/04\/expo-oiparis-aaidf-768x330.jpg 768w, https:\/\/oi-paris.com\/wordpress\/wp-content\/uploads\/2018\/04\/expo-oiparis-aaidf-1024x439.jpg 1024w, https:\/\/oi-paris.com\/wordpress\/wp-content\/uploads\/2018\/04\/expo-oiparis-aaidf-1320x567.jpg 1320w, https:\/\/oi-paris.com\/wordpress\/wp-content\/uploads\/2018\/04\/expo-oiparis-aaidf.jpg 1920w\" sizes=\"auto, (max-width: 300px) 100vw, 300px\" \/><\/p>\n","protected":false},"excerpt":{"rendered":"<p>Une Exposition commune entre La soci\u00e9t\u00e9 artistique IDF, le Club Musical et Objectif Image IDF a lieu \u00e0 la maison des associations 8 rue Brillat-Savarin 75013 Paris. Le th\u00e8me de l&#8217;exposition est\u00a0 : &#8220;Les&#46;&#46;&#46;<\/p>\n","protected":false},"author":1,"featured_media":7626,"comment_status":"closed","ping_status":"closed","sticky":false,"template":"","format":"standard","meta":{"_acf_changed":false,"_oasis_is_in_workflow":0,"_oasis_original":0,"_uag_custom_page_level_css":"","footnotes":""},"categories":[25,5,9],"tags":[],"class_list":["post-7625","post","type-post","status-publish","format-standard","has-post-thumbnail","hentry","category-ca-se-passe-au-club","category-exposition","category-photo"],"acf":[],"uagb_featured_image_src":{"full":["https:\/\/oi-paris.com\/wordpress\/wp-content\/uploads\/2018\/04\/expo-oiparis-aaidf.jpg",1920,824,false],"thumbnail":["https:\/\/oi-paris.com\/wordpress\/wp-content\/uploads\/2018\/04\/expo-oiparis-aaidf-150x150.jpg",150,150,true],"medium":["https:\/\/oi-paris.com\/wordpress\/wp-content\/uploads\/2018\/04\/expo-oiparis-aaidf-300x129.jpg",300,129,true],"medium_large":["https:\/\/oi-paris.com\/wordpress\/wp-content\/uploads\/2018\/04\/expo-oiparis-aaidf-768x330.jpg",768,330,true],"large":["https:\/\/oi-paris.com\/wordpress\/wp-content\/uploads\/2018\/04\/expo-oiparis-aaidf-1024x439.jpg",1024,439,true],"1536x1536":["https:\/\/oi-paris.com\/wordpress\/wp-content\/uploads\/2018\/04\/expo-oiparis-aaidf.jpg",1536,659,false],"2048x2048":["https:\/\/oi-paris.com\/wordpress\/wp-content\/uploads\/2018\/04\/expo-oiparis-aaidf.jpg",1920,824,false],"thumb-small":["https:\/\/oi-paris.com\/wordpress\/wp-content\/uploads\/2018\/04\/expo-oiparis-aaidf-160x160.jpg",80,80,true],"thumb-standard":["https:\/\/oi-paris.com\/wordpress\/wp-content\/uploads\/2018\/04\/expo-oiparis-aaidf-320x320.jpg",320,320,true],"thumb-medium":["https:\/\/oi-paris.com\/wordpress\/wp-content\/uploads\/2018\/04\/expo-oiparis-aaidf-520x245.jpg",520,245,true],"thumb-large":["https:\/\/oi-paris.com\/wordpress\/wp-content\/uploads\/2018\/04\/expo-oiparis-aaidf-720x340.jpg",720,340,true],"thumb-xlarge":["https:\/\/oi-paris.com\/wordpress\/wp-content\/uploads\/2018\/04\/expo-oiparis-aaidf-980x450.jpg",980,450,true],"thumb-xxlarge":["https:\/\/oi-paris.com\/wordpress\/wp-content\/uploads\/2018\/04\/expo-oiparis-aaidf-1320x500.jpg",1320,500,true],"mailpoet_newsletter_max":["https:\/\/oi-paris.com\/wordpress\/wp-content\/uploads\/2018\/04\/expo-oiparis-aaidf-1320x567.jpg",1320,567,true]},"uagb_author_info":{"display_name":"stephane D","author_link":"https:\/\/oi-paris.com\/wordpress\/author\/stephane\/"},"uagb_comment_info":0,"uagb_excerpt":"Une Exposition commune entre La soci\u00e9t\u00e9 artistique IDF, le Club Musical et Objectif Image IDF a lieu \u00e0 la maison des associations 8 rue Brillat-Savarin 75013 Paris. Le th\u00e8me de l&#8217;exposition est\u00a0 : &#8220;Les&#46;&#46;&#46;","_links":{"self":[{"href":"https:\/\/oi-paris.com\/wordpress\/wp-json\/wp\/v2\/posts\/7625","targetHints":{"allow":["GET"]}}],"collection":[{"href":"https:\/\/oi-paris.com\/wordpress\/wp-json\/wp\/v2\/posts"}],"about":[{"href":"https:\/\/oi-paris.com\/wordpress\/wp-json\/wp\/v2\/types\/post"}],"author":[{"embeddable":true,"href":"https:\/\/oi-paris.com\/wordpress\/wp-json\/wp\/v2\/users\/1"}],"replies":[{"embeddable":true,"href":"https:\/\/oi-paris.com\/wordpress\/wp-json\/wp\/v2\/comments?post=7625"}],"version-history":[{"count":3,"href":"https:\/\/oi-paris.com\/wordpress\/wp-json\/wp\/v2\/posts\/7625\/revisions"}],"predecessor-version":[{"id":7642,"href":"https:\/\/oi-paris.com\/wordpress\/wp-json\/wp\/v2\/posts\/7625\/revisions\/7642"}],"wp:featuredmedia":[{"embeddable":true,"href":"https:\/\/oi-paris.com\/wordpress\/wp-json\/wp\/v2\/media\/7626"}],"wp:attachment":[{"href":"https:\/\/oi-paris.com\/wordpress\/wp-json\/wp\/v2\/media?parent=7625"}],"wp:term":[{"taxonomy":"category","embeddable":true,"href":"https:\/\/oi-paris.com\/wordpress\/wp-json\/wp\/v2\/categories?post=7625"},{"taxonomy":"post_tag","embeddable":true,"href":"https:\/\/oi-paris.com\/wordpress\/wp-json\/wp\/v2\/tags?post=7625"}],"curies":[{"name":"wp","href":"https:\/\/api.w.org\/{rel}","templated":true}]}}