{"id":7629,"date":"2018-04-06T09:59:17","date_gmt":"2018-04-06T07:59:17","guid":{"rendered":"http:\/\/oi-paris.com\/wordpress\/?p=7629"},"modified":"2018-04-06T14:21:06","modified_gmt":"2018-04-06T12:21:06","slug":"impression-pour-le-salon-individuel-2018","status":"publish","type":"post","link":"https:\/\/oi-paris.com\/wordpress\/2018\/04\/06\/impression-pour-le-salon-individuel-2018\/","title":{"rendered":"Impression pour le salon individuel 2018"},"content":{"rendered":"<h3><a href=\"http:\/\/oi-paris.com\/wordpress\/wp-content\/uploads\/2015\/08\/Photo-carre.jpg\" data-rel=\"lightbox-image-0\" data-rl_title=\"\" data-rl_caption=\"\" title=\"\"><img loading=\"lazy\" decoding=\"async\" class=\"alignnone wp-image-1415 size-thumbnail\" src=\"http:\/\/oi-paris.com\/wordpress\/wp-content\/uploads\/2015\/08\/Photo-carre-150x150.jpg\" alt=\"Photo-carre\" width=\"150\" height=\"150\" srcset=\"https:\/\/oi-paris.com\/wordpress\/wp-content\/uploads\/2015\/08\/Photo-carre-150x150.jpg 150w, https:\/\/oi-paris.com\/wordpress\/wp-content\/uploads\/2015\/08\/Photo-carre-300x300.jpg 300w, https:\/\/oi-paris.com\/wordpress\/wp-content\/uploads\/2015\/08\/Photo-carre-160x160.jpg 160w, https:\/\/oi-paris.com\/wordpress\/wp-content\/uploads\/2015\/08\/Photo-carre-320x320.jpg 320w, https:\/\/oi-paris.com\/wordpress\/wp-content\/uploads\/2015\/08\/Photo-carre.jpg 463w\" sizes=\"auto, (max-width: 150px) 100vw, 150px\" \/><\/a><\/h3>\n<p><span style=\"color: #000000;\">Une soir\u00e9e Impression pour pr\u00e9parer le salon individuel aura lieu le mercredi 11 avril 2018 pour les membres qui ont des photos pr\u00e9-s\u00e9lectionn\u00e9es. Voici la liste ci-dessous. Toutes les photos doivent \u00eatre imprim\u00e9es pour le 24 Avril 2018. Pour les membres imprimant seuls leurs photos les cartons et le papier sont \u00e0 disposition au club. Une bo\u00eete est l\u00e0 pour ranger vos clich\u00e9s. Votre\u00a0 nom pr\u00e9nom titre et objectif image paris doivent \u00eatre inscrits derri\u00e8re la photo en haut \u00e0 gauche dans le sens de la lecture.<\/span><\/p>\n<p><span style=\"color: #000000;\">en couleur :<\/span><\/p>\n<p><span style=\"color: #000000;\">Amiel Jacques\u00a0\u00a0\u00a0\u00a0\u00a0\u00a0\u00a0\u00a0Escalator\u00a0<\/span><br \/>\n<span style=\"color: #000000;\">Amiel Jacques\u00a0\u00a0\u00a0\u00a0\u00a0\u00a0\u00a0\u00a0Solitude<\/span><br \/>\n<span style=\"color: #000000;\">artaux\u00a0\u00a0\u00a0\u00a0\u00a0\u00a0\u00a0\u00a0pierre-marie\u00a0\u00a0\u00a0\u00a0\u00a0\u00a0\u00a0\u00a0Homme vapeur<\/span><br \/>\n<span style=\"color: #000000;\">artaux\u00a0\u00a0\u00a0\u00a0\u00a0\u00a0\u00a0\u00a0pierre-marie\u00a0\u00a0\u00a0\u00a0\u00a0\u00a0\u00a0\u00a0Le miroir<\/span><br \/>\n<span style=\"color: #000000;\">artaux\u00a0\u00a0\u00a0\u00a0\u00a0\u00a0\u00a0\u00a0pierre-marie\u00a0\u00a0\u00a0\u00a0\u00a0\u00a0\u00a0\u00a0Toits au crepuscule<\/span><br \/>\n<span style=\"color: #000000;\">Beauchaud\u00a0\u00a0\u00a0\u00a0\u00a0\u00a0\u00a0\u00a0Pierre-emmanuel\u00a0\u00a0\u00a0\u00a0\u00a0\u00a0\u00a0\u00a0graffiti<\/span><br \/>\n<span style=\"color: #000000;\">Beauchaud\u00a0\u00a0\u00a0\u00a0\u00a0\u00a0\u00a0\u00a0Pierre-emmanuel\u00a0\u00a0\u00a0\u00a0\u00a0\u00a0\u00a0\u00a0Iceberg<\/span><br \/>\n<span style=\"color: #000000;\">beauval\u00a0\u00a0\u00a0\u00a0\u00a0\u00a0\u00a0\u00a0marc-henri\u00a0\u00a0\u00a0\u00a0\u00a0\u00a0\u00a0\u00a0gardes suisses<\/span><br \/>\n<span style=\"color: #000000;\">Borezee\u00a0\u00a0\u00a0\u00a0\u00a0\u00a0\u00a0\u00a0Annie\u00a0\u00a0\u00a0\u00a0\u00a0\u00a0\u00a0\u00a0Algue coiffee<\/span><br \/>\n<span style=\"color: #000000;\">brisson\u00a0\u00a0\u00a0\u00a0\u00a0\u00a0\u00a0\u00a0michel\u00a0\u00a0\u00a0\u00a0\u00a0\u00a0\u00a0\u00a0nuit lapone<\/span><br \/>\n<span style=\"color: #000000;\">de La Serviere\u00a0\u00a0\u00a0\u00a0\u00a0\u00a0\u00a0\u00a0Roger\u00a0\u00a0\u00a0\u00a0\u00a0\u00a0\u00a0\u00a0CheYoung<\/span><br \/>\n<span style=\"color: #000000;\">de La Serviere\u00a0\u00a0\u00a0\u00a0\u00a0\u00a0\u00a0\u00a0Roger\u00a0\u00a0\u00a0\u00a0\u00a0\u00a0\u00a0\u00a0Incredible Dahab<\/span><br \/>\n<span style=\"color: #000000;\">Derny\u00a0\u00a0\u00a0\u00a0\u00a0\u00a0\u00a0\u00a0Stephane\u00a0\u00a0\u00a0\u00a0\u00a0\u00a0\u00a0\u00a0Concert<\/span><br \/>\n<span style=\"color: #000000;\">Dupuy\u00a0\u00a0\u00a0\u00a0\u00a0\u00a0\u00a0\u00a0Patrice\u00a0\u00a0\u00a0\u00a0\u00a0\u00a0\u00a0\u00a0un oiseau en cage<\/span><br \/>\n<span style=\"color: #000000;\">Ericher\u00a0\u00a0\u00a0\u00a0\u00a0\u00a0\u00a0\u00a0Tania\u00a0\u00a0\u00a0\u00a0\u00a0\u00a0\u00a0\u00a0Les oiseaux<\/span><br \/>\n<span style=\"color: #000000;\">GAUTIER\u00a0\u00a0\u00a0\u00a0\u00a0\u00a0\u00a0\u00a0Matthieu\u00a0\u00a0\u00a0\u00a0\u00a0\u00a0\u00a0\u00a0Brumes crepusculaires<\/span><br \/>\n<span style=\"color: #000000;\">GAUTIER\u00a0\u00a0\u00a0\u00a0\u00a0\u00a0\u00a0\u00a0Matthieu\u00a0\u00a0\u00a0\u00a0\u00a0\u00a0\u00a0\u00a0L ascension<\/span><br \/>\n<span style=\"color: #000000;\">Jobard\u00a0\u00a0\u00a0\u00a0\u00a0\u00a0\u00a0\u00a0Yannick\u00a0\u00a0\u00a0\u00a0\u00a0\u00a0\u00a0\u00a0Fenetres<\/span><br \/>\n<span style=\"color: #000000;\">Jobard\u00a0\u00a0\u00a0\u00a0\u00a0\u00a0\u00a0\u00a0Yannick\u00a0\u00a0\u00a0\u00a0\u00a0\u00a0\u00a0\u00a0Partition<\/span><br \/>\n<span style=\"color: #000000;\">le Sergent\u00a0\u00a0\u00a0\u00a0\u00a0\u00a0\u00a0\u00a0Anne\u00a0\u00a0\u00a0\u00a0\u00a0\u00a0\u00a0\u00a0Meeting Martin Parr<\/span><br \/>\n<span style=\"color: #000000;\">Lefelle\u00a0\u00a0\u00a0\u00a0\u00a0\u00a0\u00a0\u00a0Helene\u00a0\u00a0\u00a0\u00a0\u00a0\u00a0\u00a0\u00a0Avenue Kleber<\/span><br \/>\n<span style=\"color: #000000;\">Lefelle\u00a0\u00a0\u00a0\u00a0\u00a0\u00a0\u00a0\u00a0Helene\u00a0\u00a0\u00a0\u00a0\u00a0\u00a0\u00a0\u00a0Le depart<\/span><br \/>\n<span style=\"color: #000000;\">Maquez\u00a0\u00a0\u00a0\u00a0\u00a0\u00a0\u00a0\u00a0Amaury\u00a0\u00a0\u00a0\u00a0\u00a0\u00a0\u00a0\u00a0Precheur de nuit<\/span><br \/>\n<span style=\"color: #000000;\">Marquez\u00a0\u00a0\u00a0\u00a0\u00a0\u00a0\u00a0\u00a0Amaury\u00a0\u00a0\u00a0\u00a0\u00a0\u00a0\u00a0\u00a0Blanc flou<\/span><br \/>\n<span style=\"color: #000000;\">Mathieux\u00a0\u00a0\u00a0\u00a0\u00a0\u00a0\u00a0\u00a0Taraneh\u00a0\u00a0\u00a0\u00a0\u00a0\u00a0\u00a0\u00a0Jeunes filles<\/span><br \/>\n<span style=\"color: #000000;\">Mathieux\u00a0\u00a0\u00a0\u00a0\u00a0\u00a0\u00a0\u00a0Taraneh\u00a0\u00a0\u00a0\u00a0\u00a0\u00a0\u00a0\u00a0nuit fleurie<\/span><br \/>\n<span style=\"color: #000000;\">merkal\u00a0\u00a0\u00a0\u00a0\u00a0\u00a0\u00a0\u00a0nadir\u00a0\u00a0\u00a0\u00a0\u00a0\u00a0\u00a0\u00a0Coeur connect<\/span><br \/>\n<span style=\"color: #000000;\">merkal\u00a0\u00a0\u00a0\u00a0\u00a0\u00a0\u00a0\u00a0nadir\u00a0\u00a0\u00a0\u00a0\u00a0\u00a0\u00a0\u00a0danseuse de feu<\/span><br \/>\n<span style=\"color: #000000;\">MIRZAYAN\u00a0\u00a0\u00a0\u00a0\u00a0\u00a0\u00a0\u00a0Fabien\u00a0\u00a0\u00a0\u00a0\u00a0\u00a0\u00a0\u00a0Geranium<\/span><br \/>\n<span style=\"color: #000000;\">nejjar\u00a0\u00a0\u00a0\u00a0\u00a0\u00a0\u00a0\u00a0samira\u00a0\u00a0\u00a0\u00a0\u00a0\u00a0\u00a0\u00a0Reflet<\/span><br \/>\n<span style=\"color: #000000;\">Sabourin\u00a0\u00a0\u00a0\u00a0\u00a0\u00a0\u00a0\u00a0francois\u00a0\u00a0\u00a0\u00a0\u00a0\u00a0\u00a0\u00a0Releve de la garde au Quebec<\/span><\/p>\n<p><span style=\"color: #000000;\">En monochrome:<\/span><\/p>\n<p><span style=\"color: #000000;\">Beauchaud\u00a0\u00a0\u00a0\u00a0\u00a0\u00a0\u00a0\u00a0Pierre-emmanuel\u00a0\u00a0\u00a0\u00a0\u00a0\u00a0\u00a0\u00a0Furtif<\/span><br \/>\n<span style=\"color: #000000;\">beauval\u00a0\u00a0\u00a0\u00a0\u00a0\u00a0\u00a0\u00a0marc-henri\u00a0\u00a0\u00a0\u00a0\u00a0\u00a0\u00a0\u00a0Danse a Montmartre<\/span><br \/>\n<span style=\"color: #000000;\">beauval\u00a0\u00a0\u00a0\u00a0\u00a0\u00a0\u00a0\u00a0marc-henri\u00a0\u00a0\u00a0\u00a0\u00a0\u00a0\u00a0\u00a0l eurasienne<\/span><br \/>\n<span style=\"color: #000000;\">Borezee\u00a0\u00a0\u00a0\u00a0\u00a0\u00a0\u00a0\u00a0Annie\u00a0\u00a0\u00a0\u00a0\u00a0\u00a0\u00a0\u00a0epouvantail<\/span><br \/>\n<span style=\"color: #000000;\">brisson\u00a0\u00a0\u00a0\u00a0\u00a0\u00a0\u00a0\u00a0michel\u00a0\u00a0\u00a0\u00a0\u00a0\u00a0\u00a0\u00a0alice<\/span><br \/>\n<span style=\"color: #000000;\">Cartier\u00a0\u00a0\u00a0\u00a0\u00a0\u00a0\u00a0\u00a0Jean-pierre\u00a0\u00a0\u00a0\u00a0\u00a0\u00a0\u00a0\u00a0Vapeur<\/span><br \/>\n<span style=\"color: #000000;\">Derny\u00a0\u00a0\u00a0\u00a0\u00a0\u00a0\u00a0\u00a0Stephane\u00a0\u00a0\u00a0\u00a0\u00a0\u00a0\u00a0\u00a0burlesque<\/span><br \/>\n<span style=\"color: #000000;\">Derny\u00a0\u00a0\u00a0\u00a0\u00a0\u00a0\u00a0\u00a0Stephane\u00a0\u00a0\u00a0\u00a0\u00a0\u00a0\u00a0\u00a0feux<\/span><br \/>\n<span style=\"color: #000000;\">Derny\u00a0\u00a0\u00a0\u00a0\u00a0\u00a0\u00a0\u00a0Stephane\u00a0\u00a0\u00a0\u00a0\u00a0\u00a0\u00a0\u00a0machine a ecrire<\/span><br \/>\n<span style=\"color: #000000;\">doumeix\u00a0\u00a0\u00a0\u00a0\u00a0\u00a0\u00a0\u00a0yann\u00a0\u00a0\u00a0\u00a0\u00a0\u00a0\u00a0\u00a0sanstitre<\/span><br \/>\n<span style=\"color: #000000;\">dupre\u00a0\u00a0\u00a0\u00a0\u00a0\u00a0\u00a0\u00a0rozenn\u00a0\u00a0\u00a0\u00a0\u00a0\u00a0\u00a0\u00a0la conversation<\/span><br \/>\n<span style=\"color: #000000;\">dupre\u00a0\u00a0\u00a0\u00a0\u00a0\u00a0\u00a0\u00a0rozenn\u00a0\u00a0\u00a0\u00a0\u00a0\u00a0\u00a0\u00a0menace sous la douche<\/span><br \/>\n<span style=\"color: #000000;\">Dupuy\u00a0\u00a0\u00a0\u00a0\u00a0\u00a0\u00a0\u00a0Patrice\u00a0\u00a0\u00a0\u00a0\u00a0\u00a0\u00a0\u00a0vents et marees<\/span><br \/>\n<span style=\"color: #000000;\">GAUTIER\u00a0\u00a0\u00a0\u00a0\u00a0\u00a0\u00a0\u00a0Matthieu\u00a0\u00a0\u00a0\u00a0\u00a0\u00a0\u00a0\u00a0Naufrage<\/span><br \/>\n<span style=\"color: #000000;\">Jobard\u00a0\u00a0\u00a0\u00a0\u00a0\u00a0\u00a0\u00a0Yannick\u00a0\u00a0\u00a0\u00a0\u00a0\u00a0\u00a0\u00a0SF<\/span><br \/>\n<span style=\"color: #000000;\">Lefelle\u00a0\u00a0\u00a0\u00a0\u00a0\u00a0\u00a0\u00a0Helene\u00a0\u00a0\u00a0\u00a0\u00a0\u00a0\u00a0\u00a0Degustation<\/span><br \/>\n<span style=\"color: #000000;\">merkal\u00a0\u00a0\u00a0\u00a0\u00a0\u00a0\u00a0\u00a0nadir\u00a0\u00a0\u00a0\u00a0\u00a0\u00a0\u00a0\u00a0kyle<\/span><br \/>\n<span style=\"color: #000000;\">MIRZAYAN\u00a0\u00a0\u00a0\u00a0\u00a0\u00a0\u00a0\u00a0Fabien\u00a0\u00a0\u00a0\u00a0\u00a0\u00a0\u00a0\u00a0Lentement<\/span><br \/>\n<span style=\"color: #000000;\">PAUGAM\u00a0\u00a0\u00a0\u00a0\u00a0\u00a0\u00a0\u00a0Sophie\u00a0\u00a0\u00a0\u00a0\u00a0\u00a0\u00a0\u00a0La jeune fille en fleurs<\/span><br \/>\n<span style=\"color: #000000;\">PETIT\u00a0\u00a0\u00a0\u00a0\u00a0\u00a0\u00a0\u00a0Jean-paul\u00a0\u00a0\u00a0\u00a0\u00a0\u00a0\u00a0\u00a0Porte<\/span><br \/>\n<span style=\"color: #000000;\">PETIT\u00a0\u00a0\u00a0\u00a0\u00a0\u00a0\u00a0\u00a0Jean-paul\u00a0\u00a0\u00a0\u00a0\u00a0\u00a0\u00a0\u00a0Visite a magritte<\/span><br \/>\n<span style=\"color: #000000;\">Rousville\u00a0\u00a0\u00a0\u00a0\u00a0\u00a0\u00a0\u00a0Laure\u00a0\u00a0\u00a0\u00a0\u00a0\u00a0\u00a0\u00a0Abandonne<\/span><br \/>\n<span style=\"color: #000000;\">Rousville\u00a0\u00a0\u00a0\u00a0\u00a0\u00a0\u00a0\u00a0Laure\u00a0\u00a0\u00a0\u00a0\u00a0\u00a0\u00a0\u00a0Ombre<\/span><br \/>\n<span style=\"color: #000000;\">Sabourin\u00a0\u00a0\u00a0\u00a0\u00a0\u00a0\u00a0\u00a0francois\u00a0\u00a0\u00a0\u00a0\u00a0\u00a0\u00a0\u00a0Fumeur avec shilom<\/span><br \/>\n<span style=\"color: #000000;\">Sabourin\u00a0\u00a0\u00a0\u00a0\u00a0\u00a0\u00a0\u00a0francois\u00a0\u00a0\u00a0\u00a0\u00a0\u00a0\u00a0\u00a0Jeune femme sous la tente en Normandie<\/span><\/p>\n<p><span style=\"color: #000000;\">Il faut venir avec ses fichiers pr\u00e9par\u00e9s pour l&#8217;impression et \u00e0 la plus grande d\u00e9finition.<\/span><\/p>\n<p>&nbsp;<\/p>\n<h2><span style=\"color: #000000;\">Ou ?<\/span><\/h2>\n<p><span style=\"color: #000000;\">Maison des associations\u00a0<\/span><\/p>\n<p><span style=\"color: #000000;\">8 rue Brillat-Savarin<\/span><\/p>\n<p><span style=\"color: #000000;\">75013 Paris<\/span><\/p>\n<h2><span style=\"color: #000000;\">Quand ?<\/span><\/h2>\n<p><span style=\"color: #000000;\">Mercredi 11 Avril 2018 \u00e0 partir de 18h30<\/span><\/p>\n<h2>Contact :<\/h2>\n<p><a href=\"mailto:pebeauchaud@free.fr\">Pierre-Emmanuel<\/a><\/p>\n<p>&nbsp;<\/p>\n<p>&nbsp;<\/p>\n","protected":false},"excerpt":{"rendered":"<p>Une soir\u00e9e Impression pour pr\u00e9parer le salon individuel aura lieu le mercredi 11 avril 2018 pour les membres qui ont des photos pr\u00e9-s\u00e9lectionn\u00e9es. Voici la liste ci-dessous. Toutes les photos doivent \u00eatre imprim\u00e9es pour&#46;&#46;&#46;<\/p>\n","protected":false},"author":1,"featured_media":6916,"comment_status":"closed","ping_status":"closed","sticky":false,"template":"","format":"standard","meta":{"_acf_changed":false,"_oasis_is_in_workflow":0,"_oasis_original":0,"_uag_custom_page_level_css":"","footnotes":""},"categories":[4,9],"tags":[],"class_list":["post-7629","post","type-post","status-publish","format-standard","has-post-thumbnail","hentry","category-concours","category-photo"],"acf":[],"uagb_featured_image_src":{"full":["https:\/\/oi-paris.com\/wordpress\/wp-content\/uploads\/2017\/12\/mb-5.jpg",1626,1080,false],"thumbnail":["https:\/\/oi-paris.com\/wordpress\/wp-content\/uploads\/2017\/12\/mb-5-150x150.jpg",150,150,true],"medium":["https:\/\/oi-paris.com\/wordpress\/wp-content\/uploads\/2017\/12\/mb-5-300x199.jpg",300,199,true],"medium_large":["https:\/\/oi-paris.com\/wordpress\/wp-content\/uploads\/2017\/12\/mb-5-768x510.jpg",768,510,true],"large":["https:\/\/oi-paris.com\/wordpress\/wp-content\/uploads\/2017\/12\/mb-5-1024x680.jpg",1024,680,true],"1536x1536":["https:\/\/oi-paris.com\/wordpress\/wp-content\/uploads\/2017\/12\/mb-5.jpg",1536,1020,false],"2048x2048":["https:\/\/oi-paris.com\/wordpress\/wp-content\/uploads\/2017\/12\/mb-5.jpg",1626,1080,false],"thumb-small":["https:\/\/oi-paris.com\/wordpress\/wp-content\/uploads\/2017\/12\/mb-5-160x160.jpg",80,80,true],"thumb-standard":["https:\/\/oi-paris.com\/wordpress\/wp-content\/uploads\/2017\/12\/mb-5-320x320.jpg",320,320,true],"thumb-medium":["https:\/\/oi-paris.com\/wordpress\/wp-content\/uploads\/2017\/12\/mb-5-520x245.jpg",520,245,true],"thumb-large":["https:\/\/oi-paris.com\/wordpress\/wp-content\/uploads\/2017\/12\/mb-5-720x340.jpg",720,340,true],"thumb-xlarge":["https:\/\/oi-paris.com\/wordpress\/wp-content\/uploads\/2017\/12\/mb-5-980x450.jpg",980,450,true],"thumb-xxlarge":["https:\/\/oi-paris.com\/wordpress\/wp-content\/uploads\/2017\/12\/mb-5-1320x500.jpg",1320,500,true],"mailpoet_newsletter_max":["https:\/\/oi-paris.com\/wordpress\/wp-content\/uploads\/2017\/12\/mb-5-1320x877.jpg",1320,877,true]},"uagb_author_info":{"display_name":"stephane D","author_link":"https:\/\/oi-paris.com\/wordpress\/author\/stephane\/"},"uagb_comment_info":0,"uagb_excerpt":"Une soir\u00e9e Impression pour pr\u00e9parer le salon individuel aura lieu le mercredi 11 avril 2018 pour les membres qui ont des photos pr\u00e9-s\u00e9lectionn\u00e9es. Voici la liste ci-dessous. Toutes les photos doivent \u00eatre imprim\u00e9es pour&#46;&#46;&#46;","_links":{"self":[{"href":"https:\/\/oi-paris.com\/wordpress\/wp-json\/wp\/v2\/posts\/7629","targetHints":{"allow":["GET"]}}],"collection":[{"href":"https:\/\/oi-paris.com\/wordpress\/wp-json\/wp\/v2\/posts"}],"about":[{"href":"https:\/\/oi-paris.com\/wordpress\/wp-json\/wp\/v2\/types\/post"}],"author":[{"embeddable":true,"href":"https:\/\/oi-paris.com\/wordpress\/wp-json\/wp\/v2\/users\/1"}],"replies":[{"embeddable":true,"href":"https:\/\/oi-paris.com\/wordpress\/wp-json\/wp\/v2\/comments?post=7629"}],"version-history":[{"count":4,"href":"https:\/\/oi-paris.com\/wordpress\/wp-json\/wp\/v2\/posts\/7629\/revisions"}],"predecessor-version":[{"id":7640,"href":"https:\/\/oi-paris.com\/wordpress\/wp-json\/wp\/v2\/posts\/7629\/revisions\/7640"}],"wp:featuredmedia":[{"embeddable":true,"href":"https:\/\/oi-paris.com\/wordpress\/wp-json\/wp\/v2\/media\/6916"}],"wp:attachment":[{"href":"https:\/\/oi-paris.com\/wordpress\/wp-json\/wp\/v2\/media?parent=7629"}],"wp:term":[{"taxonomy":"category","embeddable":true,"href":"https:\/\/oi-paris.com\/wordpress\/wp-json\/wp\/v2\/categories?post=7629"},{"taxonomy":"post_tag","embeddable":true,"href":"https:\/\/oi-paris.com\/wordpress\/wp-json\/wp\/v2\/tags?post=7629"}],"curies":[{"name":"wp","href":"https:\/\/api.w.org\/{rel}","templated":true}]}}