{"id":7654,"date":"2018-04-13T21:59:00","date_gmt":"2018-04-13T19:59:00","guid":{"rendered":"http:\/\/oi-paris.com\/wordpress\/?p=7654"},"modified":"2018-04-19T11:18:34","modified_gmt":"2018-04-19T09:18:34","slug":"le-1er-mardi-doi-du-mois-davril","status":"publish","type":"post","link":"https:\/\/oi-paris.com\/wordpress\/2018\/04\/13\/le-1er-mardi-doi-du-mois-davril\/","title":{"rendered":"Le 1er Mardi d\u2019OI du mois d\u2019Avril"},"content":{"rendered":"<p><strong>Le 1<sup>er<\/sup> Mardi d\u2019OI du mois d\u2019Avril.<\/strong><\/p>\n<p>Un mardi d\u2019OI pas comme les autres. Pas de photographe myst\u00e8re mais un invit\u00e9 d\u2019honneur\u00a0: notre professeur de l\u2019Universit\u00e9 d\u2019Auteur Ricardo Bloch qui nous pr\u00e9sente son \u0153uvre.<\/p>\n<p><img loading=\"lazy\" decoding=\"async\" class=\"size-medium wp-image-7674 aligncenter\" src=\"http:\/\/oi-paris.com\/wordpress\/wp-content\/uploads\/2018\/04\/ricardo-bloch-02-300x300.jpg\" alt=\"\" width=\"300\" height=\"300\" srcset=\"https:\/\/oi-paris.com\/wordpress\/wp-content\/uploads\/2018\/04\/ricardo-bloch-02-300x300.jpg 300w, https:\/\/oi-paris.com\/wordpress\/wp-content\/uploads\/2018\/04\/ricardo-bloch-02-150x150.jpg 150w, https:\/\/oi-paris.com\/wordpress\/wp-content\/uploads\/2018\/04\/ricardo-bloch-02-768x769.jpg 768w, https:\/\/oi-paris.com\/wordpress\/wp-content\/uploads\/2018\/04\/ricardo-bloch-02-1022x1024.jpg 1022w, https:\/\/oi-paris.com\/wordpress\/wp-content\/uploads\/2018\/04\/ricardo-bloch-02-160x160.jpg 160w, https:\/\/oi-paris.com\/wordpress\/wp-content\/uploads\/2018\/04\/ricardo-bloch-02-320x320.jpg 320w, https:\/\/oi-paris.com\/wordpress\/wp-content\/uploads\/2018\/04\/ricardo-bloch-02-1320x1323.jpg 1320w\" sizes=\"auto, (max-width: 300px) 100vw, 300px\" \/><\/p>\n<p>Nous commen\u00e7ons par\u00a0:<\/p>\n<p><strong>La vie au club<\/strong><strong>\u00a0 \u00a0 \u00a0 \u00a0 \u00a0 \u00a0 \u00a0\u00a0<\/strong><\/p>\n<ul>\n<li>Christelle annonce une rencontre avec le photographe<\/li>\n<\/ul>\n<p>Jean-Claude Gautrand et la d\u00e9dicace de son livre.<\/p>\n<p><img loading=\"lazy\" decoding=\"async\" class=\"size-medium wp-image-7676 aligncenter\" src=\"http:\/\/oi-paris.com\/wordpress\/wp-content\/uploads\/2018\/04\/@@-pr\u00e9sentation-conf\u00e9rence-Gautrand-300x169.jpg\" alt=\"\" width=\"300\" height=\"169\" srcset=\"https:\/\/oi-paris.com\/wordpress\/wp-content\/uploads\/2018\/04\/@@-pr\u00e9sentation-conf\u00e9rence-Gautrand-300x169.jpg 300w, https:\/\/oi-paris.com\/wordpress\/wp-content\/uploads\/2018\/04\/@@-pr\u00e9sentation-conf\u00e9rence-Gautrand-768x432.jpg 768w, https:\/\/oi-paris.com\/wordpress\/wp-content\/uploads\/2018\/04\/@@-pr\u00e9sentation-conf\u00e9rence-Gautrand-1024x576.jpg 1024w, https:\/\/oi-paris.com\/wordpress\/wp-content\/uploads\/2018\/04\/@@-pr\u00e9sentation-conf\u00e9rence-Gautrand-1320x743.jpg 1320w, https:\/\/oi-paris.com\/wordpress\/wp-content\/uploads\/2018\/04\/@@-pr\u00e9sentation-conf\u00e9rence-Gautrand.jpg 1920w\" sizes=\"auto, (max-width: 300px) 100vw, 300px\" \/><\/p>\n<ul>\n<li>Pierre-Emmanuel propose une s\u00e9ance de tirages photos pour le concours individuel le Mercredi 11 Avril \u00e0 partir de 18h30.<\/li>\n<li>Nadir nous pr\u00e9sentera Florence Rivi\u00e8re le 17 avril autour de son livre \u00ab\u00a0l\u2019Art de la Pose\u00a0\u00bb.<\/li>\n<li>Emmanuel Vaney nous montre le r\u00e9sultat du stage lumi\u00e8re<\/li>\n<\/ul>\n<p><img loading=\"lazy\" decoding=\"async\" class=\"size-medium wp-image-7675 aligncenter\" src=\"http:\/\/oi-paris.com\/wordpress\/wp-content\/uploads\/2018\/04\/stage-mars-studio-EVaney-1-5-300x200.jpg\" alt=\"\" width=\"300\" height=\"200\" srcset=\"https:\/\/oi-paris.com\/wordpress\/wp-content\/uploads\/2018\/04\/stage-mars-studio-EVaney-1-5-300x200.jpg 300w, https:\/\/oi-paris.com\/wordpress\/wp-content\/uploads\/2018\/04\/stage-mars-studio-EVaney-1-5-768x512.jpg 768w, https:\/\/oi-paris.com\/wordpress\/wp-content\/uploads\/2018\/04\/stage-mars-studio-EVaney-1-5-1024x683.jpg 1024w, https:\/\/oi-paris.com\/wordpress\/wp-content\/uploads\/2018\/04\/stage-mars-studio-EVaney-1-5-1320x880.jpg 1320w, https:\/\/oi-paris.com\/wordpress\/wp-content\/uploads\/2018\/04\/stage-mars-studio-EVaney-1-5.jpg 1620w\" sizes=\"auto, (max-width: 300px) 100vw, 300px\" \/><\/p>\n<p><strong>Le Cin\u00e9ma<\/strong><\/p>\n<p><strong>\u00a0<\/strong>4 films que nous recommande Pierre-Marie\u00a0:<\/p>\n<ul>\n<li>La Pri\u00e8re de C\u00e9dric Kahn avec Anthony Bajon.<\/li>\n<li>The Disaster Artist de James Franco avec Dave Franco et Seth Rogen.<\/li>\n<li>Hostiles de Scott Cooper avec Christian Bale et Rosamund Pike.<\/li>\n<li>America\u00a0: \u00ab\u00a0Que reste-t\u2019il du R\u00eave Am\u00e9ricain ?\u00a0\u00bb. De Claus Drexel.<\/li>\n<li>Une s\u00e9rie\u00a0: La Servante Ecarlate de Bruce Miller d\u2019apr\u00e8s Margaret Atwood.<\/li>\n<\/ul>\n<p><strong>\u00a0<\/strong><strong>Le Photographe non myst\u00e8re.<\/strong><\/p>\n<p>Ricardo nous raconte comment il en est venu \u00e0 la photographie et nous pr\u00e9sente ses diff\u00e9rentes p\u00e9riodes.<\/p>\n<p>Il a commenc\u00e9 comme chasseur \u00e0 travers ses s\u00e9ries\u00a0:<\/p>\n<ul>\n<li>La maison de retraite<\/li>\n<li>Les enfants<\/li>\n<li>Les animaux<\/li>\n<li>Le tremblement de terre au Mexique\u2026.<\/li>\n<\/ul>\n<p>Puis comme cueilleur au travers des nouvelles technologies\u00a0: Internet, le scanner, la photocopieuse, et InDesign, Photoshop&#8230;<\/p>\n<p>Il s\u2019est consacr\u00e9 aux livres qui \u00e0 l\u2019heure actuelle sont devenus son support pr\u00e9f\u00e9r\u00e9 et anime un blog o\u00f9 vous retrouverez tout son parcours.<\/p>\n<p><strong>L\u2019Auberge espagnole<\/strong><strong>\u00a0<\/strong><\/p>\n<ul>\n<li>Amaury\u00a0: 3 photos<\/li>\n<li>Jean-Paul Petit\u00a0: un diaporama\u00a0\u00ab\u00a0American Tribal Style\u00a0\u00bb<\/li>\n<li>Annie\u00a0: 3 photos<\/li>\n<li>Christelle\u00a0: 3 photos<\/li>\n<li>Roger de la Servi\u00e8re \u00a0: 3 photos et une vid\u00e9o\u00a0: \u00ab\u00a0Travail d\u2019Arabe\u00a0\u00bb<\/li>\n<li>Yann Doumeix\u00a0: un diaporama<\/li>\n<li>Fatma\u00a0: 3 photos<\/li>\n<li>H\u00e9l\u00e8ne\u00a0: 3 photos<\/li>\n<li>Jean-Claude Veran\u00a0: 3 photos<\/li>\n<li>Jos\u00e9\u00a0: 4 Photos<\/li>\n<li>Jean-Paul Petit\u00a0: 3 photos<\/li>\n<li>KOB\u00a0: 3 photos<\/li>\n<li>Miguel\u00a0: 3 photos<\/li>\n<li>Paul Destable\u00a0: 3 photos<\/li>\n<li>Pierre-Emmanuel Beauchaud\u00a0: 3 photos<\/li>\n<li>Pierre-Marie\u00a0: Un diaporama\u00a0: \u00ab\u00a0Rosa Park\u00a0\u00bb<\/li>\n<li>Richard\u00a0: 3 photos<\/li>\n<li>Sandra\u00a0: 3 photos<\/li>\n<li>St\u00e9phane\u00a0: 3 photos<\/li>\n<li>Yannick\u00a0: 3 photos<\/li>\n<\/ul>\n<p>Et la soir\u00e9e se termine autour d\u2019un pot et des livres de Ricardo.<\/p>\n<p>A tr\u00e8s bient\u00f4t.<a href=\"http:\/\/oi-paris.com\/wordpress\/wp-content\/uploads\/2018\/04\/2018-R\u00e9sum\u00e9-1er-mardi-OI-du-mois-dAvril.docx\">2018 R\u00e9sum\u00e9 1er mardi OI du mois d&#8217;Avril<\/a><a href=\"http:\/\/oi-paris.com\/wordpress\/wp-content\/uploads\/2018\/04\/2018-R\u00e9sum\u00e9-1er-mardi-OI-du-mois-dAvril.docx\">2018 R\u00e9sum\u00e9 1er mardi OI du mois d&#8217;Avril<\/a><\/p>\n","protected":false},"excerpt":{"rendered":"<p>Le 1er Mardi d\u2019OI du mois d\u2019Avril. Un mardi d\u2019OI pas comme les autres. Pas de photographe myst\u00e8re mais un invit\u00e9 d\u2019honneur\u00a0: notre professeur de l\u2019Universit\u00e9 d\u2019Auteur Ricardo Bloch qui nous pr\u00e9sente son \u0153uvre.&#46;&#46;&#46;<\/p>\n","protected":false},"author":16,"featured_media":7656,"comment_status":"closed","ping_status":"closed","sticky":false,"template":"","format":"image","meta":{"_acf_changed":false,"_oasis_is_in_workflow":0,"_oasis_original":0,"_uag_custom_page_level_css":"","footnotes":""},"categories":[8],"tags":[],"class_list":["post-7654","post","type-post","status-publish","format-image","has-post-thumbnail","hentry","category-mardi-doi","post_format-post-format-image"],"acf":[],"uagb_featured_image_src":{"full":["https:\/\/oi-paris.com\/wordpress\/wp-content\/uploads\/2018\/04\/ricardo-bloch-22.jpg",2843,2288,false],"thumbnail":["https:\/\/oi-paris.com\/wordpress\/wp-content\/uploads\/2018\/04\/ricardo-bloch-22-150x150.jpg",150,150,true],"medium":["https:\/\/oi-paris.com\/wordpress\/wp-content\/uploads\/2018\/04\/ricardo-bloch-22-300x241.jpg",300,241,true],"medium_large":["https:\/\/oi-paris.com\/wordpress\/wp-content\/uploads\/2018\/04\/ricardo-bloch-22-768x618.jpg",768,618,true],"large":["https:\/\/oi-paris.com\/wordpress\/wp-content\/uploads\/2018\/04\/ricardo-bloch-22-1024x824.jpg",1024,824,true],"1536x1536":["https:\/\/oi-paris.com\/wordpress\/wp-content\/uploads\/2018\/04\/ricardo-bloch-22.jpg",1536,1236,false],"2048x2048":["https:\/\/oi-paris.com\/wordpress\/wp-content\/uploads\/2018\/04\/ricardo-bloch-22.jpg",2048,1648,false],"thumb-small":["https:\/\/oi-paris.com\/wordpress\/wp-content\/uploads\/2018\/04\/ricardo-bloch-22-160x160.jpg",80,80,true],"thumb-standard":["https:\/\/oi-paris.com\/wordpress\/wp-content\/uploads\/2018\/04\/ricardo-bloch-22-320x320.jpg",320,320,true],"thumb-medium":["https:\/\/oi-paris.com\/wordpress\/wp-content\/uploads\/2018\/04\/ricardo-bloch-22-520x245.jpg",520,245,true],"thumb-large":["https:\/\/oi-paris.com\/wordpress\/wp-content\/uploads\/2018\/04\/ricardo-bloch-22-720x340.jpg",720,340,true],"thumb-xlarge":["https:\/\/oi-paris.com\/wordpress\/wp-content\/uploads\/2018\/04\/ricardo-bloch-22-980x450.jpg",980,450,true],"thumb-xxlarge":["https:\/\/oi-paris.com\/wordpress\/wp-content\/uploads\/2018\/04\/ricardo-bloch-22-1320x500.jpg",1320,500,true],"mailpoet_newsletter_max":["https:\/\/oi-paris.com\/wordpress\/wp-content\/uploads\/2018\/04\/ricardo-bloch-22-1320x1062.jpg",1320,1062,true]},"uagb_author_info":{"display_name":"Helene Lefelle","author_link":"https:\/\/oi-paris.com\/wordpress\/author\/helene\/"},"uagb_comment_info":0,"uagb_excerpt":"Le 1er Mardi d\u2019OI du mois d\u2019Avril. Un mardi d\u2019OI pas comme les autres. Pas de photographe myst\u00e8re mais un invit\u00e9 d\u2019honneur\u00a0: notre professeur de l\u2019Universit\u00e9 d\u2019Auteur Ricardo Bloch qui nous pr\u00e9sente son \u0153uvre.&#46;&#46;&#46;","_links":{"self":[{"href":"https:\/\/oi-paris.com\/wordpress\/wp-json\/wp\/v2\/posts\/7654","targetHints":{"allow":["GET"]}}],"collection":[{"href":"https:\/\/oi-paris.com\/wordpress\/wp-json\/wp\/v2\/posts"}],"about":[{"href":"https:\/\/oi-paris.com\/wordpress\/wp-json\/wp\/v2\/types\/post"}],"author":[{"embeddable":true,"href":"https:\/\/oi-paris.com\/wordpress\/wp-json\/wp\/v2\/users\/16"}],"replies":[{"embeddable":true,"href":"https:\/\/oi-paris.com\/wordpress\/wp-json\/wp\/v2\/comments?post=7654"}],"version-history":[{"count":5,"href":"https:\/\/oi-paris.com\/wordpress\/wp-json\/wp\/v2\/posts\/7654\/revisions"}],"predecessor-version":[{"id":7730,"href":"https:\/\/oi-paris.com\/wordpress\/wp-json\/wp\/v2\/posts\/7654\/revisions\/7730"}],"wp:featuredmedia":[{"embeddable":true,"href":"https:\/\/oi-paris.com\/wordpress\/wp-json\/wp\/v2\/media\/7656"}],"wp:attachment":[{"href":"https:\/\/oi-paris.com\/wordpress\/wp-json\/wp\/v2\/media?parent=7654"}],"wp:term":[{"taxonomy":"category","embeddable":true,"href":"https:\/\/oi-paris.com\/wordpress\/wp-json\/wp\/v2\/categories?post=7654"},{"taxonomy":"post_tag","embeddable":true,"href":"https:\/\/oi-paris.com\/wordpress\/wp-json\/wp\/v2\/tags?post=7654"}],"curies":[{"name":"wp","href":"https:\/\/api.w.org\/{rel}","templated":true}]}}