{"id":7783,"date":"2018-05-19T09:44:00","date_gmt":"2018-05-19T07:44:00","guid":{"rendered":"http:\/\/oi-paris.com\/wordpress\/?p=7783"},"modified":"2018-05-18T11:12:49","modified_gmt":"2018-05-18T09:12:49","slug":"le-1er-mercredi-du-mois-de-mai","status":"publish","type":"post","link":"https:\/\/oi-paris.com\/wordpress\/2018\/05\/19\/le-1er-mercredi-du-mois-de-mai\/","title":{"rendered":"Le 1er Mercredi du mois de Mai"},"content":{"rendered":"<p>&nbsp;<\/p>\n<p style=\"text-align: left;\"><strong>Le 1er Mercredi du mois de Mai<\/strong><\/p>\n<p><img loading=\"lazy\" decoding=\"async\" class=\"alignnone wp-image-7786 aligncenter\" src=\"http:\/\/oi-paris.com\/wordpress\/wp-content\/uploads\/2018\/05\/images-1-1.jpeg\" alt=\"\" width=\"357\" height=\"302\" \/><\/p>\n<p>Un mardi devenu un mercredi. C&#8217;est ce que veut Mai.<br \/>\nUne vingtaine de personnes \u00e9taient pr\u00e9sentes.<\/p>\n<p><strong>La Vie au Club<\/strong><\/p>\n<p>Le mardi technique qui deviendra lui aussi un mercredi aura lieu la deuxi\u00e8me quinzaine du mois de mai.\u00a0Au programme, le Salon d&#8217;auteur et le Vivre en Ville \u00e0 pr\u00e9parer.<\/p>\n<p><img loading=\"lazy\" decoding=\"async\" class=\"alignnone wp-image-7793 aligncenter\" src=\"http:\/\/oi-paris.com\/wordpress\/wp-content\/uploads\/2018\/05\/1-300x200.jpg\" alt=\"\" width=\"425\" height=\"283\" srcset=\"https:\/\/oi-paris.com\/wordpress\/wp-content\/uploads\/2018\/05\/1-300x200.jpg 300w, https:\/\/oi-paris.com\/wordpress\/wp-content\/uploads\/2018\/05\/1-768x512.jpg 768w, https:\/\/oi-paris.com\/wordpress\/wp-content\/uploads\/2018\/05\/1-1024x683.jpg 1024w, https:\/\/oi-paris.com\/wordpress\/wp-content\/uploads\/2018\/05\/1-1320x880.jpg 1320w, https:\/\/oi-paris.com\/wordpress\/wp-content\/uploads\/2018\/05\/1.jpg 1620w\" sizes=\"auto, (max-width: 425px) 100vw, 425px\" \/><\/p>\n<p>&nbsp;<\/p>\n<ul>\n<li>Le 15 Mai Rendez-vous avec J.P. Gauthran et la d\u00e9dicace de son livre.<\/li>\n<li>St\u00e9phane a besoin de 12 volontaires pour faire un&#8221; workshop&#8221; avec du mat\u00e9riel propos\u00e9 par Olympus et une sortie autour de ce travail. Ce serait pour le mois de juin.<\/li>\n<li>L&#8217;UPA se tiendra le 28 mai.<\/li>\n<li>Le 29 mai, une r\u00e9union de pr\u00e9paration l&#8217;animation. Toutes les id\u00e9es, suggestions et autres seront les bienvenues.<\/li>\n<\/ul>\n<p><strong>Les expos \u00e0 voir<\/strong><\/p>\n<p>En ce mois de mai, pl\u00e9thore d&#8217;expos.<\/p>\n<ul>\n<li>A la Banque postale: Horizontal<\/li>\n<\/ul>\n<p><img loading=\"lazy\" decoding=\"async\" class=\"alignnone wp-image-7788 aligncenter\" src=\"http:\/\/oi-paris.com\/wordpress\/wp-content\/uploads\/2018\/05\/PATRICE-RIE-BP-30-04-BIS-300x200.jpg\" alt=\"\" width=\"413\" height=\"275\" srcset=\"https:\/\/oi-paris.com\/wordpress\/wp-content\/uploads\/2018\/05\/PATRICE-RIE-BP-30-04-BIS-300x200.jpg 300w, https:\/\/oi-paris.com\/wordpress\/wp-content\/uploads\/2018\/05\/PATRICE-RIE-BP-30-04-BIS-768x512.jpg 768w, https:\/\/oi-paris.com\/wordpress\/wp-content\/uploads\/2018\/05\/PATRICE-RIE-BP-30-04-BIS-1024x683.jpg 1024w, https:\/\/oi-paris.com\/wordpress\/wp-content\/uploads\/2018\/05\/PATRICE-RIE-BP-30-04-BIS-1320x880.jpg 1320w\" sizes=\"auto, (max-width: 413px) 100vw, 413px\" \/><\/p>\n<p>&nbsp;<\/p>\n<p>Willy Rosnis au Pavillon Carr\u00e9 de Baudoin. Vous y verrez des albums in\u00e9dits.<\/p>\n<ul>\n<li>Gustav Klimt \u00e0 l&#8217;Atelier des Lumi\u00e8res. Pour les diaporamistes, on navigue dans une immense salle au milieu des tableaux du peintre. Une exposition tr\u00e8s \u00e9tonnante.<\/li>\n<li>William+Klein \u00e0 la Polka Galerie. Une fresque photographique pr\u00e9sente les chapitres d\u00e9cisifs de Klein.<\/li>\n<li>A la Halles des Blanc Manteaux , les rendez-vous de la photo documentaire.<\/li>\n<li>David Goldblatt au Centre Pompidou : une r\u00e9trospective de l&#8217;oeuvre du photographe sud-africain.<\/li>\n<li>Le Mus\u00e9e de l&#8217;Orangerie pr\u00e9sente &#8220;Nymph\u00e9as. Abstraction et le dernier Monet&#8221;.<\/li>\n<li>A Montrouge, le Salon d&#8217;Art Contemporain montre une tr\u00e8s grande vari\u00e9t\u00e9 de jeunes artistes.<\/li>\n<li>&#8220;Le Temps d&#8217;une pose&#8221;, \u00a0exposition de Jeannine Laik \u00e0 Chanter (\u00e0 cot\u00e9 de Vichy). Si vous passez par l\u00e0 \u00e0 voir absolument.<\/li>\n<li>\u00a0Sans oublier le Salon National A Bordeaux le 22 Juin.<\/li>\n<\/ul>\n<p><strong>Les Films \u00e0 voir<\/strong><\/p>\n<p>Ce mois- ci \u00a0Pierre-Marie nous montre des films d&#8217;animation.<\/p>\n<ul>\n<li>Black Panther de RyanCoogler<\/li>\n<li>Ready Player One de StevenSpielberg<\/li>\n<li>Pierre Lapin de Will Gluck<\/li>\n<li>L&#8217;Ile aux chiens de Wes Anderson<\/li>\n<\/ul>\n<p><strong style=\"text-align: center;\">Le Photographe myst\u00e8re<\/strong><\/p>\n<p>Christelle nous pr\u00e9sente Cindy Sherman. Ce qui l&#8217;a int\u00e9ress\u00e9 , c&#8217;est qu&#8217;elle \u00a0nous montre ses photos sous forme de s\u00e9rie et qu&#8217;elles sont \u00e0 comprendre comme de l&#8217;art conceptuel.\u00a0Elle \u00a0nous pr\u00e9sente aussi son travail sous forme de diaporama et c&#8217;est remarquable.<\/p>\n<p><strong>L&#8217;adh\u00e9rent du mois<\/strong><\/p>\n<p>Sandra a \u00e9t\u00e9 d\u00e9sign\u00e9e \u00a0notre adh\u00e9rente du mois avec ses photos sur les fleurs.<\/p>\n<p><img loading=\"lazy\" decoding=\"async\" class=\" wp-image-7792 aligncenter\" src=\"http:\/\/oi-paris.com\/wordpress\/wp-content\/uploads\/2018\/05\/SR1-300x200.jpg\" alt=\"\" width=\"426\" height=\"284\" srcset=\"https:\/\/oi-paris.com\/wordpress\/wp-content\/uploads\/2018\/05\/SR1-300x200.jpg 300w, https:\/\/oi-paris.com\/wordpress\/wp-content\/uploads\/2018\/05\/SR1-768x512.jpg 768w, https:\/\/oi-paris.com\/wordpress\/wp-content\/uploads\/2018\/05\/SR1-1024x683.jpg 1024w, https:\/\/oi-paris.com\/wordpress\/wp-content\/uploads\/2018\/05\/SR1-1320x880.jpg 1320w\" sizes=\"auto, (max-width: 426px) 100vw, 426px\" \/><\/p>\n<p>&nbsp;<\/p>\n<p><strong>L&#8217;Auberge Espagnole<\/strong><\/p>\n<ul>\n<li>Tania : 3 photos<\/li>\n<li>St\u00e9phan Erviel : 3 photos<\/li>\n<li>Amaury : 3 photos<\/li>\n<li>Annie Borez\u00e9e : 3 photos<\/li>\n<li>Michel Brisson : 3 photos<\/li>\n<li>Christelle : 3 photos<\/li>\n<li>H\u00e9l\u00e8ne Lefelle : 3 photos<\/li>\n<li>Jacques Amiel : 3 photos<\/li>\n<li>Jeannine Laik : 4 photos<\/li>\n<li>Jean-Claude V\u00e9ran : 3 photos<\/li>\n<li>Jen-Paul Petit : 3 photos<\/li>\n<li>Laure Rousville : 3 photos<\/li>\n<li>Philippe Rivalain : 3 photos<\/li>\n<li>Pierre-Emmanuel : 3 photos<\/li>\n<li>Pierre-Marie : 3 photos<\/li>\n<li>Richard : 3 photos<\/li>\n<li>Sandra : 3 photos<\/li>\n<li>St\u00e9phane Derny : 3 photos<\/li>\n<li>Yannick : 3 photos<\/li>\n<\/ul>\n<p><img loading=\"lazy\" decoding=\"async\" class=\"alignnone wp-image-7795 aligncenter\" src=\"http:\/\/oi-paris.com\/wordpress\/wp-content\/uploads\/2018\/05\/zzz-Mardi-dOI-300x169.jpg\" alt=\"\" width=\"421\" height=\"237\" srcset=\"https:\/\/oi-paris.com\/wordpress\/wp-content\/uploads\/2018\/05\/zzz-Mardi-dOI-300x169.jpg 300w, https:\/\/oi-paris.com\/wordpress\/wp-content\/uploads\/2018\/05\/zzz-Mardi-dOI-768x432.jpg 768w, https:\/\/oi-paris.com\/wordpress\/wp-content\/uploads\/2018\/05\/zzz-Mardi-dOI-1024x576.jpg 1024w, https:\/\/oi-paris.com\/wordpress\/wp-content\/uploads\/2018\/05\/zzz-Mardi-dOI-1320x743.jpg 1320w, https:\/\/oi-paris.com\/wordpress\/wp-content\/uploads\/2018\/05\/zzz-Mardi-dOI.jpg 1920w\" sizes=\"auto, (max-width: 421px) 100vw, 421px\" \/><\/p>\n","protected":false},"excerpt":{"rendered":"<p>&nbsp; Le 1er Mercredi du mois de Mai Un mardi devenu un mercredi. C&#8217;est ce que veut Mai. Une vingtaine de personnes \u00e9taient pr\u00e9sentes. La Vie au Club Le mardi technique qui deviendra lui&#46;&#46;&#46;<\/p>\n","protected":false},"author":16,"featured_media":7786,"comment_status":"closed","ping_status":"closed","sticky":false,"template":"","format":"standard","meta":{"_acf_changed":false,"_oasis_is_in_workflow":0,"_oasis_original":0,"_uag_custom_page_level_css":"","footnotes":""},"categories":[8],"tags":[],"class_list":["post-7783","post","type-post","status-publish","format-standard","has-post-thumbnail","hentry","category-mardi-doi"],"acf":[],"uagb_featured_image_src":{"full":["https:\/\/oi-paris.com\/wordpress\/wp-content\/uploads\/2018\/05\/images-1-1.jpeg",244,207,false],"thumbnail":["https:\/\/oi-paris.com\/wordpress\/wp-content\/uploads\/2018\/05\/images-1-1-150x150.jpeg",150,150,true],"medium":["https:\/\/oi-paris.com\/wordpress\/wp-content\/uploads\/2018\/05\/images-1-1.jpeg",244,207,false],"medium_large":["https:\/\/oi-paris.com\/wordpress\/wp-content\/uploads\/2018\/05\/images-1-1.jpeg",244,207,false],"large":["https:\/\/oi-paris.com\/wordpress\/wp-content\/uploads\/2018\/05\/images-1-1.jpeg",244,207,false],"1536x1536":["https:\/\/oi-paris.com\/wordpress\/wp-content\/uploads\/2018\/05\/images-1-1.jpeg",244,207,false],"2048x2048":["https:\/\/oi-paris.com\/wordpress\/wp-content\/uploads\/2018\/05\/images-1-1.jpeg",244,207,false],"thumb-small":["https:\/\/oi-paris.com\/wordpress\/wp-content\/uploads\/2018\/05\/images-1-1-160x160.jpeg",80,80,true],"thumb-standard":["https:\/\/oi-paris.com\/wordpress\/wp-content\/uploads\/2018\/05\/images-1-1-320x320.jpeg",320,320,true],"thumb-medium":["https:\/\/oi-paris.com\/wordpress\/wp-content\/uploads\/2018\/05\/images-1-1-520x245.jpeg",520,245,true],"thumb-large":["https:\/\/oi-paris.com\/wordpress\/wp-content\/uploads\/2018\/05\/images-1-1-720x340.jpeg",720,340,true],"thumb-xlarge":["https:\/\/oi-paris.com\/wordpress\/wp-content\/uploads\/2018\/05\/images-1-1-980x450.jpeg",980,450,true],"thumb-xxlarge":["https:\/\/oi-paris.com\/wordpress\/wp-content\/uploads\/2018\/05\/images-1-1-1320x500.jpeg",1320,500,true],"mailpoet_newsletter_max":["https:\/\/oi-paris.com\/wordpress\/wp-content\/uploads\/2018\/05\/images-1-1.jpeg",244,207,false]},"uagb_author_info":{"display_name":"Helene Lefelle","author_link":"https:\/\/oi-paris.com\/wordpress\/author\/helene\/"},"uagb_comment_info":0,"uagb_excerpt":"&nbsp; Le 1er Mercredi du mois de Mai Un mardi devenu un mercredi. C&#8217;est ce que veut Mai. Une vingtaine de personnes \u00e9taient pr\u00e9sentes. La Vie au Club Le mardi technique qui deviendra lui&#46;&#46;&#46;","_links":{"self":[{"href":"https:\/\/oi-paris.com\/wordpress\/wp-json\/wp\/v2\/posts\/7783","targetHints":{"allow":["GET"]}}],"collection":[{"href":"https:\/\/oi-paris.com\/wordpress\/wp-json\/wp\/v2\/posts"}],"about":[{"href":"https:\/\/oi-paris.com\/wordpress\/wp-json\/wp\/v2\/types\/post"}],"author":[{"embeddable":true,"href":"https:\/\/oi-paris.com\/wordpress\/wp-json\/wp\/v2\/users\/16"}],"replies":[{"embeddable":true,"href":"https:\/\/oi-paris.com\/wordpress\/wp-json\/wp\/v2\/comments?post=7783"}],"version-history":[{"count":5,"href":"https:\/\/oi-paris.com\/wordpress\/wp-json\/wp\/v2\/posts\/7783\/revisions"}],"predecessor-version":[{"id":7849,"href":"https:\/\/oi-paris.com\/wordpress\/wp-json\/wp\/v2\/posts\/7783\/revisions\/7849"}],"wp:featuredmedia":[{"embeddable":true,"href":"https:\/\/oi-paris.com\/wordpress\/wp-json\/wp\/v2\/media\/7786"}],"wp:attachment":[{"href":"https:\/\/oi-paris.com\/wordpress\/wp-json\/wp\/v2\/media?parent=7783"}],"wp:term":[{"taxonomy":"category","embeddable":true,"href":"https:\/\/oi-paris.com\/wordpress\/wp-json\/wp\/v2\/categories?post=7783"},{"taxonomy":"post_tag","embeddable":true,"href":"https:\/\/oi-paris.com\/wordpress\/wp-json\/wp\/v2\/tags?post=7783"}],"curies":[{"name":"wp","href":"https:\/\/api.w.org\/{rel}","templated":true}]}}