{"id":7924,"date":"2018-06-08T21:26:13","date_gmt":"2018-06-08T19:26:13","guid":{"rendered":"http:\/\/oi-paris.com\/wordpress\/?p=7924"},"modified":"2018-06-08T21:25:02","modified_gmt":"2018-06-08T19:25:02","slug":"mardi-technique-de-juin","status":"publish","type":"post","link":"https:\/\/oi-paris.com\/wordpress\/2018\/06\/08\/mardi-technique-de-juin\/","title":{"rendered":"Mardi Technique de juin"},"content":{"rendered":"<h3><a href=\"http:\/\/oi-paris.com\/wordpress\/wp-content\/uploads\/2015\/08\/Photo-carre.jpg\" data-rel=\"lightbox-image-0\" data-rl_title=\"\" data-rl_caption=\"\" title=\"\"><img loading=\"lazy\" decoding=\"async\" class=\"alignnone wp-image-1415 size-thumbnail\" src=\"http:\/\/oi-paris.com\/wordpress\/wp-content\/uploads\/2015\/08\/Photo-carre-150x150.jpg\" alt=\"Photo-carre\" width=\"150\" height=\"150\" srcset=\"https:\/\/oi-paris.com\/wordpress\/wp-content\/uploads\/2015\/08\/Photo-carre-150x150.jpg 150w, https:\/\/oi-paris.com\/wordpress\/wp-content\/uploads\/2015\/08\/Photo-carre-300x300.jpg 300w, https:\/\/oi-paris.com\/wordpress\/wp-content\/uploads\/2015\/08\/Photo-carre-160x160.jpg 160w, https:\/\/oi-paris.com\/wordpress\/wp-content\/uploads\/2015\/08\/Photo-carre-320x320.jpg 320w, https:\/\/oi-paris.com\/wordpress\/wp-content\/uploads\/2015\/08\/Photo-carre.jpg 463w\" sizes=\"auto, (max-width: 150px) 100vw, 150px\" \/><\/a><\/h3>\n<h3><span style=\"color: #000000;\"><strong>La question technique<\/strong><\/span><\/h3>\n<p><span style=\"color: #000000;\">Si vous avez une question technique, contactez\u00a0<a href=\"mailto:pebeauchaud@free.fr\">Pierre-Emmanuel<\/a>\u00a0.<\/span><\/p>\n<h3><span style=\"color: #000000;\"><strong>Pr\u00e9paration du salon d&#8217;auteur:<\/strong><\/span><\/h3>\n<p><span style=\"color: #000000;\">Le salon d&#8217;auteur est le second salon organis\u00e9 par Objectif Image. Il s&#8217;agit d&#8217;une s\u00e9rie de 5 photos pr\u00e9sentant un travail d&#8217;auteur. Les membres voulant participer peuvent venir avec leurs s\u00e9ries de photos.<\/span><\/p>\n<h3><span style=\"color: #000000;\"><strong>Pr\u00e9paration de l&#8217;exposition &#8220;autoportrait&#8221;:<\/strong><\/span><\/h3>\n<p><span style=\"color: #000000;\">Dans le cadre de la collaboration avec les autres associations du groupe une exposition sur le th\u00e8me\u00a0de l&#8217;autoportrait aura lieu en mars 2019 avec la soci\u00e9t\u00e9 artistique. Pour pr\u00e9parer cette exposition vous pouvez apporter une ou deux photos sur ce th\u00e8me.\u00a0<\/span><\/p>\n<h3><span style=\"color: #000000;\"><strong>C&#8217;est o\u00f9 ?<\/strong><\/span><\/h3>\n<p><span style=\"color: #000000;\"><strong>Maison des associations 8 rue Brillat-Savarin 75013 Paris. (Salle RC1)<\/strong><\/span><\/p>\n<h3><span style=\"color: #000000;\"><strong>C&#8217;est quand ?<\/strong><\/span><\/h3>\n<p><span style=\"color: #000000;\">Mardi 12 Juin 2018 \u00e0 partir de 19h30<\/span><\/p>\n<h3><span style=\"color: #000000;\"><strong>Contacts<\/strong><\/span><\/h3>\n<p><span style=\"color: #000000;\"><a href=\"mailto:pebeauchaud@free.fr\">Pierre-Emmanuel<\/a><\/span><\/p>\n","protected":false},"excerpt":{"rendered":"<p>La question technique Si vous avez une question technique, contactez\u00a0Pierre-Emmanuel\u00a0. Pr\u00e9paration du salon d&#8217;auteur: Le salon d&#8217;auteur est le second salon organis\u00e9 par Objectif Image. Il s&#8217;agit d&#8217;une s\u00e9rie de 5 photos pr\u00e9sentant un&#46;&#46;&#46;<\/p>\n","protected":false},"author":1,"featured_media":6842,"comment_status":"closed","ping_status":"closed","sticky":false,"template":"","format":"standard","meta":{"_acf_changed":false,"_oasis_is_in_workflow":0,"_oasis_original":0,"_uag_custom_page_level_css":"","footnotes":""},"categories":[4,9],"tags":[],"class_list":["post-7924","post","type-post","status-publish","format-standard","has-post-thumbnail","hentry","category-concours","category-photo"],"acf":[],"uagb_featured_image_src":{"full":["https:\/\/oi-paris.com\/wordpress\/wp-content\/uploads\/2017\/11\/@@-OIP-Dupre-Rozenn-1-3.jpg",1620,1080,false],"thumbnail":["https:\/\/oi-paris.com\/wordpress\/wp-content\/uploads\/2017\/11\/@@-OIP-Dupre-Rozenn-1-3-150x150.jpg",150,150,true],"medium":["https:\/\/oi-paris.com\/wordpress\/wp-content\/uploads\/2017\/11\/@@-OIP-Dupre-Rozenn-1-3-300x200.jpg",300,200,true],"medium_large":["https:\/\/oi-paris.com\/wordpress\/wp-content\/uploads\/2017\/11\/@@-OIP-Dupre-Rozenn-1-3-768x512.jpg",768,512,true],"large":["https:\/\/oi-paris.com\/wordpress\/wp-content\/uploads\/2017\/11\/@@-OIP-Dupre-Rozenn-1-3-1024x683.jpg",1024,683,true],"1536x1536":["https:\/\/oi-paris.com\/wordpress\/wp-content\/uploads\/2017\/11\/@@-OIP-Dupre-Rozenn-1-3.jpg",1536,1024,false],"2048x2048":["https:\/\/oi-paris.com\/wordpress\/wp-content\/uploads\/2017\/11\/@@-OIP-Dupre-Rozenn-1-3.jpg",1620,1080,false],"thumb-small":["https:\/\/oi-paris.com\/wordpress\/wp-content\/uploads\/2017\/11\/@@-OIP-Dupre-Rozenn-1-3-160x160.jpg",80,80,true],"thumb-standard":["https:\/\/oi-paris.com\/wordpress\/wp-content\/uploads\/2017\/11\/@@-OIP-Dupre-Rozenn-1-3-320x320.jpg",320,320,true],"thumb-medium":["https:\/\/oi-paris.com\/wordpress\/wp-content\/uploads\/2017\/11\/@@-OIP-Dupre-Rozenn-1-3-520x245.jpg",520,245,true],"thumb-large":["https:\/\/oi-paris.com\/wordpress\/wp-content\/uploads\/2017\/11\/@@-OIP-Dupre-Rozenn-1-3-720x340.jpg",720,340,true],"thumb-xlarge":["https:\/\/oi-paris.com\/wordpress\/wp-content\/uploads\/2017\/11\/@@-OIP-Dupre-Rozenn-1-3-980x450.jpg",980,450,true],"thumb-xxlarge":["https:\/\/oi-paris.com\/wordpress\/wp-content\/uploads\/2017\/11\/@@-OIP-Dupre-Rozenn-1-3-1320x500.jpg",1320,500,true],"mailpoet_newsletter_max":["https:\/\/oi-paris.com\/wordpress\/wp-content\/uploads\/2017\/11\/@@-OIP-Dupre-Rozenn-1-3-1320x880.jpg",1320,880,true]},"uagb_author_info":{"display_name":"stephane D","author_link":"https:\/\/oi-paris.com\/wordpress\/author\/stephane\/"},"uagb_comment_info":0,"uagb_excerpt":"La question technique Si vous avez une question technique, contactez\u00a0Pierre-Emmanuel\u00a0. Pr\u00e9paration du salon d&#8217;auteur: Le salon d&#8217;auteur est le second salon organis\u00e9 par Objectif Image. Il s&#8217;agit d&#8217;une s\u00e9rie de 5 photos pr\u00e9sentant un&#46;&#46;&#46;","_links":{"self":[{"href":"https:\/\/oi-paris.com\/wordpress\/wp-json\/wp\/v2\/posts\/7924","targetHints":{"allow":["GET"]}}],"collection":[{"href":"https:\/\/oi-paris.com\/wordpress\/wp-json\/wp\/v2\/posts"}],"about":[{"href":"https:\/\/oi-paris.com\/wordpress\/wp-json\/wp\/v2\/types\/post"}],"author":[{"embeddable":true,"href":"https:\/\/oi-paris.com\/wordpress\/wp-json\/wp\/v2\/users\/1"}],"replies":[{"embeddable":true,"href":"https:\/\/oi-paris.com\/wordpress\/wp-json\/wp\/v2\/comments?post=7924"}],"version-history":[{"count":3,"href":"https:\/\/oi-paris.com\/wordpress\/wp-json\/wp\/v2\/posts\/7924\/revisions"}],"predecessor-version":[{"id":7927,"href":"https:\/\/oi-paris.com\/wordpress\/wp-json\/wp\/v2\/posts\/7924\/revisions\/7927"}],"wp:featuredmedia":[{"embeddable":true,"href":"https:\/\/oi-paris.com\/wordpress\/wp-json\/wp\/v2\/media\/6842"}],"wp:attachment":[{"href":"https:\/\/oi-paris.com\/wordpress\/wp-json\/wp\/v2\/media?parent=7924"}],"wp:term":[{"taxonomy":"category","embeddable":true,"href":"https:\/\/oi-paris.com\/wordpress\/wp-json\/wp\/v2\/categories?post=7924"},{"taxonomy":"post_tag","embeddable":true,"href":"https:\/\/oi-paris.com\/wordpress\/wp-json\/wp\/v2\/tags?post=7924"}],"curies":[{"name":"wp","href":"https:\/\/api.w.org\/{rel}","templated":true}]}}