{"id":7929,"date":"2018-06-11T17:33:20","date_gmt":"2018-06-11T15:33:20","guid":{"rendered":"http:\/\/oi-paris.com\/wordpress\/?p=7929"},"modified":"2018-06-17T23:56:19","modified_gmt":"2018-06-17T21:56:19","slug":"le-1er-mardi-du-mois-de-juin","status":"publish","type":"post","link":"https:\/\/oi-paris.com\/wordpress\/2018\/06\/11\/le-1er-mardi-du-mois-de-juin\/","title":{"rendered":"Le 1er Mardi du mois de Juin"},"content":{"rendered":"<p><strong>\u00a0Le 1er Mardi du mois de Juin<\/strong><\/p>\n<p>Eh oui, c&#8217;est le dernier mardi avant les vacances&#8230;<\/p>\n<p>Et l&#8217;occasion de participer au vernissage de l&#8217;exposition &#8220;Intemp\u00e9ries et Neiges&#8221; organis\u00e9e par Laure.<br \/>\nNous \u00e9tions une vingtaine d&#8217;adh\u00e9rents.<\/p>\n<p style=\"text-align: center;\">.<img loading=\"lazy\" decoding=\"async\" class=\"alignnone wp-image-7935\" src=\"http:\/\/oi-paris.com\/wordpress\/wp-content\/uploads\/2018\/06\/Laure-300x300.jpg\" alt=\"\" width=\"358\" height=\"358\" srcset=\"https:\/\/oi-paris.com\/wordpress\/wp-content\/uploads\/2018\/06\/Laure-300x300.jpg 300w, https:\/\/oi-paris.com\/wordpress\/wp-content\/uploads\/2018\/06\/Laure-150x150.jpg 150w, https:\/\/oi-paris.com\/wordpress\/wp-content\/uploads\/2018\/06\/Laure-768x768.jpg 768w, https:\/\/oi-paris.com\/wordpress\/wp-content\/uploads\/2018\/06\/Laure-1024x1024.jpg 1024w, https:\/\/oi-paris.com\/wordpress\/wp-content\/uploads\/2018\/06\/Laure-160x160.jpg 160w, https:\/\/oi-paris.com\/wordpress\/wp-content\/uploads\/2018\/06\/Laure-320x320.jpg 320w, https:\/\/oi-paris.com\/wordpress\/wp-content\/uploads\/2018\/06\/Laure.jpg 1080w\" sizes=\"auto, (max-width: 358px) 100vw, 358px\" \/><\/p>\n<p><strong>La Vie au club<\/strong><\/p>\n<p>Jean-Paul nous fait un petit r\u00e9sum\u00e9 de la r\u00e9union pr\u00e9parative de l&#8217;ann\u00e9e 2018-2019 \u00e0 laquelle participaient une vingtaine d&#8217;adh\u00e9rents et quelques propositions :<\/p>\n<ul>\n<li>A la fin de chaque mardi du mois, il y aura un \u00a0pot d&#8217;organis\u00e9<\/li>\n<li>Pour le visionnage des photos des adh\u00e9rents, il faudra commencer par l&#8217;autoportrait intitul\u00e9 du nom de l&#8217;adh\u00e9rent, index\u00e9 du chiffre 0.<\/li>\n<li>Le Photographe myst\u00e8re sera remplac\u00e9 par l&#8217;Artiste myst\u00e8re.<\/li>\n<li>Les nouveaux \u00a0adh\u00e9rents seront parrain\u00e9s par des anciens.<\/li>\n<li>Une r\u00e9union commune sera organis\u00e9e entre l&#8217;audiovisuel et la vid\u00e9o.<\/li>\n<li>Le Pr\u00e9sident trouve qu&#8217;il y a une mine in\u00e9puisable d&#8217;excellentes photos \u00e0 l&#8217;issue de chaque 1er mardi d&#8217;OI utilisables pour les diff\u00e9rentes expositions qu&#8217;il organise \u00e0 l&#8217;ext\u00e9rieur. Ces photos pourraient \u00eatre pr\u00e9sent\u00e9es aux diff\u00e9rents concours.<\/li>\n<li>L&#8217;adh\u00e9rent du mois devra tirer sa photo.<\/li>\n<li>Chacun devra tirer ses photos et faire ses &#8220;Marie-Louise&#8221;.<\/li>\n<\/ul>\n<p>Inana, nouvelle adh\u00e9rente, vient avec une nouvelle id\u00e9e : &#8220;le Comptoir des Passions &#8221; en coop\u00e9ration avec le club.<\/p>\n<p>Pierre-Emmanuel organisera une exposition &#8220;autoportraits &#8221; avec les photographes et les peintres.<\/p>\n<p>Ce dernier \u00a0annonce le salon \u00a0d&#8217;auteur avec une pr\u00e9sentation d&#8217;une s\u00e9rie de 5 photos \u00e0 envoyer avant le 7 septembre.<\/p>\n<p>Au Troph\u00e9e de Paris pour son diaporama, Pierre-Marie est arriv\u00e9 6\u00e8me sur 106.<\/p>\n<p>Laure nous propose une sortie surprise pour le 3\u00e8me mardi d&#8217;OI du mois de juin organis\u00e9e avec Christelle.<\/p>\n<p>Comme chaque ann\u00e9e, Miguel pr\u00e9pare avec Yannick une sortie Urbex le 16 Juin.<\/p>\n<p>Le 18 Juin, le vernissage du Salon National Individuel se tiendra \u00e0 Bordeaux.\u00a0Une quinzaine d&#8217;adh\u00e9rents y ont \u00e9t\u00e9 s\u00e9lectionn\u00e9s et c&#8217;est Francois Sabourin qui a \u00e9t\u00e9 remarqu\u00e9\u00a0dans notre club par cette photo<\/p>\n<p><img loading=\"lazy\" decoding=\"async\" class=\" wp-image-7945 aligncenter\" src=\"http:\/\/oi-paris.com\/wordpress\/wp-content\/uploads\/2018\/06\/unnamed-300x200.jpg\" alt=\"\" width=\"434\" height=\"289\" srcset=\"https:\/\/oi-paris.com\/wordpress\/wp-content\/uploads\/2018\/06\/unnamed-300x200.jpg 300w, https:\/\/oi-paris.com\/wordpress\/wp-content\/uploads\/2018\/06\/unnamed.jpg 640w\" sizes=\"auto, (max-width: 434px) 100vw, 434px\" \/><\/p>\n<p>&nbsp;<\/p>\n<p><strong>Les Expos \u00e0 voir<\/strong><\/p>\n<ul>\n<li>Sur les Grilles du Luxembourg, l&#8217;exposition &#8220;Origines&#8221;d&#8217;Olivier Grunewald et de Bernadette Gilbertas.<\/li>\n<li>Au Pavillon Carr\u00e9 de Baudouin, l&#8217;exposition &#8220;Willy Ronis par Willy Ronis&#8221;.<\/li>\n<li>Du 2 au 8 Juillet : la semaine d&#8217;ouverture d&#8217;Arles<\/li>\n<\/ul>\n<p><strong>Le photographe Myst\u00e8re<\/strong><\/p>\n<p>Sarah Moon, \u00a0la photographe pr\u00e9sent\u00e9e par Sandra et ce qui l&#8217;a interpell\u00e9e dans l&#8217;oeuvre de cette derni\u00e8re.\u00a0Parmi les th\u00e8mes r\u00e9currents qui se d\u00e9gagent de l\u2019\u0153uvre de Sarah Moon, on peut citer le souvenir, la mort, l\u2019enfance, la f\u00e9minit\u00e9, la solitude.\u00a0Ses photographies mettent souvent en sc\u00e8ne des animaux, des enfants, des environnements industriels d\u00e9labr\u00e9s, des f\u00eates foraines ou encore la route fendant un paysage.<\/p>\n<p><strong><img loading=\"lazy\" decoding=\"async\" class=\" wp-image-7947 aligncenter\" src=\"http:\/\/oi-paris.com\/wordpress\/wp-content\/uploads\/2018\/06\/images.jpeg\" alt=\"\" width=\"264\" height=\"352\" \/><\/strong><\/p>\n<p><strong>L&#8217;adh\u00e9rent du mois<\/strong><\/p>\n<p>Fabien Mirzayan nous a montr\u00e9 de magnifiques photos de montagnes.<\/p>\n<p><strong>Les films \u00e0 voir<\/strong><\/p>\n<ul>\n<li>&#8220;En guerre&#8221; de St\u00e9phane Briz\u00e9 avec Vincent Lindon<\/li>\n<li>&#8220;La r\u00e9volution silencieuse&#8221; de Lars Kraume avec L\u00e9onard Schneider, Tom Gramenz<\/li>\n<li>&#8220;Everbody knows&#8221; de Asgar Farhadi avec Javier Bardem, P\u00e9n\u00e9lope Cruz, Ricardo Darin<\/li>\n<li>&#8220;Solo&#8221;: A Star Wars Story de Ron Howard avec Alden Ehrenreich, Woody Harrelson.<\/li>\n<\/ul>\n<p><strong>L&#8217;Auberge Espagnole<\/strong><\/p>\n<p>Un bug survenu dans ma clef USB ne me permet pas de nommer les photographes, diaporamistes et vid\u00e9astes ayant particip\u00e9 \u00e0 l&#8217;Auberge Espagnole. D\u00e9sol\u00e9e de ce dysfonctionnement.<\/p>\n","protected":false},"excerpt":{"rendered":"<p>\u00a0Le 1er Mardi du mois de Juin Eh oui, c&#8217;est le dernier mardi avant les vacances&#8230; Et l&#8217;occasion de participer au vernissage de l&#8217;exposition &#8220;Intemp\u00e9ries et Neiges&#8221; organis\u00e9e par Laure. Nous \u00e9tions une vingtaine&#46;&#46;&#46;<\/p>\n","protected":false},"author":16,"featured_media":7935,"comment_status":"closed","ping_status":"closed","sticky":false,"template":"","format":"standard","meta":{"_acf_changed":false,"_oasis_is_in_workflow":0,"_oasis_original":0,"_uag_custom_page_level_css":"","footnotes":""},"categories":[8],"tags":[],"class_list":["post-7929","post","type-post","status-publish","format-standard","has-post-thumbnail","hentry","category-mardi-doi"],"acf":[],"uagb_featured_image_src":{"full":["https:\/\/oi-paris.com\/wordpress\/wp-content\/uploads\/2018\/06\/Laure.jpg",1080,1080,false],"thumbnail":["https:\/\/oi-paris.com\/wordpress\/wp-content\/uploads\/2018\/06\/Laure-150x150.jpg",150,150,true],"medium":["https:\/\/oi-paris.com\/wordpress\/wp-content\/uploads\/2018\/06\/Laure-300x300.jpg",300,300,true],"medium_large":["https:\/\/oi-paris.com\/wordpress\/wp-content\/uploads\/2018\/06\/Laure-768x768.jpg",768,768,true],"large":["https:\/\/oi-paris.com\/wordpress\/wp-content\/uploads\/2018\/06\/Laure-1024x1024.jpg",1024,1024,true],"1536x1536":["https:\/\/oi-paris.com\/wordpress\/wp-content\/uploads\/2018\/06\/Laure.jpg",1080,1080,false],"2048x2048":["https:\/\/oi-paris.com\/wordpress\/wp-content\/uploads\/2018\/06\/Laure.jpg",1080,1080,false],"thumb-small":["https:\/\/oi-paris.com\/wordpress\/wp-content\/uploads\/2018\/06\/Laure-160x160.jpg",80,80,true],"thumb-standard":["https:\/\/oi-paris.com\/wordpress\/wp-content\/uploads\/2018\/06\/Laure-320x320.jpg",320,320,true],"thumb-medium":["https:\/\/oi-paris.com\/wordpress\/wp-content\/uploads\/2018\/06\/Laure-520x245.jpg",520,245,true],"thumb-large":["https:\/\/oi-paris.com\/wordpress\/wp-content\/uploads\/2018\/06\/Laure-720x340.jpg",720,340,true],"thumb-xlarge":["https:\/\/oi-paris.com\/wordpress\/wp-content\/uploads\/2018\/06\/Laure-980x450.jpg",980,450,true],"thumb-xxlarge":["https:\/\/oi-paris.com\/wordpress\/wp-content\/uploads\/2018\/06\/Laure-1320x500.jpg",1320,500,true],"mailpoet_newsletter_max":["https:\/\/oi-paris.com\/wordpress\/wp-content\/uploads\/2018\/06\/Laure.jpg",1080,1080,false]},"uagb_author_info":{"display_name":"Helene Lefelle","author_link":"https:\/\/oi-paris.com\/wordpress\/author\/helene\/"},"uagb_comment_info":0,"uagb_excerpt":"\u00a0Le 1er Mardi du mois de Juin Eh oui, c&#8217;est le dernier mardi avant les vacances&#8230; Et l&#8217;occasion de participer au vernissage de l&#8217;exposition &#8220;Intemp\u00e9ries et Neiges&#8221; organis\u00e9e par Laure. Nous \u00e9tions une vingtaine&#46;&#46;&#46;","_links":{"self":[{"href":"https:\/\/oi-paris.com\/wordpress\/wp-json\/wp\/v2\/posts\/7929","targetHints":{"allow":["GET"]}}],"collection":[{"href":"https:\/\/oi-paris.com\/wordpress\/wp-json\/wp\/v2\/posts"}],"about":[{"href":"https:\/\/oi-paris.com\/wordpress\/wp-json\/wp\/v2\/types\/post"}],"author":[{"embeddable":true,"href":"https:\/\/oi-paris.com\/wordpress\/wp-json\/wp\/v2\/users\/16"}],"replies":[{"embeddable":true,"href":"https:\/\/oi-paris.com\/wordpress\/wp-json\/wp\/v2\/comments?post=7929"}],"version-history":[{"count":5,"href":"https:\/\/oi-paris.com\/wordpress\/wp-json\/wp\/v2\/posts\/7929\/revisions"}],"predecessor-version":[{"id":7961,"href":"https:\/\/oi-paris.com\/wordpress\/wp-json\/wp\/v2\/posts\/7929\/revisions\/7961"}],"wp:featuredmedia":[{"embeddable":true,"href":"https:\/\/oi-paris.com\/wordpress\/wp-json\/wp\/v2\/media\/7935"}],"wp:attachment":[{"href":"https:\/\/oi-paris.com\/wordpress\/wp-json\/wp\/v2\/media?parent=7929"}],"wp:term":[{"taxonomy":"category","embeddable":true,"href":"https:\/\/oi-paris.com\/wordpress\/wp-json\/wp\/v2\/categories?post=7929"},{"taxonomy":"post_tag","embeddable":true,"href":"https:\/\/oi-paris.com\/wordpress\/wp-json\/wp\/v2\/tags?post=7929"}],"curies":[{"name":"wp","href":"https:\/\/api.w.org\/{rel}","templated":true}]}}