{"id":8040,"date":"2018-08-30T09:06:22","date_gmt":"2018-08-30T07:06:22","guid":{"rendered":"http:\/\/oi-paris.com\/wordpress\/?p=8040"},"modified":"2018-08-31T17:02:39","modified_gmt":"2018-08-31T15:02:39","slug":"bienvenue-au-mardi-doi","status":"publish","type":"post","link":"https:\/\/oi-paris.com\/wordpress\/2018\/08\/30\/bienvenue-au-mardi-doi\/","title":{"rendered":"Bienvenue au &#8220;Mardi d&#8217;OI&#8221;"},"content":{"rendered":"<p>La saison reprend avec le Mardi d&#8217;OI et ses rubriques habituelles.<\/p>\n<ul>\n<li>La vie au club<\/li>\n<li>Les expos \u00e0 voir<\/li>\n<li>Les toiles du mois<\/li>\n<li>Le photographe myst\u00e8re<\/li>\n<li>L&#8217;adh\u00e9rent du mois<\/li>\n<li>L&#8217;auberge espagnole.<\/li>\n<\/ul>\n<p><!--more--><\/p>\n<p>Nouveaut\u00e9 : en plus des trois photos, chacun est invit\u00e9 \u00e0 pr\u00e9senter une image &#8220;autoportrait&#8221;. Ce sera aussi le th\u00e8me d&#8217;une exposition au cours de l&#8217;ann\u00e9e.<\/p>\n<p><strong>4 septembre 2018 \u00e0 partir de 19h.<\/strong><\/p>\n<p><strong>8 rue Brillat Savarin 75013 Paris (Salle RC1)<\/strong><\/p>\n<p>&nbsp;<\/p>\n","protected":false},"excerpt":{"rendered":"<p>La saison reprend avec le Mardi d&#8217;OI et ses rubriques habituelles. La vie au club Les expos \u00e0 voir Les toiles du mois Le photographe myst\u00e8re L&#8217;adh\u00e9rent du mois L&#8217;auberge espagnole.<\/p>\n","protected":false},"author":4,"featured_media":8043,"comment_status":"closed","ping_status":"closed","sticky":false,"template":"","format":"standard","meta":{"_acf_changed":false,"_oasis_is_in_workflow":0,"_oasis_original":0,"_uag_custom_page_level_css":"","footnotes":""},"categories":[8],"tags":[],"class_list":["post-8040","post","type-post","status-publish","format-standard","has-post-thumbnail","hentry","category-mardi-doi"],"acf":[],"uagb_featured_image_src":{"full":["https:\/\/oi-paris.com\/wordpress\/wp-content\/uploads\/2018\/08\/rentr\u00e9e.jpg",980,463,false],"thumbnail":["https:\/\/oi-paris.com\/wordpress\/wp-content\/uploads\/2018\/08\/rentr\u00e9e-150x150.jpg",150,150,true],"medium":["https:\/\/oi-paris.com\/wordpress\/wp-content\/uploads\/2018\/08\/rentr\u00e9e-300x142.jpg",300,142,true],"medium_large":["https:\/\/oi-paris.com\/wordpress\/wp-content\/uploads\/2018\/08\/rentr\u00e9e-768x363.jpg",768,363,true],"large":["https:\/\/oi-paris.com\/wordpress\/wp-content\/uploads\/2018\/08\/rentr\u00e9e.jpg",980,463,false],"1536x1536":["https:\/\/oi-paris.com\/wordpress\/wp-content\/uploads\/2018\/08\/rentr\u00e9e.jpg",980,463,false],"2048x2048":["https:\/\/oi-paris.com\/wordpress\/wp-content\/uploads\/2018\/08\/rentr\u00e9e.jpg",980,463,false],"thumb-small":["https:\/\/oi-paris.com\/wordpress\/wp-content\/uploads\/2018\/08\/rentr\u00e9e-160x160.jpg",80,80,true],"thumb-standard":["https:\/\/oi-paris.com\/wordpress\/wp-content\/uploads\/2018\/08\/rentr\u00e9e-320x320.jpg",320,320,true],"thumb-medium":["https:\/\/oi-paris.com\/wordpress\/wp-content\/uploads\/2018\/08\/rentr\u00e9e-520x245.jpg",520,245,true],"thumb-large":["https:\/\/oi-paris.com\/wordpress\/wp-content\/uploads\/2018\/08\/rentr\u00e9e-720x340.jpg",720,340,true],"thumb-xlarge":["https:\/\/oi-paris.com\/wordpress\/wp-content\/uploads\/2018\/08\/rentr\u00e9e-980x450.jpg",980,450,true],"thumb-xxlarge":["https:\/\/oi-paris.com\/wordpress\/wp-content\/uploads\/2018\/08\/rentr\u00e9e.jpg",980,463,false],"mailpoet_newsletter_max":["https:\/\/oi-paris.com\/wordpress\/wp-content\/uploads\/2018\/08\/rentr\u00e9e.jpg",980,463,false]},"uagb_author_info":{"display_name":"Jean Paul Petit","author_link":"https:\/\/oi-paris.com\/wordpress\/author\/jean-paul\/"},"uagb_comment_info":0,"uagb_excerpt":"La saison reprend avec le Mardi d&#8217;OI et ses rubriques habituelles. La vie au club Les expos \u00e0 voir Les toiles du mois Le photographe myst\u00e8re L&#8217;adh\u00e9rent du mois L&#8217;auberge espagnole.","_links":{"self":[{"href":"https:\/\/oi-paris.com\/wordpress\/wp-json\/wp\/v2\/posts\/8040","targetHints":{"allow":["GET"]}}],"collection":[{"href":"https:\/\/oi-paris.com\/wordpress\/wp-json\/wp\/v2\/posts"}],"about":[{"href":"https:\/\/oi-paris.com\/wordpress\/wp-json\/wp\/v2\/types\/post"}],"author":[{"embeddable":true,"href":"https:\/\/oi-paris.com\/wordpress\/wp-json\/wp\/v2\/users\/4"}],"replies":[{"embeddable":true,"href":"https:\/\/oi-paris.com\/wordpress\/wp-json\/wp\/v2\/comments?post=8040"}],"version-history":[{"count":5,"href":"https:\/\/oi-paris.com\/wordpress\/wp-json\/wp\/v2\/posts\/8040\/revisions"}],"predecessor-version":[{"id":8047,"href":"https:\/\/oi-paris.com\/wordpress\/wp-json\/wp\/v2\/posts\/8040\/revisions\/8047"}],"wp:featuredmedia":[{"embeddable":true,"href":"https:\/\/oi-paris.com\/wordpress\/wp-json\/wp\/v2\/media\/8043"}],"wp:attachment":[{"href":"https:\/\/oi-paris.com\/wordpress\/wp-json\/wp\/v2\/media?parent=8040"}],"wp:term":[{"taxonomy":"category","embeddable":true,"href":"https:\/\/oi-paris.com\/wordpress\/wp-json\/wp\/v2\/categories?post=8040"},{"taxonomy":"post_tag","embeddable":true,"href":"https:\/\/oi-paris.com\/wordpress\/wp-json\/wp\/v2\/tags?post=8040"}],"curies":[{"name":"wp","href":"https:\/\/api.w.org\/{rel}","templated":true}]}}