{"id":8048,"date":"2018-09-01T10:48:00","date_gmt":"2018-09-01T08:48:00","guid":{"rendered":"http:\/\/oi-paris.com\/wordpress\/?p=8048"},"modified":"2018-09-14T22:37:22","modified_gmt":"2018-09-14T20:37:22","slug":"film-pour-la-dnas-sur-le-guichet-des-aidants-familiaux-a-la-poste","status":"publish","type":"post","link":"https:\/\/oi-paris.com\/wordpress\/2018\/09\/01\/film-pour-la-dnas-sur-le-guichet-des-aidants-familiaux-a-la-poste\/","title":{"rendered":"Film pour la DNAS sur le Guichet des Aidants familiaux \u00e0 La Poste"},"content":{"rendered":"<p>Le 3 juillet 2018 de 19h \u00e0 21h, Christelle et Nicolas M se sont rendus dans les locaux de la Direction Nationale des Affaires Sociales de La Poste \u00e0 Gentilly afin de r\u00e9aliser une captation d&#8217;une interview sur le Guichet des aidants familiaux \u00e0 La Poste.<\/p>\n<p>&nbsp;<\/p>\n<p><em><img loading=\"lazy\" decoding=\"async\" class=\"alignnone wp-image-8051\" src=\"http:\/\/oi-paris.com\/wordpress\/wp-content\/uploads\/2018\/09\/Val\u00e9rie-300x169.jpg\" alt=\"\" width=\"552\" height=\"311\" srcset=\"https:\/\/oi-paris.com\/wordpress\/wp-content\/uploads\/2018\/09\/Val\u00e9rie-300x169.jpg 300w, https:\/\/oi-paris.com\/wordpress\/wp-content\/uploads\/2018\/09\/Val\u00e9rie-768x432.jpg 768w, https:\/\/oi-paris.com\/wordpress\/wp-content\/uploads\/2018\/09\/Val\u00e9rie-1024x576.jpg 1024w, https:\/\/oi-paris.com\/wordpress\/wp-content\/uploads\/2018\/09\/Val\u00e9rie-1320x743.jpg 1320w, https:\/\/oi-paris.com\/wordpress\/wp-content\/uploads\/2018\/09\/Val\u00e9rie.jpg 1920w\" sizes=\"auto, (max-width: 552px) 100vw, 552px\" \/><\/em><em><img loading=\"lazy\" decoding=\"async\" class=\" wp-image-8049 alignright\" src=\"http:\/\/oi-paris.com\/wordpress\/wp-content\/uploads\/2018\/09\/S\u00e9quence-010-300x169.jpg\" alt=\"\" width=\"542\" height=\"305\" srcset=\"https:\/\/oi-paris.com\/wordpress\/wp-content\/uploads\/2018\/09\/S\u00e9quence-010-300x169.jpg 300w, https:\/\/oi-paris.com\/wordpress\/wp-content\/uploads\/2018\/09\/S\u00e9quence-010-768x432.jpg 768w, https:\/\/oi-paris.com\/wordpress\/wp-content\/uploads\/2018\/09\/S\u00e9quence-010-1024x576.jpg 1024w, https:\/\/oi-paris.com\/wordpress\/wp-content\/uploads\/2018\/09\/S\u00e9quence-010-1320x743.jpg 1320w, https:\/\/oi-paris.com\/wordpress\/wp-content\/uploads\/2018\/09\/S\u00e9quence-010.jpg 1920w\" sizes=\"auto, (max-width: 542px) 100vw, 542px\" \/><\/em><\/p>\n<p>&nbsp;<\/p>\n<p>Par la suite, ils ont r\u00e9alis\u00e9 le montage cet \u00e9t\u00e9. Une des contraintes demand\u00e9es par la DNAS, sous-titr\u00e9 l&#8217;interview de 4mn. ceci a demand\u00e9 environ 9h de travail (entre les recherches \u00e0 l&#8217;aide de tutoriels et la pratique sur la table de montage).<\/p>\n<p>Au retour des cong\u00e9s le service de communication de la DNAS a visionn\u00e9 le montage et a fait des remarques pour des modifications minimes. Le montage est en cours de validation pour une diffusion sur le Portail Malin courant octobre 2018.<\/p>\n<p>Ce travail a \u00e9t\u00e9 appr\u00e9ci\u00e9 des demandeurs, et la collaboration de la section vid\u00e9o avec la DNAS va s\u00fbrement continuer.<\/p>\n<p><em>&#8220;Tout d\u2019abord je trouve le film tr\u00e8s r\u00e9ussi donc un grand merci \u00e0 tous les 2 pour ce beau travail\u00a0!&#8221; <\/em>Val\u00e9rie Leroux<\/p>\n<p><em>&#8220;&#8230;. bravo le r\u00e9sultat est tr\u00e8s bon\u00a0! le message est tr\u00e8s clair.\u00a0 A renouveler.&#8221;<\/em> St\u00e9phanie Adam<\/p>\n<p>&nbsp;<\/p>\n","protected":false},"excerpt":{"rendered":"<p>Le 3 juillet 2018 de 19h \u00e0 21h, Christelle et Nicolas M se sont rendus dans les locaux de la Direction Nationale des Affaires Sociales de La Poste \u00e0 Gentilly afin de r\u00e9aliser une&#46;&#46;&#46;<\/p>\n","protected":false},"author":18,"featured_media":8050,"comment_status":"closed","ping_status":"closed","sticky":false,"template":"","format":"standard","meta":{"_acf_changed":false,"_oasis_is_in_workflow":0,"_oasis_original":0,"_uag_custom_page_level_css":"","footnotes":""},"categories":[12],"tags":[],"class_list":["post-8048","post","type-post","status-publish","format-standard","has-post-thumbnail","hentry","category-video"],"acf":[],"uagb_featured_image_src":{"full":["https:\/\/oi-paris.com\/wordpress\/wp-content\/uploads\/2018\/09\/S\u00e9quence-030.jpg",1920,1080,false],"thumbnail":["https:\/\/oi-paris.com\/wordpress\/wp-content\/uploads\/2018\/09\/S\u00e9quence-030-150x150.jpg",150,150,true],"medium":["https:\/\/oi-paris.com\/wordpress\/wp-content\/uploads\/2018\/09\/S\u00e9quence-030-300x169.jpg",300,169,true],"medium_large":["https:\/\/oi-paris.com\/wordpress\/wp-content\/uploads\/2018\/09\/S\u00e9quence-030-768x432.jpg",768,432,true],"large":["https:\/\/oi-paris.com\/wordpress\/wp-content\/uploads\/2018\/09\/S\u00e9quence-030-1024x576.jpg",1024,576,true],"1536x1536":["https:\/\/oi-paris.com\/wordpress\/wp-content\/uploads\/2018\/09\/S\u00e9quence-030.jpg",1536,864,false],"2048x2048":["https:\/\/oi-paris.com\/wordpress\/wp-content\/uploads\/2018\/09\/S\u00e9quence-030.jpg",1920,1080,false],"thumb-small":["https:\/\/oi-paris.com\/wordpress\/wp-content\/uploads\/2018\/09\/S\u00e9quence-030-160x160.jpg",80,80,true],"thumb-standard":["https:\/\/oi-paris.com\/wordpress\/wp-content\/uploads\/2018\/09\/S\u00e9quence-030-320x320.jpg",320,320,true],"thumb-medium":["https:\/\/oi-paris.com\/wordpress\/wp-content\/uploads\/2018\/09\/S\u00e9quence-030-520x245.jpg",520,245,true],"thumb-large":["https:\/\/oi-paris.com\/wordpress\/wp-content\/uploads\/2018\/09\/S\u00e9quence-030-720x340.jpg",720,340,true],"thumb-xlarge":["https:\/\/oi-paris.com\/wordpress\/wp-content\/uploads\/2018\/09\/S\u00e9quence-030-980x450.jpg",980,450,true],"thumb-xxlarge":["https:\/\/oi-paris.com\/wordpress\/wp-content\/uploads\/2018\/09\/S\u00e9quence-030-1320x500.jpg",1320,500,true],"mailpoet_newsletter_max":["https:\/\/oi-paris.com\/wordpress\/wp-content\/uploads\/2018\/09\/S\u00e9quence-030-1320x743.jpg",1320,743,true]},"uagb_author_info":{"display_name":"Christelle","author_link":"https:\/\/oi-paris.com\/wordpress\/author\/christele-b\/"},"uagb_comment_info":0,"uagb_excerpt":"Le 3 juillet 2018 de 19h \u00e0 21h, Christelle et Nicolas M se sont rendus dans les locaux de la Direction Nationale des Affaires Sociales de La Poste \u00e0 Gentilly afin de r\u00e9aliser une&#46;&#46;&#46;","_links":{"self":[{"href":"https:\/\/oi-paris.com\/wordpress\/wp-json\/wp\/v2\/posts\/8048","targetHints":{"allow":["GET"]}}],"collection":[{"href":"https:\/\/oi-paris.com\/wordpress\/wp-json\/wp\/v2\/posts"}],"about":[{"href":"https:\/\/oi-paris.com\/wordpress\/wp-json\/wp\/v2\/types\/post"}],"author":[{"embeddable":true,"href":"https:\/\/oi-paris.com\/wordpress\/wp-json\/wp\/v2\/users\/18"}],"replies":[{"embeddable":true,"href":"https:\/\/oi-paris.com\/wordpress\/wp-json\/wp\/v2\/comments?post=8048"}],"version-history":[{"count":1,"href":"https:\/\/oi-paris.com\/wordpress\/wp-json\/wp\/v2\/posts\/8048\/revisions"}],"predecessor-version":[{"id":8052,"href":"https:\/\/oi-paris.com\/wordpress\/wp-json\/wp\/v2\/posts\/8048\/revisions\/8052"}],"wp:featuredmedia":[{"embeddable":true,"href":"https:\/\/oi-paris.com\/wordpress\/wp-json\/wp\/v2\/media\/8050"}],"wp:attachment":[{"href":"https:\/\/oi-paris.com\/wordpress\/wp-json\/wp\/v2\/media?parent=8048"}],"wp:term":[{"taxonomy":"category","embeddable":true,"href":"https:\/\/oi-paris.com\/wordpress\/wp-json\/wp\/v2\/categories?post=8048"},{"taxonomy":"post_tag","embeddable":true,"href":"https:\/\/oi-paris.com\/wordpress\/wp-json\/wp\/v2\/tags?post=8048"}],"curies":[{"name":"wp","href":"https:\/\/api.w.org\/{rel}","templated":true}]}}