{"id":8057,"date":"2018-09-05T11:01:31","date_gmt":"2018-09-05T09:01:31","guid":{"rendered":"http:\/\/oi-paris.com\/wordpress\/?p=8057"},"modified":"2018-09-05T11:00:18","modified_gmt":"2018-09-05T09:00:18","slug":"mardi-technique-de-septembre","status":"publish","type":"post","link":"https:\/\/oi-paris.com\/wordpress\/2018\/09\/05\/mardi-technique-de-septembre\/","title":{"rendered":"Mardi Technique de septembre"},"content":{"rendered":"<h3><a href=\"http:\/\/oi-paris.com\/wordpress\/wp-content\/uploads\/2015\/08\/Photo-carre.jpg\" data-rel=\"lightbox-image-0\" data-rl_title=\"\" data-rl_caption=\"\" title=\"\"><img loading=\"lazy\" decoding=\"async\" class=\"alignnone wp-image-1415 size-thumbnail\" src=\"http:\/\/oi-paris.com\/wordpress\/wp-content\/uploads\/2015\/08\/Photo-carre-150x150.jpg\" alt=\"Photo-carre\" width=\"150\" height=\"150\" srcset=\"https:\/\/oi-paris.com\/wordpress\/wp-content\/uploads\/2015\/08\/Photo-carre-150x150.jpg 150w, https:\/\/oi-paris.com\/wordpress\/wp-content\/uploads\/2015\/08\/Photo-carre-300x300.jpg 300w, https:\/\/oi-paris.com\/wordpress\/wp-content\/uploads\/2015\/08\/Photo-carre-160x160.jpg 160w, https:\/\/oi-paris.com\/wordpress\/wp-content\/uploads\/2015\/08\/Photo-carre-320x320.jpg 320w, https:\/\/oi-paris.com\/wordpress\/wp-content\/uploads\/2015\/08\/Photo-carre.jpg 463w\" sizes=\"auto, (max-width: 150px) 100vw, 150px\" \/><\/a><\/h3>\n<h3><span style=\"color: #000000;\"><strong>La question technique:<\/strong><\/span><\/h3>\n<p><span style=\"color: #000000;\">Si vous avez une question technique, contactez\u00a0<a href=\"mailto:pebeauchaud@free.fr\">Pierre-Emmanuel<\/a>\u00a0.<\/span><\/p>\n<p>&nbsp;<\/p>\n<h3><span style=\"color: #000000;\"><strong>Pr\u00e9paration au Salon individuel:<\/strong><\/span><\/h3>\n<p><span style=\"color: #000000;\">Le salon individuel s&#8217;adresse \u00e0 tous les adh\u00e9rents. Il y a deux sections :<\/span><\/p>\n<ul>\n<li><span style=\"color: #000000;\">Monochrome<\/span><\/li>\n<li><span style=\"color: #000000;\">Couleur<\/span><\/li>\n<\/ul>\n<p><span style=\"color: #000000;\">et pas de th\u00e8me impos\u00e9. Ce salon permet de pr\u00e9senter 1 \u00e0 3 photos couleurs et 1 \u00e0 3 photos monochromes.<\/span><\/p>\n<p><span style=\"color: #000000;\">Les auteurs voulant participer au salon individuel peuvent pr\u00e9senter 5 \u00e0 6 photos couleurs et 5 \u00e0 6 photos monochromes en &#8220;.jpg&#8221; pour une critique positive.<\/span><\/p>\n<p>&nbsp;<\/p>\n<h3><span style=\"color: #000000;\"><strong>Pr\u00e9paration de l&#8217;exposition &#8220;autoportrait&#8221;:<\/strong><\/span><\/h3>\n<p><span style=\"color: #000000;\">Dans le cadre de la collaboration avec les autres associations du groupe, une exposition sur le th\u00e8me\u00a0de l&#8217;autoportrait aura lieu en mars 2019 avec la soci\u00e9t\u00e9 artistique. Pour pr\u00e9parer cette exposition, vous pouvez apporter une ou deux photos sur ce th\u00e8me.\u00a0<\/span><\/p>\n<h3><span style=\"color: #000000;\"><strong>C&#8217;est o\u00f9 ?<\/strong><\/span><\/h3>\n<p><span style=\"color: #000000;\"><strong>Maison des associations 8 rue Brillat-Savarin 75013 Paris. (Salle RC1)<\/strong><\/span><\/p>\n<h3><span style=\"color: #000000;\"><strong>C&#8217;est quand ?<\/strong><\/span><\/h3>\n<p><span style=\"color: #000000;\">Mardi 11 Septembre 2018 \u00e0 partir de 19h30<\/span><\/p>\n<h3><span style=\"color: #000000;\"><strong>Contacts<\/strong><\/span><\/h3>\n<p><span style=\"color: #000000;\"><a href=\"mailto:pebeauchaud@free.fr\">Pierre-Emmanuel<\/a><\/span><\/p>\n","protected":false},"excerpt":{"rendered":"<p>La question technique: Si vous avez une question technique, contactez\u00a0Pierre-Emmanuel\u00a0. &nbsp; Pr\u00e9paration au Salon individuel: Le salon individuel s&#8217;adresse \u00e0 tous les adh\u00e9rents. Il y a deux sections : Monochrome Couleur et pas de&#46;&#46;&#46;<\/p>\n","protected":false},"author":1,"featured_media":6837,"comment_status":"closed","ping_status":"closed","sticky":false,"template":"","format":"standard","meta":{"_acf_changed":false,"_oasis_is_in_workflow":0,"_oasis_original":0,"_uag_custom_page_level_css":"","footnotes":""},"categories":[4,9],"tags":[],"class_list":["post-8057","post","type-post","status-publish","format-standard","has-post-thumbnail","hentry","category-concours","category-photo"],"acf":[],"uagb_featured_image_src":{"full":["https:\/\/oi-paris.com\/wordpress\/wp-content\/uploads\/2017\/11\/@@-La_Volga_Bis_JPEG-6-3.jpg",6000,3375,false],"thumbnail":["https:\/\/oi-paris.com\/wordpress\/wp-content\/uploads\/2017\/11\/@@-La_Volga_Bis_JPEG-6-3-150x150.jpg",150,150,true],"medium":["https:\/\/oi-paris.com\/wordpress\/wp-content\/uploads\/2017\/11\/@@-La_Volga_Bis_JPEG-6-3-300x169.jpg",300,169,true],"medium_large":["https:\/\/oi-paris.com\/wordpress\/wp-content\/uploads\/2017\/11\/@@-La_Volga_Bis_JPEG-6-3-768x432.jpg",768,432,true],"large":["https:\/\/oi-paris.com\/wordpress\/wp-content\/uploads\/2017\/11\/@@-La_Volga_Bis_JPEG-6-3-1024x576.jpg",1024,576,true],"1536x1536":["https:\/\/oi-paris.com\/wordpress\/wp-content\/uploads\/2017\/11\/@@-La_Volga_Bis_JPEG-6-3.jpg",1536,864,false],"2048x2048":["https:\/\/oi-paris.com\/wordpress\/wp-content\/uploads\/2017\/11\/@@-La_Volga_Bis_JPEG-6-3.jpg",2048,1152,false],"thumb-small":["https:\/\/oi-paris.com\/wordpress\/wp-content\/uploads\/2017\/11\/@@-La_Volga_Bis_JPEG-6-3-160x160.jpg",80,80,true],"thumb-standard":["https:\/\/oi-paris.com\/wordpress\/wp-content\/uploads\/2017\/11\/@@-La_Volga_Bis_JPEG-6-3-320x320.jpg",320,320,true],"thumb-medium":["https:\/\/oi-paris.com\/wordpress\/wp-content\/uploads\/2017\/11\/@@-La_Volga_Bis_JPEG-6-3-520x245.jpg",520,245,true],"thumb-large":["https:\/\/oi-paris.com\/wordpress\/wp-content\/uploads\/2017\/11\/@@-La_Volga_Bis_JPEG-6-3-720x340.jpg",720,340,true],"thumb-xlarge":["https:\/\/oi-paris.com\/wordpress\/wp-content\/uploads\/2017\/11\/@@-La_Volga_Bis_JPEG-6-3-980x450.jpg",980,450,true],"thumb-xxlarge":["https:\/\/oi-paris.com\/wordpress\/wp-content\/uploads\/2017\/11\/@@-La_Volga_Bis_JPEG-6-3-1320x500.jpg",1320,500,true],"mailpoet_newsletter_max":["https:\/\/oi-paris.com\/wordpress\/wp-content\/uploads\/2017\/11\/@@-La_Volga_Bis_JPEG-6-3-1320x743.jpg",1320,743,true]},"uagb_author_info":{"display_name":"stephane D","author_link":"https:\/\/oi-paris.com\/wordpress\/author\/stephane\/"},"uagb_comment_info":0,"uagb_excerpt":"La question technique: Si vous avez une question technique, contactez\u00a0Pierre-Emmanuel\u00a0. &nbsp; Pr\u00e9paration au Salon individuel: Le salon individuel s&#8217;adresse \u00e0 tous les adh\u00e9rents. Il y a deux sections : Monochrome Couleur et pas de&#46;&#46;&#46;","_links":{"self":[{"href":"https:\/\/oi-paris.com\/wordpress\/wp-json\/wp\/v2\/posts\/8057","targetHints":{"allow":["GET"]}}],"collection":[{"href":"https:\/\/oi-paris.com\/wordpress\/wp-json\/wp\/v2\/posts"}],"about":[{"href":"https:\/\/oi-paris.com\/wordpress\/wp-json\/wp\/v2\/types\/post"}],"author":[{"embeddable":true,"href":"https:\/\/oi-paris.com\/wordpress\/wp-json\/wp\/v2\/users\/1"}],"replies":[{"embeddable":true,"href":"https:\/\/oi-paris.com\/wordpress\/wp-json\/wp\/v2\/comments?post=8057"}],"version-history":[{"count":5,"href":"https:\/\/oi-paris.com\/wordpress\/wp-json\/wp\/v2\/posts\/8057\/revisions"}],"predecessor-version":[{"id":8062,"href":"https:\/\/oi-paris.com\/wordpress\/wp-json\/wp\/v2\/posts\/8057\/revisions\/8062"}],"wp:featuredmedia":[{"embeddable":true,"href":"https:\/\/oi-paris.com\/wordpress\/wp-json\/wp\/v2\/media\/6837"}],"wp:attachment":[{"href":"https:\/\/oi-paris.com\/wordpress\/wp-json\/wp\/v2\/media?parent=8057"}],"wp:term":[{"taxonomy":"category","embeddable":true,"href":"https:\/\/oi-paris.com\/wordpress\/wp-json\/wp\/v2\/categories?post=8057"},{"taxonomy":"post_tag","embeddable":true,"href":"https:\/\/oi-paris.com\/wordpress\/wp-json\/wp\/v2\/tags?post=8057"}],"curies":[{"name":"wp","href":"https:\/\/api.w.org\/{rel}","templated":true}]}}