{"id":8063,"date":"2018-09-11T14:17:57","date_gmt":"2018-09-11T12:17:57","guid":{"rendered":"http:\/\/oi-paris.com\/wordpress\/?p=8063"},"modified":"2018-09-14T22:35:00","modified_gmt":"2018-09-14T20:35:00","slug":"le-1er-mardi-du-mois-de-septembre","status":"publish","type":"post","link":"https:\/\/oi-paris.com\/wordpress\/2018\/09\/11\/le-1er-mardi-du-mois-de-septembre\/","title":{"rendered":"Le 1er Mardi du mois de Septembre"},"content":{"rendered":"<p><strong>Le 1er mardi du mois de septembre:<\/strong><\/p>\n<p>Bienvenue pour cette rentr\u00e9e!!!<\/p>\n<p>Un petit rappel : chaque adh\u00e9rent peut pr\u00e9senter 4 photos dont un autoportrait.<\/p>\n<p><img loading=\"lazy\" decoding=\"async\" class=\"alignnone size-medium wp-image-8084 aligncenter\" src=\"http:\/\/oi-paris.com\/wordpress\/wp-content\/uploads\/2018\/09\/002-300x300.jpg\" alt=\"\" width=\"300\" height=\"300\" srcset=\"https:\/\/oi-paris.com\/wordpress\/wp-content\/uploads\/2018\/09\/002-300x300.jpg 300w, https:\/\/oi-paris.com\/wordpress\/wp-content\/uploads\/2018\/09\/002-150x150.jpg 150w, https:\/\/oi-paris.com\/wordpress\/wp-content\/uploads\/2018\/09\/002-768x768.jpg 768w, https:\/\/oi-paris.com\/wordpress\/wp-content\/uploads\/2018\/09\/002-1024x1024.jpg 1024w, https:\/\/oi-paris.com\/wordpress\/wp-content\/uploads\/2018\/09\/002-160x160.jpg 160w, https:\/\/oi-paris.com\/wordpress\/wp-content\/uploads\/2018\/09\/002-320x320.jpg 320w, https:\/\/oi-paris.com\/wordpress\/wp-content\/uploads\/2018\/09\/002.jpg 1181w\" sizes=\"auto, (max-width: 300px) 100vw, 300px\" \/><\/p>\n<p><strong>La vie au club:<\/strong><\/p>\n<ul>\n<li>Le samedi 8 avait lieu <strong>le forum des associations<\/strong> o\u00f9 le club a \u00e9t\u00e9 pr\u00e9sent\u00e9.<\/li>\n<li>La Poste a bien \u00e9t\u00e9\u00a0repr\u00e9sent\u00e9e parmi les 25000 participantes de <strong>la Parisienne <\/strong>dimanche dernier. Le soleil \u00e9tait au rendez-vous. Ceux qui ont fait des photos peuvent les donner \u00e0 Patrice.<\/li>\n<\/ul>\n<p><img loading=\"lazy\" decoding=\"async\" class=\"alignnone size-medium wp-image-8080 aligncenter\" src=\"http:\/\/oi-paris.com\/wordpress\/wp-content\/uploads\/2018\/09\/DSC4085-300x200.jpg\" alt=\"\" width=\"300\" height=\"200\" srcset=\"https:\/\/oi-paris.com\/wordpress\/wp-content\/uploads\/2018\/09\/DSC4085-300x200.jpg 300w, https:\/\/oi-paris.com\/wordpress\/wp-content\/uploads\/2018\/09\/DSC4085-768x512.jpg 768w, https:\/\/oi-paris.com\/wordpress\/wp-content\/uploads\/2018\/09\/DSC4085-1024x683.jpg 1024w, https:\/\/oi-paris.com\/wordpress\/wp-content\/uploads\/2018\/09\/DSC4085-1320x880.jpg 1320w, https:\/\/oi-paris.com\/wordpress\/wp-content\/uploads\/2018\/09\/DSC4085.jpg 1620w\" sizes=\"auto, (max-width: 300px) 100vw, 300px\" \/><\/p>\n<p>&nbsp;<\/p>\n<ul>\n<li><strong>Pour le mardi technique,<\/strong> n&#8217;h\u00e9sitez pas \u00e0 envoyer vos questions \u00e0 Pierre-Emmanuel Beauchaud.<\/li>\n<li>\u00a0Pr\u00e9paration du <strong>Salon Individuel<\/strong> qui se tiendra cette ann\u00e9e \u00e0 Charleville M\u00e9zi\u00e8res fin septembre. Christian Brion y tiendra une conf\u00e9rence sur le paysage sonore.<\/li>\n<li><strong>Les r\u00e9unions vid\u00e9o<\/strong> reprennent avec Christelle le mercredi 12 septembre \u00e0 19h30.<\/li>\n<li>Le 3\u00e8me mardi du mois, consacr\u00e9 \u00e0 l&#8217;atelier <strong>&#8220;Culture de l&#8217;image&#8221; <\/strong>aura pour th\u00e8me &#8220;D\u00e9centrer le regard&#8221;. Anim\u00e9 par B\u00e9n\u00e9dicte Penn, elle pr\u00e9sentera entre autres &#8220;Les Am\u00e9ricains&#8221;,\u00a0un livre de Robert Franck.<\/li>\n<li>Le 4\u00e8me mercredi du mois : Ricardo Bloch animera <strong>l&#8217;Universit\u00e9 d&#8217;Auteur<\/strong> autour du livre photo. Les inscriptions se feront aupr\u00e8s de Denis et la 1\u00e8re s\u00e9ance aura lieu le 28 novembre.<\/li>\n<li>Emmanuel Vianey pr\u00e9voit <strong>une formation &#8220;Studio&#8221;<\/strong> pour 4 personnes le 27 octobre (40\u20ac par personne). Merci de vous inscrire aupr\u00e8s de Denis.<\/li>\n<li>St\u00e9phane Derny animera une <strong>formation Lightroom<\/strong> sur l&#8217;impression.<\/li>\n<\/ul>\n<p><strong>Les Expos \u00e0 voir:<\/strong><\/p>\n<ul>\n<li>Willy Ronis Au Carr\u00e9 Baudoin jusqu&#8217;au 29 septembre.<\/li>\n<\/ul>\n<p><img loading=\"lazy\" decoding=\"async\" class=\"alignnone size-medium wp-image-8071 aligncenter\" src=\"http:\/\/oi-paris.com\/wordpress\/wp-content\/uploads\/2018\/09\/s-l300-300x214.jpg\" alt=\"\" width=\"300\" height=\"214\" \/><\/p>\n<p>&nbsp;<\/p>\n<ul>\n<li>Blackboard par Bouchra Khalili au Jeu de Paume jusqu&#8217;au 23 septembre.<\/li>\n<\/ul>\n<p><strong>Le photographe myst\u00e8re:<\/strong><\/p>\n<p><strong><img loading=\"lazy\" decoding=\"async\" class=\"alignnone size-medium wp-image-8068 aligncenter\" src=\"http:\/\/oi-paris.com\/wordpress\/wp-content\/uploads\/2018\/09\/4498-752420-the_weight_of_groans_2_-300x300.jpg\" alt=\"\" width=\"300\" height=\"300\" srcset=\"https:\/\/oi-paris.com\/wordpress\/wp-content\/uploads\/2018\/09\/4498-752420-the_weight_of_groans_2_-300x300.jpg 300w, https:\/\/oi-paris.com\/wordpress\/wp-content\/uploads\/2018\/09\/4498-752420-the_weight_of_groans_2_-150x150.jpg 150w, https:\/\/oi-paris.com\/wordpress\/wp-content\/uploads\/2018\/09\/4498-752420-the_weight_of_groans_2_-160x160.jpg 160w, https:\/\/oi-paris.com\/wordpress\/wp-content\/uploads\/2018\/09\/4498-752420-the_weight_of_groans_2_-320x320.jpg 320w, https:\/\/oi-paris.com\/wordpress\/wp-content\/uploads\/2018\/09\/4498-752420-the_weight_of_groans_2_.jpg 550w\" sizes=\"auto, (max-width: 300px) 100vw, 300px\" \/><\/strong><\/p>\n<p>Julie de Waroquier pr\u00e9sent\u00e9e\u00a0par Fabien Mirzayan:<\/p>\n<p>Philosophe et photographe autodidacte, elle\u00a0a commenc\u00e9 la photo en 2008. Elle pr\u00e9sente un travail onirique aussi po\u00e9tiquement pens\u00e9 que structur\u00e9, r\u00e9compens\u00e9 par de nombreux prix internationaux. Ses photos ont \u00e9t\u00e9 pr\u00e9sent\u00e9es aux Rencontres d&#8217;Arles.<\/p>\n<p><strong>Les films \u00e0 voir:<\/strong><\/p>\n<ul>\n<li>Sicario de Denis Villeneuve<\/li>\n<li>Sans un bruit de J. Krasinki<\/li>\n<li>Parvana de N. Twomey<\/li>\n<li>Paranoia de S. Soderbergh<\/li>\n<li>Une pluie sans fin de Dong Yue<\/li>\n<li>The Guilty de G. Moller<\/li>\n<li>Dogman de M. Garrone<\/li>\n<li>Under the silver lake de D. R. Mitchell<\/li>\n<li>Woman at war de B. Erlingsson<\/li>\n<li>BlacKKKlansman &#8211; j&#8217;ai infiltr\u00e9 le Ku Klux Klan de Spike Lee<\/li>\n<\/ul>\n<p><strong>L&#8217;Auberge\u00a0espagnole:<\/strong><\/p>\n<p>Miguel Couturier a \u00e9t\u00e9 choisi pour son diaporama sur le light painting dans les carri\u00e8res.<\/p>\n<p>Le Photographe myst\u00e8re deviendra l&#8217;Artiste myst\u00e8re \u00e0 partir du mois d&#8217;octobre et l&#8217;adh\u00e9rent du mois devra tirer une de ses photos\u00a0en vue de futures expositions.<\/p>\n<ul>\n<li>PE Beauchaud : 2 C, 1 NB<\/li>\n<li>C. Brion : 3 C<\/li>\n<li>C. Barbier : 1 vid\u00e9o : Delirium Tremolo<\/li>\n<li>P. de Geetere :\u00a01 vid\u00e9o<\/li>\n<li>E.Coirier : 3 C<\/li>\n<li>S. Erviel : 3 C<\/li>\n<li>JP. Petit : 1 diaporama : Women Life Cycle<\/li>\n<li>F. Sabourin : 3 C<\/li>\n<li>Matthieu : 3 C<\/li>\n<li>H. Lefelle : 1 diaporama : Jour J \u00e0 Portbail<\/li>\n<li>JP. Petit : 2 C, 1 NB<\/li>\n<li>Igo Bayakhi : 3 NB<\/li>\n<li>L. Rousville : 3 C<\/li>\n<li>M. Couturier : 1 diaporama<\/li>\n<li>F. Mirmayan : 3 NB<\/li>\n<li>Mustapha Ali: 3 C<\/li>\n<li>Nadir Merval : 3 C<\/li>\n<li>R. Guesde : 3 C<\/li>\n<li>Roger de la Servi\u00e8re : 3C<\/li>\n<li>S. Russier : 3C<\/li>\n<li>S.Derny : 3 C<\/li>\n<li>E. Chatelin : 1 diaporama<\/li>\n<li>Yannick : 3 C<\/li>\n<\/ul>\n<p>A tr\u00e8s bient\u00f4t avec de nouvelles photos!<\/p>\n<p>&nbsp;<\/p>\n<p>&nbsp;<\/p>\n","protected":false},"excerpt":{"rendered":"<p>Le 1er mardi du mois de septembre: Bienvenue pour cette rentr\u00e9e!!! Un petit rappel : chaque adh\u00e9rent peut pr\u00e9senter 4 photos dont un autoportrait. La vie au club: Le samedi 8 avait lieu le&#46;&#46;&#46;<\/p>\n","protected":false},"author":16,"featured_media":8170,"comment_status":"closed","ping_status":"closed","sticky":false,"template":"","format":"standard","meta":{"_acf_changed":false,"_oasis_is_in_workflow":0,"_oasis_original":0,"_uag_custom_page_level_css":"","footnotes":""},"categories":[8],"tags":[],"class_list":["post-8063","post","type-post","status-publish","format-standard","has-post-thumbnail","hentry","category-mardi-doi"],"acf":[],"uagb_featured_image_src":{"full":["https:\/\/oi-paris.com\/wordpress\/wp-content\/uploads\/2018\/09\/Mardi_d_OI.jpg",980,463,false],"thumbnail":["https:\/\/oi-paris.com\/wordpress\/wp-content\/uploads\/2018\/09\/Mardi_d_OI-150x150.jpg",150,150,true],"medium":["https:\/\/oi-paris.com\/wordpress\/wp-content\/uploads\/2018\/09\/Mardi_d_OI-300x142.jpg",300,142,true],"medium_large":["https:\/\/oi-paris.com\/wordpress\/wp-content\/uploads\/2018\/09\/Mardi_d_OI-768x363.jpg",768,363,true],"large":["https:\/\/oi-paris.com\/wordpress\/wp-content\/uploads\/2018\/09\/Mardi_d_OI.jpg",980,463,false],"1536x1536":["https:\/\/oi-paris.com\/wordpress\/wp-content\/uploads\/2018\/09\/Mardi_d_OI.jpg",980,463,false],"2048x2048":["https:\/\/oi-paris.com\/wordpress\/wp-content\/uploads\/2018\/09\/Mardi_d_OI.jpg",980,463,false],"thumb-small":["https:\/\/oi-paris.com\/wordpress\/wp-content\/uploads\/2018\/09\/Mardi_d_OI-160x160.jpg",80,80,true],"thumb-standard":["https:\/\/oi-paris.com\/wordpress\/wp-content\/uploads\/2018\/09\/Mardi_d_OI-320x320.jpg",320,320,true],"thumb-medium":["https:\/\/oi-paris.com\/wordpress\/wp-content\/uploads\/2018\/09\/Mardi_d_OI-520x245.jpg",520,245,true],"thumb-large":["https:\/\/oi-paris.com\/wordpress\/wp-content\/uploads\/2018\/09\/Mardi_d_OI-720x340.jpg",720,340,true],"thumb-xlarge":["https:\/\/oi-paris.com\/wordpress\/wp-content\/uploads\/2018\/09\/Mardi_d_OI-980x450.jpg",980,450,true],"thumb-xxlarge":["https:\/\/oi-paris.com\/wordpress\/wp-content\/uploads\/2018\/09\/Mardi_d_OI.jpg",980,463,false],"mailpoet_newsletter_max":["https:\/\/oi-paris.com\/wordpress\/wp-content\/uploads\/2018\/09\/Mardi_d_OI.jpg",980,463,false]},"uagb_author_info":{"display_name":"Helene Lefelle","author_link":"https:\/\/oi-paris.com\/wordpress\/author\/helene\/"},"uagb_comment_info":0,"uagb_excerpt":"Le 1er mardi du mois de septembre: Bienvenue pour cette rentr\u00e9e!!! Un petit rappel : chaque adh\u00e9rent peut pr\u00e9senter 4 photos dont un autoportrait. La vie au club: Le samedi 8 avait lieu le&#46;&#46;&#46;","_links":{"self":[{"href":"https:\/\/oi-paris.com\/wordpress\/wp-json\/wp\/v2\/posts\/8063","targetHints":{"allow":["GET"]}}],"collection":[{"href":"https:\/\/oi-paris.com\/wordpress\/wp-json\/wp\/v2\/posts"}],"about":[{"href":"https:\/\/oi-paris.com\/wordpress\/wp-json\/wp\/v2\/types\/post"}],"author":[{"embeddable":true,"href":"https:\/\/oi-paris.com\/wordpress\/wp-json\/wp\/v2\/users\/16"}],"replies":[{"embeddable":true,"href":"https:\/\/oi-paris.com\/wordpress\/wp-json\/wp\/v2\/comments?post=8063"}],"version-history":[{"count":5,"href":"https:\/\/oi-paris.com\/wordpress\/wp-json\/wp\/v2\/posts\/8063\/revisions"}],"predecessor-version":[{"id":8159,"href":"https:\/\/oi-paris.com\/wordpress\/wp-json\/wp\/v2\/posts\/8063\/revisions\/8159"}],"wp:featuredmedia":[{"embeddable":true,"href":"https:\/\/oi-paris.com\/wordpress\/wp-json\/wp\/v2\/media\/8170"}],"wp:attachment":[{"href":"https:\/\/oi-paris.com\/wordpress\/wp-json\/wp\/v2\/media?parent=8063"}],"wp:term":[{"taxonomy":"category","embeddable":true,"href":"https:\/\/oi-paris.com\/wordpress\/wp-json\/wp\/v2\/categories?post=8063"},{"taxonomy":"post_tag","embeddable":true,"href":"https:\/\/oi-paris.com\/wordpress\/wp-json\/wp\/v2\/tags?post=8063"}],"curies":[{"name":"wp","href":"https:\/\/api.w.org\/{rel}","templated":true}]}}