{"id":8197,"date":"2018-09-28T07:00:24","date_gmt":"2018-09-28T05:00:24","guid":{"rendered":"http:\/\/oi-paris.com\/wordpress\/?p=8197"},"modified":"2018-09-28T11:54:06","modified_gmt":"2018-09-28T09:54:06","slug":"mardi-doi-accueil-des-nouveaux-adherents","status":"publish","type":"post","link":"https:\/\/oi-paris.com\/wordpress\/2018\/09\/28\/mardi-doi-accueil-des-nouveaux-adherents\/","title":{"rendered":"Mardi d&#8217;OI &#8211; Accueil des nouveaux adh\u00e9rents"},"content":{"rendered":"<p><img loading=\"lazy\" decoding=\"async\" class=\"alignnone size-medium wp-image-7857\" src=\"http:\/\/oi-paris.com\/wordpress\/wp-content\/uploads\/2018\/05\/20180515_194434-300x167.jpg\" alt=\"\" width=\"300\" height=\"167\" srcset=\"https:\/\/oi-paris.com\/wordpress\/wp-content\/uploads\/2018\/05\/20180515_194434-300x167.jpg 300w, https:\/\/oi-paris.com\/wordpress\/wp-content\/uploads\/2018\/05\/20180515_194434-768x427.jpg 768w, https:\/\/oi-paris.com\/wordpress\/wp-content\/uploads\/2018\/05\/20180515_194434.jpg 980w\" sizes=\"auto, (max-width: 300px) 100vw, 300px\" \/><\/p>\n<p><span style=\"color: #000000;\">Ce mois-ci \u00a0nous accueillerons les personnes rencontr\u00e9es lors du forum des associations du 13e. Nous essaierons \u00a0de former des bin\u00f4mes pour parrainer chaque nouvel adh\u00e9rent de mani\u00e8re \u00e0 leur faciliter l&#8217;int\u00e9gration au sein de l&#8217;association.<\/span><\/p>\n<p><strong><span style=\"color: #000000;\"><span style=\"caret-color: #000000;\">Programme de la soir\u00e9e<\/span><\/span><\/strong><\/p>\n<ul>\n<li><span style=\"color: #000000;\">accueil de nouveaux adh\u00e9rents<\/span><\/li>\n<li><span style=\"color: #000000;\">La vie au club<\/span><\/li>\n<li><span style=\"color: #000000;\">Les expos \u00e0 voir et\/ou \u00a0on se fait une toile ?<\/span><\/li>\n<li><span style=\"color: #000000;\">L&#8217;artiste du mois<\/span><\/li>\n<li><span style=\"color: #000000;\">L&#8217;adh\u00e9rent du mois<\/span><\/li>\n<li><span style=\"color: #000000;\">L&#8217;auberge espagnole<\/span><\/li>\n<li><span style=\"color: #000000;\">Pot de l&#8217;amiti\u00e9<\/span><\/li>\n<\/ul>\n<p><span style=\"color: #000000;\"><strong>C&#8217;est quand ?<\/strong><\/span><\/p>\n<ul>\n<li><span style=\"color: #000000;\">Mardi 2 octobre 2018<\/span><\/li>\n<\/ul>\n<p><span style=\"color: #000000;\"><strong>C&#8217;est o\u00f9 ?<\/strong><\/span><\/p>\n<ul>\n<li><span style=\"color: #000000;\">8 rue Brillat Savarin \u00a075013 Paris (Salle RC1)<\/span><\/li>\n<\/ul>\n","protected":false},"excerpt":{"rendered":"<p>Ce mois-ci \u00a0nous accueillerons les personnes rencontr\u00e9es lors du forum des associations du 13e. Nous essaierons \u00a0de former des bin\u00f4mes pour parrainer chaque nouvel adh\u00e9rent de mani\u00e8re \u00e0 leur faciliter l&#8217;int\u00e9gration au sein de&#46;&#46;&#46;<\/p>\n","protected":false},"author":4,"featured_media":2463,"comment_status":"closed","ping_status":"closed","sticky":false,"template":"","format":"standard","meta":{"_acf_changed":false,"_oasis_is_in_workflow":0,"_oasis_original":0,"_uag_custom_page_level_css":"","footnotes":""},"categories":[8],"tags":[],"class_list":["post-8197","post","type-post","status-publish","format-standard","has-post-thumbnail","hentry","category-mardi-doi"],"acf":[],"uagb_featured_image_src":{"full":["https:\/\/oi-paris.com\/wordpress\/wp-content\/uploads\/2015\/08\/MardidOI2015-01.jpg",1920,1080,false],"thumbnail":["https:\/\/oi-paris.com\/wordpress\/wp-content\/uploads\/2015\/08\/MardidOI2015-01-150x150.jpg",150,150,true],"medium":["https:\/\/oi-paris.com\/wordpress\/wp-content\/uploads\/2015\/08\/MardidOI2015-01-300x169.jpg",300,169,true],"medium_large":["https:\/\/oi-paris.com\/wordpress\/wp-content\/uploads\/2015\/08\/MardidOI2015-01.jpg",768,432,false],"large":["https:\/\/oi-paris.com\/wordpress\/wp-content\/uploads\/2015\/08\/MardidOI2015-01-1024x576.jpg",1024,576,true],"1536x1536":["https:\/\/oi-paris.com\/wordpress\/wp-content\/uploads\/2015\/08\/MardidOI2015-01.jpg",1536,864,false],"2048x2048":["https:\/\/oi-paris.com\/wordpress\/wp-content\/uploads\/2015\/08\/MardidOI2015-01.jpg",1920,1080,false],"thumb-small":["https:\/\/oi-paris.com\/wordpress\/wp-content\/uploads\/2015\/08\/MardidOI2015-01-160x160.jpg",80,80,true],"thumb-standard":["https:\/\/oi-paris.com\/wordpress\/wp-content\/uploads\/2015\/08\/MardidOI2015-01-320x320.jpg",320,320,true],"thumb-medium":["https:\/\/oi-paris.com\/wordpress\/wp-content\/uploads\/2015\/08\/MardidOI2015-01-520x245.jpg",520,245,true],"thumb-large":["https:\/\/oi-paris.com\/wordpress\/wp-content\/uploads\/2015\/08\/MardidOI2015-01-720x340.jpg",720,340,true],"thumb-xlarge":["https:\/\/oi-paris.com\/wordpress\/wp-content\/uploads\/2015\/08\/MardidOI2015-01.jpg",800,450,false],"thumb-xxlarge":["https:\/\/oi-paris.com\/wordpress\/wp-content\/uploads\/2015\/08\/MardidOI2015-01.jpg",889,500,false],"mailpoet_newsletter_max":["https:\/\/oi-paris.com\/wordpress\/wp-content\/uploads\/2015\/08\/MardidOI2015-01.jpg",1320,743,false]},"uagb_author_info":{"display_name":"Jean Paul Petit","author_link":"https:\/\/oi-paris.com\/wordpress\/author\/jean-paul\/"},"uagb_comment_info":0,"uagb_excerpt":"Ce mois-ci \u00a0nous accueillerons les personnes rencontr\u00e9es lors du forum des associations du 13e. Nous essaierons \u00a0de former des bin\u00f4mes pour parrainer chaque nouvel adh\u00e9rent de mani\u00e8re \u00e0 leur faciliter l&#8217;int\u00e9gration au sein de&#46;&#46;&#46;","_links":{"self":[{"href":"https:\/\/oi-paris.com\/wordpress\/wp-json\/wp\/v2\/posts\/8197","targetHints":{"allow":["GET"]}}],"collection":[{"href":"https:\/\/oi-paris.com\/wordpress\/wp-json\/wp\/v2\/posts"}],"about":[{"href":"https:\/\/oi-paris.com\/wordpress\/wp-json\/wp\/v2\/types\/post"}],"author":[{"embeddable":true,"href":"https:\/\/oi-paris.com\/wordpress\/wp-json\/wp\/v2\/users\/4"}],"replies":[{"embeddable":true,"href":"https:\/\/oi-paris.com\/wordpress\/wp-json\/wp\/v2\/comments?post=8197"}],"version-history":[{"count":4,"href":"https:\/\/oi-paris.com\/wordpress\/wp-json\/wp\/v2\/posts\/8197\/revisions"}],"predecessor-version":[{"id":8201,"href":"https:\/\/oi-paris.com\/wordpress\/wp-json\/wp\/v2\/posts\/8197\/revisions\/8201"}],"wp:featuredmedia":[{"embeddable":true,"href":"https:\/\/oi-paris.com\/wordpress\/wp-json\/wp\/v2\/media\/2463"}],"wp:attachment":[{"href":"https:\/\/oi-paris.com\/wordpress\/wp-json\/wp\/v2\/media?parent=8197"}],"wp:term":[{"taxonomy":"category","embeddable":true,"href":"https:\/\/oi-paris.com\/wordpress\/wp-json\/wp\/v2\/categories?post=8197"},{"taxonomy":"post_tag","embeddable":true,"href":"https:\/\/oi-paris.com\/wordpress\/wp-json\/wp\/v2\/tags?post=8197"}],"curies":[{"name":"wp","href":"https:\/\/api.w.org\/{rel}","templated":true}]}}