{"id":8224,"date":"2018-10-04T07:50:32","date_gmt":"2018-10-04T05:50:32","guid":{"rendered":"http:\/\/oi-paris.com\/wordpress\/?p=8224"},"modified":"2018-10-05T07:17:04","modified_gmt":"2018-10-05T05:17:04","slug":"stage-mise-en-place-lumiere-dun-shooting-studio-le-27-oct-2018","status":"publish","type":"post","link":"https:\/\/oi-paris.com\/wordpress\/2018\/10\/04\/stage-mise-en-place-lumiere-dun-shooting-studio-le-27-oct-2018\/","title":{"rendered":"Stage \u00ab Mise en place d&#8217;une prise de vue en studio \u00bb le 27 oct  2018"},"content":{"rendered":"<p><img loading=\"lazy\" decoding=\"async\" class=\"alignnone wp-image-8226 size-full\" src=\"http:\/\/oi-paris.com\/wordpress\/wp-content\/uploads\/2018\/10\/stage-27-oct-2018-.jpg\" alt=\"\" width=\"980\" height=\"463\" srcset=\"https:\/\/oi-paris.com\/wordpress\/wp-content\/uploads\/2018\/10\/stage-27-oct-2018-.jpg 980w, https:\/\/oi-paris.com\/wordpress\/wp-content\/uploads\/2018\/10\/stage-27-oct-2018--300x142.jpg 300w, https:\/\/oi-paris.com\/wordpress\/wp-content\/uploads\/2018\/10\/stage-27-oct-2018--768x363.jpg 768w, https:\/\/oi-paris.com\/wordpress\/wp-content\/uploads\/2018\/10\/stage-27-oct-2018--520x245.jpg 520w, https:\/\/oi-paris.com\/wordpress\/wp-content\/uploads\/2018\/10\/stage-27-oct-2018--720x340.jpg 720w\" sizes=\"auto, (max-width: 980px) 100vw, 980px\" \/><\/p>\n<p>&nbsp;<\/p>\n<p><span style=\"color: #000000;\"><strong>Quoi ?<\/strong><\/span><br \/>\n<span style=\"color: #000000;\">=====<\/span><br \/>\n<span style=\"color: #000000;\">Stage sur le th\u00e8me <strong>\u00ab Comment mettre en place les diff\u00e9rents \u00e9l\u00e9ments d\u2019une prise de vue en studio \u00bb<\/strong><\/span><br \/>\n<span style=\"color: #000000;\">\u00c9tude des modeleurs, \u00e9tude et mise en place de la lumi\u00e8re sur un plateau studio:<\/span><\/p>\n<p><!--more--><\/p>\n<ul>\n<li><span style=\"color: #000000;\">le matin: th\u00e9orie ,<\/span><\/li>\n<li><span style=\"color: #000000;\">mise en place pratique l\u2019apr\u00e8s midi: (50 -1h par stagiaire)<\/span><\/li>\n<\/ul>\n<p><span style=\"color: #000000;\"><em>Pensez \u00e0 une id\u00e9e de r\u00e9alisation pour que nous puissions la r\u00e9aliser.<\/em><\/span><\/p>\n<p><strong>P<span style=\"color: #000000;\">our qui ?<\/span><\/strong><br \/>\n<span style=\"color: #000000;\">=========<\/span><br \/>\n<span style=\"color: #000000;\">Stage de perfectionnement pour les adh\u00e9rents ayant d\u00e9j\u00e0 re\u00e7u par St\u00e9phane la formation initiale studio.<\/span><br \/>\n<span style=\"color: #000000;\">Limit\u00e9 \u00e0 4 personnes (puis liste d\u2019attente)<\/span><\/p>\n<p><span style=\"color: #000000;\"><strong>Quand ?<\/strong><\/span><br \/>\n<span style=\"color: #000000;\">======<\/span><\/p>\n<p><span style=\"color: #000000;\"><strong>Samedi 27 oct 2018 de 9h30 a 18h.<\/strong><\/span><br \/>\n<span style=\"color: #000000;\">Merci d&#8217;arriver 15mn avant le d\u00e9but du stage.<\/span><\/p>\n<p><span style=\"color: #000000;\"><strong>Inscriptions :<\/strong><\/span><br \/>\n<span style=\"color: #000000;\">=============<\/span><\/p>\n<p><span style=\"color: #000000;\"><strong>Avant le jeudi 24 oct 2018 \u00e0 18h au secr\u00e9tariat<\/strong><\/span><\/p>\n<p><span style=\"color: #000000;\">D\u00e9p\u00f4t du ch\u00e8que obligatoire avant le stage: 20 \u20ac \u00e0 l\u2019ordre d\u2019Objectif Image Paris. Ce ch\u00e8que valide votre inscription au stage.<\/span><br \/>\n<span style=\"color: #000000;\">Envoyer un \u00e9mail (pr\u00e9ciser dans le titre \u00ab cours du 27 oct \u00bb) \u00e0 Emmanuel (tomanu@free.fr) pour l\u2019informer de votre inscription au stage parall\u00e8lement \u00e0 votre inscription aupr\u00e8s du secr\u00e9tariat.<\/span><\/p>\n<p><span style=\"color: #000000;\"><strong>D\u00e9roul\u00e9 du stage :<\/strong><\/span><br \/>\n<span style=\"color: #000000;\">=================<\/span><\/p>\n<ul>\n<li><span style=\"color: #000000;\">9h15-9h30: arriv\u00e9 des stagiaires<\/span><\/li>\n<li><span style=\"color: #000000;\">9h30-12h: cours th\u00e9orique et rappel de base du studio et ses \u00e9l\u00e9ments<\/span><\/li>\n<li><span style=\"color: #000000;\">12h-13h: pause d\u00e9jeuner<\/span><\/li>\n<li><span style=\"color: #000000;\">13h-18h: cours pratique<\/span><\/li>\n<\/ul>\n<p><span style=\"color: #000000;\">Support projection et document papier fournis.<\/span><br \/>\n<span style=\"color: #000000;\">Pr\u00e9sence d\u2019une maquilleuse et mod\u00e8le pour le shooting de l\u2019apr\u00e8s midi.<\/span><br \/>\n<span style=\"color: #000000;\">Venez avec votre boitier, notice de celui ci et votre meilleur objectif.<\/span><\/p>\n<p><span style=\"color: #000000;\"><strong>Contact :<\/strong><\/span><br \/>\n<span style=\"color: #000000;\">========<\/span><br \/>\n<span style=\"color: #000000;\">Denis &amp; Bernard au secr\u00e9tariat pour votre inscription et paiement<\/span><br \/>\n<span style=\"color: #000000;\">Emmanuel pour toute information compl\u00e9mentaire<\/span><\/p>\n","protected":false},"excerpt":{"rendered":"<p>&nbsp; Quoi ? ===== Stage sur le th\u00e8me \u00ab Comment mettre en place les diff\u00e9rents \u00e9l\u00e9ments d\u2019une prise de vue en studio \u00bb \u00c9tude des modeleurs, \u00e9tude et mise en place de la lumi\u00e8re&#46;&#46;&#46;<\/p>\n","protected":false},"author":21,"featured_media":8225,"comment_status":"closed","ping_status":"closed","sticky":false,"template":"","format":"standard","meta":{"_acf_changed":false,"_oasis_is_in_workflow":0,"_oasis_original":0,"_uag_custom_page_level_css":"","footnotes":""},"categories":[26],"tags":[],"class_list":["post-8224","post","type-post","status-publish","format-standard","has-post-thumbnail","hentry","category-formation"],"acf":[],"uagb_featured_image_src":{"full":["https:\/\/oi-paris.com\/wordpress\/wp-content\/uploads\/2018\/10\/banniere-27-oct-2018.jpg",1280,935,false],"thumbnail":["https:\/\/oi-paris.com\/wordpress\/wp-content\/uploads\/2018\/10\/banniere-27-oct-2018-150x150.jpg",150,150,true],"medium":["https:\/\/oi-paris.com\/wordpress\/wp-content\/uploads\/2018\/10\/banniere-27-oct-2018-300x219.jpg",300,219,true],"medium_large":["https:\/\/oi-paris.com\/wordpress\/wp-content\/uploads\/2018\/10\/banniere-27-oct-2018-768x561.jpg",768,561,true],"large":["https:\/\/oi-paris.com\/wordpress\/wp-content\/uploads\/2018\/10\/banniere-27-oct-2018-1024x748.jpg",1024,748,true],"1536x1536":["https:\/\/oi-paris.com\/wordpress\/wp-content\/uploads\/2018\/10\/banniere-27-oct-2018.jpg",1280,935,false],"2048x2048":["https:\/\/oi-paris.com\/wordpress\/wp-content\/uploads\/2018\/10\/banniere-27-oct-2018.jpg",1280,935,false],"thumb-small":["https:\/\/oi-paris.com\/wordpress\/wp-content\/uploads\/2018\/10\/banniere-27-oct-2018-160x160.jpg",80,80,true],"thumb-standard":["https:\/\/oi-paris.com\/wordpress\/wp-content\/uploads\/2018\/10\/banniere-27-oct-2018-320x320.jpg",320,320,true],"thumb-medium":["https:\/\/oi-paris.com\/wordpress\/wp-content\/uploads\/2018\/10\/banniere-27-oct-2018-520x245.jpg",520,245,true],"thumb-large":["https:\/\/oi-paris.com\/wordpress\/wp-content\/uploads\/2018\/10\/banniere-27-oct-2018-720x340.jpg",720,340,true],"thumb-xlarge":["https:\/\/oi-paris.com\/wordpress\/wp-content\/uploads\/2018\/10\/banniere-27-oct-2018-980x450.jpg",980,450,true],"thumb-xxlarge":["https:\/\/oi-paris.com\/wordpress\/wp-content\/uploads\/2018\/10\/banniere-27-oct-2018-1280x500.jpg",1280,500,true],"mailpoet_newsletter_max":["https:\/\/oi-paris.com\/wordpress\/wp-content\/uploads\/2018\/10\/banniere-27-oct-2018.jpg",1280,935,false]},"uagb_author_info":{"display_name":"Nadir","author_link":"https:\/\/oi-paris.com\/wordpress\/author\/nadir\/"},"uagb_comment_info":0,"uagb_excerpt":"&nbsp; Quoi ? ===== Stage sur le th\u00e8me \u00ab Comment mettre en place les diff\u00e9rents \u00e9l\u00e9ments d\u2019une prise de vue en studio \u00bb \u00c9tude des modeleurs, \u00e9tude et mise en place de la lumi\u00e8re&#46;&#46;&#46;","_links":{"self":[{"href":"https:\/\/oi-paris.com\/wordpress\/wp-json\/wp\/v2\/posts\/8224","targetHints":{"allow":["GET"]}}],"collection":[{"href":"https:\/\/oi-paris.com\/wordpress\/wp-json\/wp\/v2\/posts"}],"about":[{"href":"https:\/\/oi-paris.com\/wordpress\/wp-json\/wp\/v2\/types\/post"}],"author":[{"embeddable":true,"href":"https:\/\/oi-paris.com\/wordpress\/wp-json\/wp\/v2\/users\/21"}],"replies":[{"embeddable":true,"href":"https:\/\/oi-paris.com\/wordpress\/wp-json\/wp\/v2\/comments?post=8224"}],"version-history":[{"count":5,"href":"https:\/\/oi-paris.com\/wordpress\/wp-json\/wp\/v2\/posts\/8224\/revisions"}],"predecessor-version":[{"id":8248,"href":"https:\/\/oi-paris.com\/wordpress\/wp-json\/wp\/v2\/posts\/8224\/revisions\/8248"}],"wp:featuredmedia":[{"embeddable":true,"href":"https:\/\/oi-paris.com\/wordpress\/wp-json\/wp\/v2\/media\/8225"}],"wp:attachment":[{"href":"https:\/\/oi-paris.com\/wordpress\/wp-json\/wp\/v2\/media?parent=8224"}],"wp:term":[{"taxonomy":"category","embeddable":true,"href":"https:\/\/oi-paris.com\/wordpress\/wp-json\/wp\/v2\/categories?post=8224"},{"taxonomy":"post_tag","embeddable":true,"href":"https:\/\/oi-paris.com\/wordpress\/wp-json\/wp\/v2\/tags?post=8224"}],"curies":[{"name":"wp","href":"https:\/\/api.w.org\/{rel}","templated":true}]}}