{"id":8234,"date":"2018-10-05T19:49:00","date_gmt":"2018-10-05T17:49:00","guid":{"rendered":"http:\/\/oi-paris.com\/wordpress\/?p=8234"},"modified":"2019-03-05T11:33:02","modified_gmt":"2019-03-05T10:33:02","slug":"le-1-er-mardi-doi-du-mois-doctobre","status":"publish","type":"post","link":"https:\/\/oi-paris.com\/wordpress\/2018\/10\/05\/le-1-er-mardi-doi-du-mois-doctobre\/","title":{"rendered":"Le 1 er Mardi d&#8217;OI du mois d&#8217;Octobre"},"content":{"rendered":"<p><span style=\"color: #000000;\"><strong>Le 1er Mardi du Mois d&#8217;Octobre :<\/strong><\/span><\/p>\n<p><img loading=\"lazy\" decoding=\"async\" class=\"alignnone wp-image-8254 aligncenter\" src=\"http:\/\/oi-paris.com\/wordpress\/wp-content\/uploads\/2018\/10\/Paul-Destable_1-300x200.jpg\" alt=\"\" width=\"383\" height=\"255\" srcset=\"https:\/\/oi-paris.com\/wordpress\/wp-content\/uploads\/2018\/10\/Paul-Destable_1-300x200.jpg 300w, https:\/\/oi-paris.com\/wordpress\/wp-content\/uploads\/2018\/10\/Paul-Destable_1-768x512.jpg 768w, https:\/\/oi-paris.com\/wordpress\/wp-content\/uploads\/2018\/10\/Paul-Destable_1-1024x683.jpg 1024w, https:\/\/oi-paris.com\/wordpress\/wp-content\/uploads\/2018\/10\/Paul-Destable_1-1320x880.jpg 1320w, https:\/\/oi-paris.com\/wordpress\/wp-content\/uploads\/2018\/10\/Paul-Destable_1.jpg 1620w\" sizes=\"auto, (max-width: 383px) 100vw, 383px\" \/><\/p>\n<p>&nbsp;<\/p>\n<p><span style=\"color: #000000;\">Ce 1er mardi \u00e9tait important pour nous tous, il y avait pr\u00e8s de 70 personnes . Nous lan\u00e7ons de nombreux projets : concours, expo., vid\u00e9o&#8230;. Et nous sommes ravis d&#8217;accueillir dans notre club de nouveaux adh\u00e9rents!<\/span><\/p>\n<p>&nbsp;<\/p>\n<p><span style=\"color: #000000;\"><strong>La Vie au Club:<\/strong><\/span><\/p>\n<ul>\n<li><span style=\"color: #000000;\">Cette ann\u00e9e, 2 adh\u00e9rents ont \u00e9t\u00e9 s\u00e9lectionn\u00e9s pour le 28 i\u00e8me Salon d&#8217;Auteur qui aura lieu \u00e0 Charleville M\u00e9zi\u00e8res du 2 au 15 Novembre 2018 :<\/span><br \/>\n<span style=\"color: #000000;\">Jacques Montereau pour sa s\u00e9rie <em>&#8220;Le Quintet&#8221;<\/em> et H\u00e9l\u00e8ne Lefelle pour <em>&#8220;Le Lab. 14&#8221;<\/em>.<\/span><\/li>\n<li><span style=\"color: #000000;\">Le mardi technique : Pierre-Emmanuel pr\u00e9sentera &#8221; les fondamentaux &#8221; sur la photo aux nouveaux adh\u00e9rents. Nous pourrons pr\u00e9senter des autoportraits en vue de l&#8217;exposition avec les peintres qui se tiendra le 6 Mars ainsi que des photos pour le concours individuel.<\/span><\/li>\n<\/ul>\n<p>&nbsp;<\/p>\n<p><img loading=\"lazy\" decoding=\"async\" class=\" wp-image-8259 aligncenter\" src=\"http:\/\/oi-paris.com\/wordpress\/wp-content\/uploads\/2018\/10\/Samira_0-300x200.jpg\" alt=\"\" width=\"387\" height=\"258\" srcset=\"https:\/\/oi-paris.com\/wordpress\/wp-content\/uploads\/2018\/10\/Samira_0-300x200.jpg 300w, https:\/\/oi-paris.com\/wordpress\/wp-content\/uploads\/2018\/10\/Samira_0-768x512.jpg 768w, https:\/\/oi-paris.com\/wordpress\/wp-content\/uploads\/2018\/10\/Samira_0-1024x683.jpg 1024w, https:\/\/oi-paris.com\/wordpress\/wp-content\/uploads\/2018\/10\/Samira_0-1320x880.jpg 1320w, https:\/\/oi-paris.com\/wordpress\/wp-content\/uploads\/2018\/10\/Samira_0.jpg 1620w\" sizes=\"auto, (max-width: 387px) 100vw, 387px\" \/><\/p>\n<p>&nbsp;<\/p>\n<ul>\n<li><span style=\"color: #000000;\">St\u00e9phane propose un cours d&#8217;initiation sur Lightroom.<\/span><\/li>\n<li><span style=\"color: #000000;\">Emmanuel propose une formation Studio sur la mise en place de la lumi\u00e8re pour 4 personnes \u00e0 partir du 27 octobre \u00e0 9h30. Les inscriptions se feront aupr\u00e8s de Denis jusqu&#8217;au 27 Octobre.<\/span><\/li>\n<li><span style=\"color: #000000;\">Ceux qui veulent s&#8217;abonner \u00e0 la FFP doivent remettre leur ch\u00e8que aupr\u00e8s de Denis avant le 20 Octobre. Ils b\u00e9n\u00e9ficieront de plusieurs avantages : participer \u00e0 des concours, b\u00e9n\u00e9ficier de r\u00e9ductions dans certains magasins&#8230;<\/span><\/li>\n<li><span style=\"color: #000000;\">OI National organise des manifestations nationales :\u00a0<\/span>\n<ul>\n<li><span style=\"color: #000000;\">Le Salon Individuel: l&#8217;auteur doit pr\u00e9senter 6 photos : 3 couleurs et 3 NB.<\/span><\/li>\n<li><span style=\"color: #000000;\">Le Salon d&#8217;Auteur: une s\u00e9rie de 5 photos est demand\u00e9e.<\/span><\/li>\n<li><span style=\"color: #000000;\">Le Betoux<\/span><\/li>\n<li><span style=\"color: #000000;\">Plusieurs stages&#8230;<\/span><\/li>\n<\/ul>\n<\/li>\n<li><span style=\"color: #000000;\">Les rencontres Diaporama et vid\u00e9o auront lieu \u00e0 Marseille les 13 et14 Octobre.<\/span><\/li>\n<\/ul>\n<p>&nbsp;<\/p>\n<p><span style=\"color: #000000;\"><strong>Les expos \u00e0 voir:<\/strong><\/span><\/p>\n<p>&nbsp;<\/p>\n<p>&nbsp;<\/p>\n<ul>\n<li><span style=\"color: #000000;\">Ron Amir &#8221; Quelque part dans le d\u00e9sert&#8221; au Mus\u00e9e d&#8217;Art Moderne jusqu&#8217;au 2 d\u00e9cembre.<\/span><\/li>\n<li><span style=\"color: #000000;\">Zao Wou-ki &#8220;L&#8217;Espace en silence&#8221; au Mus\u00e9e d&#8217;Art Moderne jusqu&#8217;au 6 janvier.<\/span><\/li>\n<li><span style=\"color: #000000;\">Jacques Henri Lartigues &#8220;M\u00e9moire en couleurs&#8221; \u00e0 la Polka Galerie.<\/span><\/li>\n<li><span style=\"color: #000000;\">Sarah Moon \u00e0 la Galerie Camera Obscura \u00e0 partir du 6 Octobre.<\/span><\/li>\n<li><span style=\"color: #000000;\">Rafael Serrano \u00e0 la Maison Robert Doisneau.<\/span><\/li>\n<li><span style=\"color: #000000;\">L&#8217;\u00e9v\u00e8nement Sabine Weiss \u00e0 Beaubourg (c&#8217;est gratuit!)<\/span><\/li>\n<li><span style=\"color: #000000;\">Les Nadar, une l\u00e9gende photographique \u00e0 la BNF.<\/span><\/li>\n<li><span style=\"color: #000000;\">Picasso, Bleu et Rose au Mus\u00e9e d&#8217;Orsay.<\/span><\/li>\n<li><span style=\"color: #000000;\">Jean-Michel Basquiat et Egon Schiele \u00e0 la Fondation Vuitton.<\/span><\/li>\n<li><span style=\"color: #000000;\">La Nuit Blanche a lieu le samedi 6 Octobre, bonne ballade!!!<\/span><\/li>\n<\/ul>\n<p>&nbsp;<\/p>\n<p><span style=\"color: #000000;\"><strong>Les Films \u00e0 voir:<\/strong><\/span><\/p>\n<p><span style=\"color: #000000;\">Que des films fran\u00e7ais cette fois!<br \/>\n<\/span><\/p>\n<ul>\n<li><span style=\"color: #000000;\"><strong>Guy<\/strong> r\u00e9alis\u00e9 par Alex Lutz avec Alex Lutz et Tom Dingler<\/span><\/li>\n<li><span style=\"color: #000000;\"><strong>Premi\u00e8re ann\u00e9e<\/strong> de Thomas Lilti avec Vincent Lacost, William Lebghil, Michel Lerousseau.<\/span><\/li>\n<li><span style=\"color: #000000;\"><strong>Les fr\u00e8res Sisters<\/strong> de Jacques Audiard avec Joaquin Phoenix, John C. Reilly, Jake Gyllenhaal.<\/span><\/li>\n<\/ul>\n<p>&nbsp;<\/p>\n<p><span style=\"color: #000000;\"><strong>L&#8217;Artiste Myst\u00e8re<\/strong><\/span><\/p>\n<p><span style=\"color: #000000;\">Miguel nous a pr\u00e9sent\u00e9 son artiste myst\u00e8re, puis un diaporama \u00a0tr\u00e8s dr\u00f4le sur les peintures qui parlent.<\/span><br \/>\n<span style=\"color: #000000;\">Dans les ann\u00e9es 1930, Shoji Ueda, photographe japonais, commence sa carri\u00e8re avec le groupe Chugoku Shashinka Shudan. Son travail le plus connu fait parti de la s\u00e9rie &#8220;Paysages de dunes&#8221;.<\/span><\/p>\n<p>&nbsp;<\/p>\n<p>&nbsp;<\/p>\n<p>&nbsp;<\/p>\n<p><span style=\"color: #000000;\"><strong>L&#8217;Auberge Espagnole<\/strong><\/span><\/p>\n<ul>\n<li><span style=\"color: #000000;\">Annie : 3 C<\/span><\/li>\n<li><span style=\"color: #000000;\">Pierre-Emmanuel : 2 C, 1 NB<\/span><\/li>\n<li><span style=\"color: #000000;\">Christian Brion : 3 C<\/span><\/li>\n<li><span style=\"color: #000000;\">Corinne : 3 C<\/span><\/li>\n<li><span style=\"color: #000000;\">P. de Geetere : 3 C<\/span><\/li>\n<li><span style=\"color: #000000;\">Yannick : 1 diaporama<\/span><\/li>\n<li><span style=\"color: #000000;\">Fabien : 3 C<\/span><\/li>\n<li><span style=\"color: #000000;\">Fatma : 3 C<\/span><\/li>\n<li><span style=\"color: #000000;\">Fran\u00e7ois : 3 NB<\/span><\/li>\n<li><span style=\"color: #000000;\">H\u00e9l\u00e8ne : 3 C<\/span><\/li>\n<li><span style=\"color: #000000;\">Jacques Amiel : 3 C<\/span><\/li>\n<li><span style=\"color: #000000;\">Jean-Paul : 3 C<\/span><\/li>\n<li><span style=\"color: #000000;\">Laure : 3 NB<\/span><\/li>\n<li><span style=\"color: #000000;\">Michel B : 3 C<\/span><\/li>\n<li><span style=\"color: #000000;\">P : 2 C, 1NB<\/span><\/li>\n<li><span style=\"color: #000000;\">Paul Destable : 3NB<\/span><\/li>\n<li><span style=\"color: #000000;\">Philippe R. : 2 C, 1 NB<\/span><\/li>\n<li><span style=\"color: #000000;\">Richard Guesde : 3 C<\/span><\/li>\n<li><span style=\"color: #000000;\">Roger : 3 C<\/span><\/li>\n<li><span style=\"color: #000000;\">salira : 3 C<\/span><\/li>\n<li><span style=\"color: #000000;\">Winter&#8217;s gift : diaporama<\/span><\/li>\n<li><span style=\"color: #000000;\">Yannick 3 NB<\/span><\/li>\n<\/ul>\n<p><span style=\"color: #000000;\">A l&#8217;issue de la s\u00e9ance, c&#8217;est Paul Destable qui a \u00e9t\u00e9 d\u00e9sign\u00e9 comme l&#8217;artiste du mois pour ses paysages : F\u00e9licitations!<\/span><\/p>\n<p><span style=\"color: #000000;\"><strong>Au mois prochain&#8230;<\/strong><\/span><\/p>\n<p>&nbsp;<\/p>\n","protected":false},"excerpt":{"rendered":"<p>Le 1er Mardi du Mois d&#8217;Octobre : &nbsp; Ce 1er mardi \u00e9tait important pour nous tous, il y avait pr\u00e8s de 70 personnes . Nous lan\u00e7ons de nombreux projets : concours, expo., vid\u00e9o&#8230;. Et&#46;&#46;&#46;<\/p>\n","protected":false},"author":16,"featured_media":8254,"comment_status":"closed","ping_status":"closed","sticky":false,"template":"","format":"standard","meta":{"_acf_changed":false,"_oasis_is_in_workflow":0,"_oasis_original":0,"_uag_custom_page_level_css":"","footnotes":""},"categories":[8],"tags":[],"class_list":["post-8234","post","type-post","status-publish","format-standard","has-post-thumbnail","hentry","category-mardi-doi"],"acf":[],"uagb_featured_image_src":{"full":["https:\/\/oi-paris.com\/wordpress\/wp-content\/uploads\/2018\/10\/Paul-Destable_1.jpg",1620,1080,false],"thumbnail":["https:\/\/oi-paris.com\/wordpress\/wp-content\/uploads\/2018\/10\/Paul-Destable_1-150x150.jpg",150,150,true],"medium":["https:\/\/oi-paris.com\/wordpress\/wp-content\/uploads\/2018\/10\/Paul-Destable_1-300x200.jpg",300,200,true],"medium_large":["https:\/\/oi-paris.com\/wordpress\/wp-content\/uploads\/2018\/10\/Paul-Destable_1-768x512.jpg",768,512,true],"large":["https:\/\/oi-paris.com\/wordpress\/wp-content\/uploads\/2018\/10\/Paul-Destable_1-1024x683.jpg",1024,683,true],"1536x1536":["https:\/\/oi-paris.com\/wordpress\/wp-content\/uploads\/2018\/10\/Paul-Destable_1.jpg",1536,1024,false],"2048x2048":["https:\/\/oi-paris.com\/wordpress\/wp-content\/uploads\/2018\/10\/Paul-Destable_1.jpg",1620,1080,false],"thumb-small":["https:\/\/oi-paris.com\/wordpress\/wp-content\/uploads\/2018\/10\/Paul-Destable_1-160x160.jpg",80,80,true],"thumb-standard":["https:\/\/oi-paris.com\/wordpress\/wp-content\/uploads\/2018\/10\/Paul-Destable_1-320x320.jpg",320,320,true],"thumb-medium":["https:\/\/oi-paris.com\/wordpress\/wp-content\/uploads\/2018\/10\/Paul-Destable_1-520x245.jpg",520,245,true],"thumb-large":["https:\/\/oi-paris.com\/wordpress\/wp-content\/uploads\/2018\/10\/Paul-Destable_1-720x340.jpg",720,340,true],"thumb-xlarge":["https:\/\/oi-paris.com\/wordpress\/wp-content\/uploads\/2018\/10\/Paul-Destable_1-980x450.jpg",980,450,true],"thumb-xxlarge":["https:\/\/oi-paris.com\/wordpress\/wp-content\/uploads\/2018\/10\/Paul-Destable_1-1320x500.jpg",1320,500,true],"mailpoet_newsletter_max":["https:\/\/oi-paris.com\/wordpress\/wp-content\/uploads\/2018\/10\/Paul-Destable_1-1320x880.jpg",1320,880,true]},"uagb_author_info":{"display_name":"Helene Lefelle","author_link":"https:\/\/oi-paris.com\/wordpress\/author\/helene\/"},"uagb_comment_info":0,"uagb_excerpt":"Le 1er Mardi du Mois d&#8217;Octobre : &nbsp; Ce 1er mardi \u00e9tait important pour nous tous, il y avait pr\u00e8s de 70 personnes . Nous lan\u00e7ons de nombreux projets : concours, expo., vid\u00e9o&#8230;. Et&#46;&#46;&#46;","_links":{"self":[{"href":"https:\/\/oi-paris.com\/wordpress\/wp-json\/wp\/v2\/posts\/8234","targetHints":{"allow":["GET"]}}],"collection":[{"href":"https:\/\/oi-paris.com\/wordpress\/wp-json\/wp\/v2\/posts"}],"about":[{"href":"https:\/\/oi-paris.com\/wordpress\/wp-json\/wp\/v2\/types\/post"}],"author":[{"embeddable":true,"href":"https:\/\/oi-paris.com\/wordpress\/wp-json\/wp\/v2\/users\/16"}],"replies":[{"embeddable":true,"href":"https:\/\/oi-paris.com\/wordpress\/wp-json\/wp\/v2\/comments?post=8234"}],"version-history":[{"count":5,"href":"https:\/\/oi-paris.com\/wordpress\/wp-json\/wp\/v2\/posts\/8234\/revisions"}],"predecessor-version":[{"id":8976,"href":"https:\/\/oi-paris.com\/wordpress\/wp-json\/wp\/v2\/posts\/8234\/revisions\/8976"}],"wp:featuredmedia":[{"embeddable":true,"href":"https:\/\/oi-paris.com\/wordpress\/wp-json\/wp\/v2\/media\/8254"}],"wp:attachment":[{"href":"https:\/\/oi-paris.com\/wordpress\/wp-json\/wp\/v2\/media?parent=8234"}],"wp:term":[{"taxonomy":"category","embeddable":true,"href":"https:\/\/oi-paris.com\/wordpress\/wp-json\/wp\/v2\/categories?post=8234"},{"taxonomy":"post_tag","embeddable":true,"href":"https:\/\/oi-paris.com\/wordpress\/wp-json\/wp\/v2\/tags?post=8234"}],"curies":[{"name":"wp","href":"https:\/\/api.w.org\/{rel}","templated":true}]}}