{"id":8296,"date":"2018-10-16T16:52:43","date_gmt":"2018-10-16T14:52:43","guid":{"rendered":"http:\/\/oi-paris.com\/wordpress\/?p=8296"},"modified":"2018-10-18T14:02:56","modified_gmt":"2018-10-18T12:02:56","slug":"le-stage-dimmersion-en-camargue","status":"publish","type":"post","link":"https:\/\/oi-paris.com\/wordpress\/2018\/10\/16\/le-stage-dimmersion-en-camargue\/","title":{"rendered":"Le Stage d&#8217;immersion en Camargue"},"content":{"rendered":"<p><img loading=\"lazy\" decoding=\"async\" class=\"alignnone wp-image-8313 aligncenter\" src=\"http:\/\/oi-paris.com\/wordpress\/wp-content\/uploads\/2018\/10\/IMG_20181012_182519-300x164.jpg\" alt=\"\" width=\"525\" height=\"287\" srcset=\"https:\/\/oi-paris.com\/wordpress\/wp-content\/uploads\/2018\/10\/IMG_20181012_182519-300x164.jpg 300w, https:\/\/oi-paris.com\/wordpress\/wp-content\/uploads\/2018\/10\/IMG_20181012_182519-768x421.jpg 768w, https:\/\/oi-paris.com\/wordpress\/wp-content\/uploads\/2018\/10\/IMG_20181012_182519-1024x561.jpg 1024w, https:\/\/oi-paris.com\/wordpress\/wp-content\/uploads\/2018\/10\/IMG_20181012_182519.jpg 1280w\" sizes=\"auto, (max-width: 525px) 100vw, 525px\" \/><\/p>\n<p>Une immersion totale dans cette manade camarguaise &#8221; Le Mas de Pioch&#8221;.<\/p>\n<p>D\u00e9s le premier jour, nous \u00e9tions dans les odeurs et la lumi\u00e8re avec les chevaux et les fameux taureaux. Nous \u00e9tions une douzaine de stagiaires d&#8217;OI.<br \/>\nApr\u00e8s une pr\u00e9sentation technique, les objectifs nous ont \u00e9t\u00e9 pr\u00e9cis\u00e9s : la photo animali\u00e8re avec comme principal param\u00e8tre la vitesse (rapide, moyenne et lente).<\/p>\n<p><img loading=\"lazy\" decoding=\"async\" class=\" wp-image-8317 aligncenter\" src=\"http:\/\/oi-paris.com\/wordpress\/wp-content\/uploads\/2018\/10\/DSC2982-300x200.jpg\" alt=\"\" width=\"375\" height=\"250\" srcset=\"https:\/\/oi-paris.com\/wordpress\/wp-content\/uploads\/2018\/10\/DSC2982-300x200.jpg 300w, https:\/\/oi-paris.com\/wordpress\/wp-content\/uploads\/2018\/10\/DSC2982-768x512.jpg 768w, https:\/\/oi-paris.com\/wordpress\/wp-content\/uploads\/2018\/10\/DSC2982-1024x683.jpg 1024w, https:\/\/oi-paris.com\/wordpress\/wp-content\/uploads\/2018\/10\/DSC2982-1320x880.jpg 1320w, https:\/\/oi-paris.com\/wordpress\/wp-content\/uploads\/2018\/10\/DSC2982.jpg 1620w\" sizes=\"auto, (max-width: 375px) 100vw, 375px\" \/><\/p>\n<p>Les r\u00e9f\u00e9rents techniques \u00e9taient l\u00e0 pour nous aider : Alain le ma\u00eetre de stage, bon connaisseur de la r\u00e9gion, Jean-Marc, Annie et Pierre. Tous tr\u00e8s pr\u00e9sents.<\/p>\n<p>Le stage avait plusieurs th\u00e9matiques:<\/p>\n<ul>\n<li>Les vaches du propri\u00e9taire de la manade.<\/li>\n<\/ul>\n<p><img loading=\"lazy\" decoding=\"async\" class=\"alignnone size-medium wp-image-8318 aligncenter\" src=\"http:\/\/oi-paris.com\/wordpress\/wp-content\/uploads\/2018\/10\/VACHES-200x300.jpg\" alt=\"\" width=\"200\" height=\"300\" srcset=\"https:\/\/oi-paris.com\/wordpress\/wp-content\/uploads\/2018\/10\/VACHES-200x300.jpg 200w, https:\/\/oi-paris.com\/wordpress\/wp-content\/uploads\/2018\/10\/VACHES.jpg 683w\" sizes=\"auto, (max-width: 200px) 100vw, 200px\" \/><\/p>\n<ul>\n<li>Le l\u00e2cher des chevaux au bord de mer l&#8217;apr\u00e8s-midi (tr\u00e8s mouill\u00e9 et sportif).<\/li>\n<li>Les oiseaux dans le parc ornithologique du Pont de Gau o\u00f9 il y en a une grande vari\u00e9t\u00e9 dont les fameux flamands roses.<\/li>\n<li>La course des taureaux dans les ar\u00e8nes de Belgarde.<span style=\"font-family: Consolas, Monaco, monospace;\">\u00a0 \u00a0<\/span><span style=\"font-family: Consolas, Monaco, monospace;\">\u00a0 \u00a0 \u00a0 \u00a0 \u00a0 \u00a0 \u00a0 \u00a0 \u00a0 \u00a0 \u00a0 \u00a0 \u00a0 \u00a0 \u00a0 \u00a0 \u00a0 \u00a0 \u00a0 \u00a0 \u00a0 \u00a0 \u00a0 \u00a0 \u00a0 \u00a0 \u00a0 \u00a0 \u00a0 \u00a0 \u00a0 \u00a0 \u00a0 \u00a0 \u00a0 \u00a0 \u00a0 \u00a0 \u00a0 \u00a0 \u00a0 \u00a0 \u00a0 \u00a0 \u00a0 \u00a0 \u00a0 \u00a0\u00a0<\/span><\/li>\n<\/ul>\n<p><span style=\"font-family: Consolas, Monaco, monospace;\">Le\u00a0<\/span>2\u00e8me jour, nous sommes all\u00e9s au Parc ornithologique du Pont de Gau \u00a0et l&#8217;apr\u00e8s-midi, nous avons assist\u00e9 \u00e0 la course de taureaux.<\/p>\n<p>Les soir\u00e9es, apr\u00e8s un diner bien copieux se terminaient par la s\u00e9lection des photos.<\/p>\n<p>Le dimanche, tout ce petit monde s&#8217;est r\u00e9uni, et nous avons pu voir un floril\u00e8ge de photos\u00a0\u00e9tonnement vari\u00e9es.<\/p>\n<p><img loading=\"lazy\" decoding=\"async\" class=\" wp-image-8320 aligncenter\" src=\"http:\/\/oi-paris.com\/wordpress\/wp-content\/uploads\/2018\/10\/DSC4222-1-300x200.jpg\" alt=\"\" width=\"375\" height=\"250\" srcset=\"https:\/\/oi-paris.com\/wordpress\/wp-content\/uploads\/2018\/10\/DSC4222-1-300x200.jpg 300w, https:\/\/oi-paris.com\/wordpress\/wp-content\/uploads\/2018\/10\/DSC4222-1-768x512.jpg 768w, https:\/\/oi-paris.com\/wordpress\/wp-content\/uploads\/2018\/10\/DSC4222-1-1024x683.jpg 1024w, https:\/\/oi-paris.com\/wordpress\/wp-content\/uploads\/2018\/10\/DSC4222-1-1320x880.jpg 1320w, https:\/\/oi-paris.com\/wordpress\/wp-content\/uploads\/2018\/10\/DSC4222-1.jpg 1620w\" sizes=\"auto, (max-width: 375px) 100vw, 375px\" \/><\/p>\n<p>Tr\u00e8s enrichissant et formateur, ce stage est ouvert \u00e0 vous tous, quel que soit votre niveau. M\u00eame si la photo animali\u00e8re n&#8217;est pas votre domaine de pr\u00e9dilection, n&#8217;h\u00e9sitez pas \u00e0 vous inscrire.<\/p>\n<p>Christelle et H\u00e9l\u00e8ne<\/p>\n<p>&nbsp;<\/p>\n<p>&nbsp;<\/p>\n<p>&nbsp;<\/p>\n","protected":false},"excerpt":{"rendered":"<p>Une immersion totale dans cette manade camarguaise &#8221; Le Mas de Pioch&#8221;. D\u00e9s le premier jour, nous \u00e9tions dans les odeurs et la lumi\u00e8re avec les chevaux et les fameux taureaux. Nous \u00e9tions une&#46;&#46;&#46;<\/p>\n","protected":false},"author":16,"featured_media":8313,"comment_status":"closed","ping_status":"closed","sticky":false,"template":"","format":"standard","meta":{"_acf_changed":false,"_oasis_is_in_workflow":0,"_oasis_original":0,"_uag_custom_page_level_css":"","footnotes":""},"categories":[26,9],"tags":[],"class_list":["post-8296","post","type-post","status-publish","format-standard","has-post-thumbnail","hentry","category-formation","category-photo"],"acf":[],"uagb_featured_image_src":{"full":["https:\/\/oi-paris.com\/wordpress\/wp-content\/uploads\/2018\/10\/IMG_20181012_182519.jpg",1280,701,false],"thumbnail":["https:\/\/oi-paris.com\/wordpress\/wp-content\/uploads\/2018\/10\/IMG_20181012_182519-150x150.jpg",150,150,true],"medium":["https:\/\/oi-paris.com\/wordpress\/wp-content\/uploads\/2018\/10\/IMG_20181012_182519-300x164.jpg",300,164,true],"medium_large":["https:\/\/oi-paris.com\/wordpress\/wp-content\/uploads\/2018\/10\/IMG_20181012_182519-768x421.jpg",768,421,true],"large":["https:\/\/oi-paris.com\/wordpress\/wp-content\/uploads\/2018\/10\/IMG_20181012_182519-1024x561.jpg",1024,561,true],"1536x1536":["https:\/\/oi-paris.com\/wordpress\/wp-content\/uploads\/2018\/10\/IMG_20181012_182519.jpg",1280,701,false],"2048x2048":["https:\/\/oi-paris.com\/wordpress\/wp-content\/uploads\/2018\/10\/IMG_20181012_182519.jpg",1280,701,false],"thumb-small":["https:\/\/oi-paris.com\/wordpress\/wp-content\/uploads\/2018\/10\/IMG_20181012_182519-160x160.jpg",80,80,true],"thumb-standard":["https:\/\/oi-paris.com\/wordpress\/wp-content\/uploads\/2018\/10\/IMG_20181012_182519-320x320.jpg",320,320,true],"thumb-medium":["https:\/\/oi-paris.com\/wordpress\/wp-content\/uploads\/2018\/10\/IMG_20181012_182519-520x245.jpg",520,245,true],"thumb-large":["https:\/\/oi-paris.com\/wordpress\/wp-content\/uploads\/2018\/10\/IMG_20181012_182519-720x340.jpg",720,340,true],"thumb-xlarge":["https:\/\/oi-paris.com\/wordpress\/wp-content\/uploads\/2018\/10\/IMG_20181012_182519-980x450.jpg",980,450,true],"thumb-xxlarge":["https:\/\/oi-paris.com\/wordpress\/wp-content\/uploads\/2018\/10\/IMG_20181012_182519-1280x500.jpg",1280,500,true],"mailpoet_newsletter_max":["https:\/\/oi-paris.com\/wordpress\/wp-content\/uploads\/2018\/10\/IMG_20181012_182519.jpg",1280,701,false]},"uagb_author_info":{"display_name":"Helene Lefelle","author_link":"https:\/\/oi-paris.com\/wordpress\/author\/helene\/"},"uagb_comment_info":0,"uagb_excerpt":"Une immersion totale dans cette manade camarguaise &#8221; Le Mas de Pioch&#8221;. D\u00e9s le premier jour, nous \u00e9tions dans les odeurs et la lumi\u00e8re avec les chevaux et les fameux taureaux. Nous \u00e9tions une&#46;&#46;&#46;","_links":{"self":[{"href":"https:\/\/oi-paris.com\/wordpress\/wp-json\/wp\/v2\/posts\/8296","targetHints":{"allow":["GET"]}}],"collection":[{"href":"https:\/\/oi-paris.com\/wordpress\/wp-json\/wp\/v2\/posts"}],"about":[{"href":"https:\/\/oi-paris.com\/wordpress\/wp-json\/wp\/v2\/types\/post"}],"author":[{"embeddable":true,"href":"https:\/\/oi-paris.com\/wordpress\/wp-json\/wp\/v2\/users\/16"}],"replies":[{"embeddable":true,"href":"https:\/\/oi-paris.com\/wordpress\/wp-json\/wp\/v2\/comments?post=8296"}],"version-history":[{"count":5,"href":"https:\/\/oi-paris.com\/wordpress\/wp-json\/wp\/v2\/posts\/8296\/revisions"}],"predecessor-version":[{"id":8328,"href":"https:\/\/oi-paris.com\/wordpress\/wp-json\/wp\/v2\/posts\/8296\/revisions\/8328"}],"wp:featuredmedia":[{"embeddable":true,"href":"https:\/\/oi-paris.com\/wordpress\/wp-json\/wp\/v2\/media\/8313"}],"wp:attachment":[{"href":"https:\/\/oi-paris.com\/wordpress\/wp-json\/wp\/v2\/media?parent=8296"}],"wp:term":[{"taxonomy":"category","embeddable":true,"href":"https:\/\/oi-paris.com\/wordpress\/wp-json\/wp\/v2\/categories?post=8296"},{"taxonomy":"post_tag","embeddable":true,"href":"https:\/\/oi-paris.com\/wordpress\/wp-json\/wp\/v2\/tags?post=8296"}],"curies":[{"name":"wp","href":"https:\/\/api.w.org\/{rel}","templated":true}]}}