{"id":8402,"date":"2018-11-08T20:12:00","date_gmt":"2018-11-08T18:12:00","guid":{"rendered":"http:\/\/oi-paris.com\/wordpress\/?p=8402"},"modified":"2019-03-05T11:32:17","modified_gmt":"2019-03-05T10:32:17","slug":"le-1er-mardi-du-mois-de-novembre","status":"publish","type":"post","link":"https:\/\/oi-paris.com\/wordpress\/2018\/11\/08\/le-1er-mardi-du-mois-de-novembre\/","title":{"rendered":"Le 1er Mardi du mois de Novembre"},"content":{"rendered":"<p>Nous \u00e9tions \u00e0 peu pr\u00e8s une cinquantaine avec de nouveaux adh\u00e9rents. Bienvenue \u00e0 eux.<\/p>\n<p>&nbsp;<\/p>\n<p><strong>La vie au Club :\u00a0<\/strong><\/p>\n<ul>\n<li>Nous avons l&#8217;honneur d&#8217;accueillir des membres du Ciber Link qui vont nous expliquer leurs projets.<\/li>\n<li>Pierre-Emmanuel r\u00e9pondra aux \u00a0questions techniques au mardi technique. L&#8217;autoportrait : il y aura une expo commune avec les peintres, ceux qui veulent y participer doivent donner 2 photos par personne. Puis le concours individuel o\u00f9 chaque participant devra apporter 3 photos couleur et 3 photos NB.<\/li>\n<\/ul>\n<ul>\n<li>Les Photos de M. Brisson \u00a0&#8221; La Cabane de Michel&#8221; sont expos\u00e9es au si\u00e8ge de la Banque Postale, 115 rue de S\u00e8vres depuis le 23 Octobre.<\/li>\n<\/ul>\n<p><strong><img loading=\"lazy\" decoding=\"async\" class=\"alignnone wp-image-8415 aligncenter\" src=\"http:\/\/oi-paris.com\/wordpress\/wp-content\/uploads\/2018\/11\/@@-A-EXPO-RIE-BP-23-10-2018-300x225.jpg\" alt=\"\" width=\"392\" height=\"294\" srcset=\"https:\/\/oi-paris.com\/wordpress\/wp-content\/uploads\/2018\/11\/@@-A-EXPO-RIE-BP-23-10-2018-300x225.jpg 300w, https:\/\/oi-paris.com\/wordpress\/wp-content\/uploads\/2018\/11\/@@-A-EXPO-RIE-BP-23-10-2018-768x576.jpg 768w, https:\/\/oi-paris.com\/wordpress\/wp-content\/uploads\/2018\/11\/@@-A-EXPO-RIE-BP-23-10-2018-1024x768.jpg 1024w, https:\/\/oi-paris.com\/wordpress\/wp-content\/uploads\/2018\/11\/@@-A-EXPO-RIE-BP-23-10-2018-1320x990.jpg 1320w\" sizes=\"auto, (max-width: 392px) 100vw, 392px\" \/><\/strong><\/p>\n<ul>\n<li>Laure organise une visite de l&#8217;Op\u00e9ra \u00a0Garnier le 1er d\u00e9cembre.<\/li>\n<li>Emmanuel Vianey nous montre le r\u00e9sultat de son stage &#8220;tr\u00e8s Halloween&#8221; dans lequel Miguel, Roger et Isabelle ont particip\u00e9. Le prochain stage Studio aura lieu au mois de janvier.<\/li>\n<li>Le court m\u00e9trage pour l&#8217;exercice a re\u00e7u un prix aux rencontres Vid\u00e9o de Marseille.<\/li>\n<\/ul>\n<p><img loading=\"lazy\" decoding=\"async\" class=\"alignnone wp-image-8422 aligncenter\" src=\"http:\/\/oi-paris.com\/wordpress\/wp-content\/uploads\/2018\/11\/G.-Lash-RNV49-300x200.jpg\" alt=\"\" width=\"407\" height=\"271\" srcset=\"https:\/\/oi-paris.com\/wordpress\/wp-content\/uploads\/2018\/11\/G.-Lash-RNV49-300x200.jpg 300w, https:\/\/oi-paris.com\/wordpress\/wp-content\/uploads\/2018\/11\/G.-Lash-RNV49.jpg 768w\" sizes=\"auto, (max-width: 407px) 100vw, 407px\" \/><\/p>\n<ul>\n<li>Jean-Paul Petit et Christian Brion animeront un d\u00e9bat sur &#8220;La Bande son et L&#8217;ambiance sonore&#8221; aux Rencontres Nationales de Photographies et d&#8217;Audiovisuel \u00e0 Charleville M\u00e9zi\u00e8res les 8, 9, 10 et 11 novembre.<\/li>\n<\/ul>\n<p>&nbsp;<\/p>\n<p><strong>Les Expos \u00e0 Voir<\/strong><\/p>\n<ul>\n<li>Les &#8220;Jambon Beurre&#8221; pr\u00e9sente &#8220;\u00e0 Montmartre&#8221;, 8 rue Brillat-Savarin jusqu&#8217;au 31 d\u00e9cembre 2018.<\/li>\n<li>Les Nadar, une l\u00e9gende photographique \u00e0 la BNF.<\/li>\n<li>Politique du Visible de Dorothy Lange au Jeu de Paume jusqu&#8217;au 27 janvier 2019.<\/li>\n<li>L&#8217;Oiseleur de \u00e0 la Camera Obscura jusqu&#8217;au 29 d\u00e9cembre.<\/li>\n<\/ul>\n<p>&nbsp;<\/p>\n<ul>\n<li>Le Salon de la Photo du 8 au 12 Novembre 2018.<\/li>\n<li>Paris Photo du 8 au 11 Novembre.<\/li>\n<li>Expo Photo &#8220;Reflets&#8221; par Alfortville Photo Club.<\/li>\n<li>Primitifs de la Photo \u00e0 Chantilly jusqu&#8217;au 6 janvier.<\/li>\n<li>&#8220;Dialogues with Solitudes&#8221; de Dave Heath au Bal jusqu&#8217;au 23 d\u00e9cembre.<\/li>\n<li>&#8220;La Zone&#8221; par des photographes amateurs du 19\u00e8me si\u00e8cle \u00e0 la Galerie des Roses \u00e0 Montreuil.<\/li>\n<li>Le Cubisme \u00e0 Beaubourg.<\/li>\n<li>Willy Ronis au Pavillon du Carr\u00e9 Baudouin jusqu&#8217;au 9 janvier 2019.<\/li>\n<li>&#8220;D\u00e9clarations&#8221;, exposition photo Sebastiao Salgado au Mus\u00e9e de l&#8217;Homme du 8 d\u00e9cembre 2018 jusqu&#8217;au 30 juin 2019.<\/li>\n<li>&#8220;Une Odyss\u00e9e Sib\u00e9rienne&#8221; de Claudine Doury \u00e0 la galerie des Beaux Arts jusqu&#8217;au25 d\u00e9cembre.<\/li>\n<li>Giacometti au Mus\u00e9e Maillol Jusqu&#8217;20 janvier 2019.<\/li>\n<li>Miro R\u00e9trospective au Grand Palais jusqu&#8217;au 4 f\u00e9vrier 2019.<\/li>\n<\/ul>\n<p>&nbsp;<\/p>\n<p><strong>Les Films \u00e0 Voir<\/strong><\/p>\n<ul>\n<li>First man de Damien Chazelle avec Ryan Gosling.<\/li>\n<li>Cold War de Pawel Pawlivkowski avec Joanna Kulig et Thomasz Kot.<\/li>\n<li>Bohemian Rhapsodies de Bryan Singer avec Rami Malek.<\/li>\n<li>A Star is born de Bradley Cooper avec Lady Gaga.<\/li>\n<\/ul>\n<p>&nbsp;<\/p>\n<p><strong>L&#8217;Artiste Myst\u00e8re<\/strong><\/p>\n<p>&nbsp;<\/p>\n<p>Paul Destable nous a pr\u00e9sent\u00e9 un grand photographe am\u00e9ricain. Grand voyageur et observateur de son temps, correspondant de presse, Ambassadeur des Arts. Il nous a montr\u00e9 des photos de voyages, d&#8217;artistes et de la famille royale anglaise, toutes datant de la 2\u00e9me \u00a0moiti\u00e9 du 20\u00e8me si\u00e8cle.<\/p>\n<p>&nbsp;<\/p>\n<p><strong>L&#8217;Auberge espagnole<\/strong><\/p>\n<ul>\n<li>Polyph\u00e8ne : 3C<\/li>\n<li>Andr\u00e9 : 3C<\/li>\n<li>Annie : 3C<\/li>\n<li>Pierre-Emmanuel : 3NB<\/li>\n<li>Camille :3C<\/li>\n<li>Christelle : 3C<\/li>\n<li>Chrstian B. : 3NB<\/li>\n<li>Corinne : 3C<\/li>\n<li>Philippe de Geet\u00e8re :3C<\/li>\n<li>Rozen : 3NB<\/li>\n<li>Emmanuel Vaney : 2C, 1NB<\/li>\n<li>Denis : 1 diaporama sur les USA de Polka<\/li>\n<li>Eric Ch\u00e2telin : 3 C<\/li>\n<li>Fran\u00e7ois S. : 3C<\/li>\n<li>Corinne G. : 2NB, 1C<\/li>\n<li>OI Paris, G\u00e9rard Lashermes : 1 diaporama Mailhac<\/li>\n<li>H\u00e9l\u00e8ne L. : 3C<\/li>\n<li>Isabelle : 1NB, 2C<\/li>\n<li>Jean-Claude : 3C<\/li>\n<li>Jean-Paul P. : 3C<\/li>\n<li>Laure R. : 1NB, 2C<\/li>\n<li>Antoine L. : 3NB<\/li>\n<li>Michel B. : 3NB<\/li>\n<li>Miguel : 3C<\/li>\n<li>Fabien M. : 3NB<\/li>\n<li>Nadir : 3C<\/li>\n<li>Pierre-Marie : 3C<\/li>\n<li>Richard G : 3C<\/li>\n<li>Roger : 2C, 1NB<\/li>\n<li>Sandra : 3C<\/li>\n<li>Stephane : 3NB<\/li>\n<li>Taraneh : 3C<\/li>\n<li>Alain Tremel : 1 diaporama<\/li>\n<\/ul>\n<p>Jean-Paul nous pr\u00e9sente Christophe et Christophe. Ils font partie d&#8217;une structure de formation &#8221; Ciber Link&#8221; en vid\u00e9o, photos et diff\u00e9rents logiciels, tout cela en ligne. Objectif National est actuellement en discussion avec eux pour proposer \u00e0 ses adh\u00e9rents des cours \u00e0 distance.<\/p>\n<p>Et \u00e0 ma grande surprise, j&#8217;ai \u00e9t\u00e9 d\u00e9sign\u00e9e comme l&#8217;artiste du mois. J&#8217;en suis tr\u00e8s touch\u00e9e et remercie ceux qui m&#8217;ont choisie.<br \/>\nAu prochain mardi OI autour du Beaujolais Nouveau.<\/p>\n<p>&nbsp;<\/p>\n","protected":false},"excerpt":{"rendered":"<p>Nous \u00e9tions \u00e0 peu pr\u00e8s une cinquantaine avec de nouveaux adh\u00e9rents. Bienvenue \u00e0 eux. &nbsp; La vie au Club :\u00a0 Nous avons l&#8217;honneur d&#8217;accueillir des membres du Ciber Link qui vont nous expliquer leurs&#46;&#46;&#46;<\/p>\n","protected":false},"author":16,"featured_media":8412,"comment_status":"closed","ping_status":"closed","sticky":false,"template":"","format":"standard","meta":{"_acf_changed":false,"_oasis_is_in_workflow":0,"_oasis_original":0,"_uag_custom_page_level_css":"","footnotes":""},"categories":[8],"tags":[],"class_list":["post-8402","post","type-post","status-publish","format-standard","has-post-thumbnail","hentry","category-mardi-doi"],"acf":[],"uagb_featured_image_src":{"full":["https:\/\/oi-paris.com\/wordpress\/wp-content\/uploads\/2018\/11\/H\u00e9l\u00e8ne-L-4.jpg",1620,1080,false],"thumbnail":["https:\/\/oi-paris.com\/wordpress\/wp-content\/uploads\/2018\/11\/H\u00e9l\u00e8ne-L-4-150x150.jpg",150,150,true],"medium":["https:\/\/oi-paris.com\/wordpress\/wp-content\/uploads\/2018\/11\/H\u00e9l\u00e8ne-L-4-300x200.jpg",300,200,true],"medium_large":["https:\/\/oi-paris.com\/wordpress\/wp-content\/uploads\/2018\/11\/H\u00e9l\u00e8ne-L-4-768x512.jpg",768,512,true],"large":["https:\/\/oi-paris.com\/wordpress\/wp-content\/uploads\/2018\/11\/H\u00e9l\u00e8ne-L-4-1024x683.jpg",1024,683,true],"1536x1536":["https:\/\/oi-paris.com\/wordpress\/wp-content\/uploads\/2018\/11\/H\u00e9l\u00e8ne-L-4.jpg",1536,1024,false],"2048x2048":["https:\/\/oi-paris.com\/wordpress\/wp-content\/uploads\/2018\/11\/H\u00e9l\u00e8ne-L-4.jpg",1620,1080,false],"thumb-small":["https:\/\/oi-paris.com\/wordpress\/wp-content\/uploads\/2018\/11\/H\u00e9l\u00e8ne-L-4-160x160.jpg",80,80,true],"thumb-standard":["https:\/\/oi-paris.com\/wordpress\/wp-content\/uploads\/2018\/11\/H\u00e9l\u00e8ne-L-4-320x320.jpg",320,320,true],"thumb-medium":["https:\/\/oi-paris.com\/wordpress\/wp-content\/uploads\/2018\/11\/H\u00e9l\u00e8ne-L-4-520x245.jpg",520,245,true],"thumb-large":["https:\/\/oi-paris.com\/wordpress\/wp-content\/uploads\/2018\/11\/H\u00e9l\u00e8ne-L-4-720x340.jpg",720,340,true],"thumb-xlarge":["https:\/\/oi-paris.com\/wordpress\/wp-content\/uploads\/2018\/11\/H\u00e9l\u00e8ne-L-4-980x450.jpg",980,450,true],"thumb-xxlarge":["https:\/\/oi-paris.com\/wordpress\/wp-content\/uploads\/2018\/11\/H\u00e9l\u00e8ne-L-4-1320x500.jpg",1320,500,true],"mailpoet_newsletter_max":["https:\/\/oi-paris.com\/wordpress\/wp-content\/uploads\/2018\/11\/H\u00e9l\u00e8ne-L-4-1320x880.jpg",1320,880,true]},"uagb_author_info":{"display_name":"Helene Lefelle","author_link":"https:\/\/oi-paris.com\/wordpress\/author\/helene\/"},"uagb_comment_info":0,"uagb_excerpt":"Nous \u00e9tions \u00e0 peu pr\u00e8s une cinquantaine avec de nouveaux adh\u00e9rents. Bienvenue \u00e0 eux. &nbsp; La vie au Club :\u00a0 Nous avons l&#8217;honneur d&#8217;accueillir des membres du Ciber Link qui vont nous expliquer leurs&#46;&#46;&#46;","_links":{"self":[{"href":"https:\/\/oi-paris.com\/wordpress\/wp-json\/wp\/v2\/posts\/8402","targetHints":{"allow":["GET"]}}],"collection":[{"href":"https:\/\/oi-paris.com\/wordpress\/wp-json\/wp\/v2\/posts"}],"about":[{"href":"https:\/\/oi-paris.com\/wordpress\/wp-json\/wp\/v2\/types\/post"}],"author":[{"embeddable":true,"href":"https:\/\/oi-paris.com\/wordpress\/wp-json\/wp\/v2\/users\/16"}],"replies":[{"embeddable":true,"href":"https:\/\/oi-paris.com\/wordpress\/wp-json\/wp\/v2\/comments?post=8402"}],"version-history":[{"count":5,"href":"https:\/\/oi-paris.com\/wordpress\/wp-json\/wp\/v2\/posts\/8402\/revisions"}],"predecessor-version":[{"id":8974,"href":"https:\/\/oi-paris.com\/wordpress\/wp-json\/wp\/v2\/posts\/8402\/revisions\/8974"}],"wp:featuredmedia":[{"embeddable":true,"href":"https:\/\/oi-paris.com\/wordpress\/wp-json\/wp\/v2\/media\/8412"}],"wp:attachment":[{"href":"https:\/\/oi-paris.com\/wordpress\/wp-json\/wp\/v2\/media?parent=8402"}],"wp:term":[{"taxonomy":"category","embeddable":true,"href":"https:\/\/oi-paris.com\/wordpress\/wp-json\/wp\/v2\/categories?post=8402"},{"taxonomy":"post_tag","embeddable":true,"href":"https:\/\/oi-paris.com\/wordpress\/wp-json\/wp\/v2\/tags?post=8402"}],"curies":[{"name":"wp","href":"https:\/\/api.w.org\/{rel}","templated":true}]}}