{"id":8536,"date":"2018-11-18T11:20:00","date_gmt":"2018-11-18T09:20:00","guid":{"rendered":"http:\/\/oi-paris.com\/wordpress\/?p=8536"},"modified":"2018-11-18T01:05:37","modified_gmt":"2018-11-17T23:05:37","slug":"exposition-duo-au-mur-avec-stephane-erviel","status":"publish","type":"post","link":"https:\/\/oi-paris.com\/wordpress\/2018\/11\/18\/exposition-duo-au-mur-avec-stephane-erviel\/","title":{"rendered":"Exposition DUO AU MUR avec St\u00e9phane Erviel"},"content":{"rendered":"<p><a href=\"http:\/\/oi-paris.com\/wordpress\/wp-content\/uploads\/2018\/11\/Affiche_A3_expo-duo-au-mur_final.jpg\" data-rel=\"lightbox-image-0\" data-rl_title=\"\" data-rl_caption=\"\" title=\"\"><img loading=\"lazy\" decoding=\"async\" class=\"aligncenter wp-image-8540 size-large\" src=\"http:\/\/oi-paris.com\/wordpress\/wp-content\/uploads\/2018\/11\/Affiche_A3_expo-duo-au-mur_final-724x1024.jpg\" alt=\"\" width=\"724\" height=\"1024\" srcset=\"https:\/\/oi-paris.com\/wordpress\/wp-content\/uploads\/2018\/11\/Affiche_A3_expo-duo-au-mur_final-724x1024.jpg 724w, https:\/\/oi-paris.com\/wordpress\/wp-content\/uploads\/2018\/11\/Affiche_A3_expo-duo-au-mur_final-212x300.jpg 212w, https:\/\/oi-paris.com\/wordpress\/wp-content\/uploads\/2018\/11\/Affiche_A3_expo-duo-au-mur_final-768x1086.jpg 768w, https:\/\/oi-paris.com\/wordpress\/wp-content\/uploads\/2018\/11\/Affiche_A3_expo-duo-au-mur_final-1320x1867.jpg 1320w\" sizes=\"auto, (max-width: 724px) 100vw, 724px\" \/><\/a><\/p>\n<p><strong>DUO AU MUR<\/strong> est une exposition de photographies et de dessins qui se d\u00e9cline par deux, de dos.. par dos. Ou par paires :<br \/>\nd\u2019\u0153uvres, de mod\u00e8les, de regards. Une exposition du 10 au 16 d\u00e9cembre 2018 inclus, \u00e0 quatre yeux donc, qui vous invite \u00e0 plonger dans deux univers forts d&#8217;artistes que j\u2019ai la chance de c\u00f4toyer et de pr\u00e9senter depuis plusieurs ann\u00e9es.<\/p>\n<p>Ainsi, l\u2019\u0153il photographique de <strong>St\u00e9phane Erviel<\/strong> vous surprendra par son renouvellement et son approche des corps. L&#8217;exposant depuis de nombreuses ann\u00e9es, elle parvient toujours \u00e0 me surprendre. Traitant la ligne, l&#8217;imperfection, d\u2019id\u00e9alement beau, elle brouille les pistes entre ce qui est, doit \u00eatre et est vraiment esth\u00e9tique.<\/p>\n<p>Quant aux \u0153uvres dessin\u00e9es par <strong>Marc Faivre<\/strong>, son trait pr\u00e9cis, d&#8217;inspiration classique mais d\u00e9cid\u00e9ment contemporain, nous offre une s\u00e9lection d&#8217;images fortes, aux lignes empreintes d&#8217;une riche histoire personnelle et artistique.<\/p>\n<p>Souvent avec les m\u00eames mod\u00e8les, les deux artistes abordent diff\u00e9remment leurs \u0153uvres et le sujet pour y croiser des points communs et importants propres \u00e0 leur discipline. Au-del\u00e0 des m\u00e9diums,<br \/>\nleurs regards se croisent pour sonder et approfondir l&#8217;\u00e2me humaine, vue de dos.<br \/>\nHistoires uniques, \u00ab b\u00e2tisses \u00bb aux belles colonnes&#8230; C&#8217;est une exposition d&#8217;art qui ne se prend pas trop au s\u00e9rieux qui vous est pr\u00e9sent\u00e9e l\u00e0.<br \/>\nPointue mais pas du haut d&#8217;un mur inaccessible. Le clou est plant\u00e9, comme un symbole. Les \u0153uvres sont \u00e0 notre port\u00e9e. Plus qu&#8217;un pas pour rencontrer l&#8217;original, l&#8217;artiste, son travail, pour peut \u00eatre trouver un clou bien \u00e0 vous o\u00f9 accrocher \u00ab une belle pr\u00e9sence \u00bb.<\/p>\n<p style=\"text-align: right;\"><strong>Fabian Fischer<\/strong>, fondateur Agence Fabian Fischer<\/p>\n<p><strong>EXPOSITION DU 10 AU 16 D\u00c9CEMBRE 2018<\/strong><br \/>\nGalerie La La Lande, 11 rue Lalande, Paris 14e<br \/>\n<strong>M\u00e9tro<\/strong> Denfert-Rochereau<br \/>\n<strong>Contact<\/strong> : 06 63 88 28 53<br \/>\n<a href=\"mailto:agence.fabianfischer@gmail.com\" target=\"_blank\" rel=\"noopener\">agence.fabianfischer@gmail.com<\/a><br \/>\n<a href=\"http:\/\/www.agence-fabian-fischer.com\" target=\"_blank\" rel=\"noopener\">www.agence-fabian-fischer.com<\/a><\/p>\n","protected":false},"excerpt":{"rendered":"<p>DUO AU MUR est une exposition de photographies et de dessins qui se d\u00e9cline par deux, de dos.. par dos. Ou par paires : d\u2019\u0153uvres, de mod\u00e8les, de regards. Une exposition du 10 au&#46;&#46;&#46;<\/p>\n","protected":false},"author":21,"featured_media":8543,"comment_status":"closed","ping_status":"closed","sticky":false,"template":"","format":"standard","meta":{"_acf_changed":false,"_oasis_is_in_workflow":0,"_oasis_original":0,"_uag_custom_page_level_css":"","footnotes":""},"categories":[5],"tags":[],"class_list":["post-8536","post","type-post","status-publish","format-standard","has-post-thumbnail","hentry","category-exposition"],"acf":[],"uagb_featured_image_src":{"full":["https:\/\/oi-paris.com\/wordpress\/wp-content\/uploads\/2018\/11\/couverture-event.png",1920,1080,false],"thumbnail":["https:\/\/oi-paris.com\/wordpress\/wp-content\/uploads\/2018\/11\/couverture-event-150x150.png",150,150,true],"medium":["https:\/\/oi-paris.com\/wordpress\/wp-content\/uploads\/2018\/11\/couverture-event-300x169.png",300,169,true],"medium_large":["https:\/\/oi-paris.com\/wordpress\/wp-content\/uploads\/2018\/11\/couverture-event-768x432.png",768,432,true],"large":["https:\/\/oi-paris.com\/wordpress\/wp-content\/uploads\/2018\/11\/couverture-event-1024x576.png",1024,576,true],"1536x1536":["https:\/\/oi-paris.com\/wordpress\/wp-content\/uploads\/2018\/11\/couverture-event.png",1536,864,false],"2048x2048":["https:\/\/oi-paris.com\/wordpress\/wp-content\/uploads\/2018\/11\/couverture-event.png",1920,1080,false],"thumb-small":["https:\/\/oi-paris.com\/wordpress\/wp-content\/uploads\/2018\/11\/couverture-event-160x160.png",80,80,true],"thumb-standard":["https:\/\/oi-paris.com\/wordpress\/wp-content\/uploads\/2018\/11\/couverture-event-320x320.png",320,320,true],"thumb-medium":["https:\/\/oi-paris.com\/wordpress\/wp-content\/uploads\/2018\/11\/couverture-event-520x245.png",520,245,true],"thumb-large":["https:\/\/oi-paris.com\/wordpress\/wp-content\/uploads\/2018\/11\/couverture-event-720x340.png",720,340,true],"thumb-xlarge":["https:\/\/oi-paris.com\/wordpress\/wp-content\/uploads\/2018\/11\/couverture-event-980x450.png",980,450,true],"thumb-xxlarge":["https:\/\/oi-paris.com\/wordpress\/wp-content\/uploads\/2018\/11\/couverture-event-1320x500.png",1320,500,true],"mailpoet_newsletter_max":["https:\/\/oi-paris.com\/wordpress\/wp-content\/uploads\/2018\/11\/couverture-event-1320x743.png",1320,743,true]},"uagb_author_info":{"display_name":"Nadir","author_link":"https:\/\/oi-paris.com\/wordpress\/author\/nadir\/"},"uagb_comment_info":0,"uagb_excerpt":"DUO AU MUR est une exposition de photographies et de dessins qui se d\u00e9cline par deux, de dos.. par dos. Ou par paires : d\u2019\u0153uvres, de mod\u00e8les, de regards. Une exposition du 10 au&#46;&#46;&#46;","_links":{"self":[{"href":"https:\/\/oi-paris.com\/wordpress\/wp-json\/wp\/v2\/posts\/8536","targetHints":{"allow":["GET"]}}],"collection":[{"href":"https:\/\/oi-paris.com\/wordpress\/wp-json\/wp\/v2\/posts"}],"about":[{"href":"https:\/\/oi-paris.com\/wordpress\/wp-json\/wp\/v2\/types\/post"}],"author":[{"embeddable":true,"href":"https:\/\/oi-paris.com\/wordpress\/wp-json\/wp\/v2\/users\/21"}],"replies":[{"embeddable":true,"href":"https:\/\/oi-paris.com\/wordpress\/wp-json\/wp\/v2\/comments?post=8536"}],"version-history":[{"count":4,"href":"https:\/\/oi-paris.com\/wordpress\/wp-json\/wp\/v2\/posts\/8536\/revisions"}],"predecessor-version":[{"id":8545,"href":"https:\/\/oi-paris.com\/wordpress\/wp-json\/wp\/v2\/posts\/8536\/revisions\/8545"}],"wp:featuredmedia":[{"embeddable":true,"href":"https:\/\/oi-paris.com\/wordpress\/wp-json\/wp\/v2\/media\/8543"}],"wp:attachment":[{"href":"https:\/\/oi-paris.com\/wordpress\/wp-json\/wp\/v2\/media?parent=8536"}],"wp:term":[{"taxonomy":"category","embeddable":true,"href":"https:\/\/oi-paris.com\/wordpress\/wp-json\/wp\/v2\/categories?post=8536"},{"taxonomy":"post_tag","embeddable":true,"href":"https:\/\/oi-paris.com\/wordpress\/wp-json\/wp\/v2\/tags?post=8536"}],"curies":[{"name":"wp","href":"https:\/\/api.w.org\/{rel}","templated":true}]}}