{"id":8548,"date":"2018-11-19T17:38:12","date_gmt":"2018-11-19T15:38:12","guid":{"rendered":"http:\/\/oi-paris.com\/wordpress\/?p=8548"},"modified":"2018-11-19T18:16:43","modified_gmt":"2018-11-19T16:16:43","slug":"universite-de-la-photo-dauteur","status":"publish","type":"post","link":"https:\/\/oi-paris.com\/wordpress\/2018\/11\/19\/universite-de-la-photo-dauteur\/","title":{"rendered":"Universit\u00e9 de la photo d&#8217;auteur"},"content":{"rendered":"<p><span style=\"color: #000000;\">Contrairement \u00e0 ce qui a \u00e9t\u00e9 pr\u00e9c\u00e9demment annonc\u00e9, l&#8217;universit\u00e9 de la photo d&#8217;auteur, anim\u00e9e par Ricardo et consacr\u00e9e au livre d&#8217;auteur ne d\u00e9butera pas en novembre, mais en janvier 2019.<\/span><\/p>\n<p><span style=\"color: #000000;\">La premi\u00e8re s\u00e9ance aura lieu le 4e mardi de janvier 2019.\u00a0<\/span><\/p>\n<p><span style=\"color: #000000;\">Les pr\u00e9cisions sur le tarif et les modalit\u00e9s d&#8217;inscription seront pr\u00e9sent\u00e9es prochainement. Les personnes int\u00e9ress\u00e9es peuvent n\u00e9anmoins se signaler aupr\u00e8s de Denis.\u00a0<\/span><\/p>\n","protected":false},"excerpt":{"rendered":"<p>Contrairement \u00e0 ce qui a \u00e9t\u00e9 pr\u00e9c\u00e9demment annonc\u00e9, l&#8217;universit\u00e9 de la photo d&#8217;auteur, anim\u00e9e par Ricardo et consacr\u00e9e au livre d&#8217;auteur ne d\u00e9butera pas en novembre, mais en janvier 2019. La premi\u00e8re s\u00e9ance aura&#46;&#46;&#46;<\/p>\n","protected":false},"author":4,"featured_media":8170,"comment_status":"closed","ping_status":"closed","sticky":false,"template":"","format":"standard","meta":{"_acf_changed":false,"_oasis_is_in_workflow":0,"_oasis_original":0,"_uag_custom_page_level_css":"","footnotes":""},"categories":[59],"tags":[],"class_list":["post-8548","post","type-post","status-publish","format-standard","has-post-thumbnail","hentry","category-universite-photo-auteur"],"acf":[],"uagb_featured_image_src":{"full":["https:\/\/oi-paris.com\/wordpress\/wp-content\/uploads\/2018\/09\/Mardi_d_OI.jpg",980,463,false],"thumbnail":["https:\/\/oi-paris.com\/wordpress\/wp-content\/uploads\/2018\/09\/Mardi_d_OI-150x150.jpg",150,150,true],"medium":["https:\/\/oi-paris.com\/wordpress\/wp-content\/uploads\/2018\/09\/Mardi_d_OI-300x142.jpg",300,142,true],"medium_large":["https:\/\/oi-paris.com\/wordpress\/wp-content\/uploads\/2018\/09\/Mardi_d_OI-768x363.jpg",768,363,true],"large":["https:\/\/oi-paris.com\/wordpress\/wp-content\/uploads\/2018\/09\/Mardi_d_OI.jpg",980,463,false],"1536x1536":["https:\/\/oi-paris.com\/wordpress\/wp-content\/uploads\/2018\/09\/Mardi_d_OI.jpg",980,463,false],"2048x2048":["https:\/\/oi-paris.com\/wordpress\/wp-content\/uploads\/2018\/09\/Mardi_d_OI.jpg",980,463,false],"thumb-small":["https:\/\/oi-paris.com\/wordpress\/wp-content\/uploads\/2018\/09\/Mardi_d_OI-160x160.jpg",80,80,true],"thumb-standard":["https:\/\/oi-paris.com\/wordpress\/wp-content\/uploads\/2018\/09\/Mardi_d_OI-320x320.jpg",320,320,true],"thumb-medium":["https:\/\/oi-paris.com\/wordpress\/wp-content\/uploads\/2018\/09\/Mardi_d_OI-520x245.jpg",520,245,true],"thumb-large":["https:\/\/oi-paris.com\/wordpress\/wp-content\/uploads\/2018\/09\/Mardi_d_OI-720x340.jpg",720,340,true],"thumb-xlarge":["https:\/\/oi-paris.com\/wordpress\/wp-content\/uploads\/2018\/09\/Mardi_d_OI-980x450.jpg",980,450,true],"thumb-xxlarge":["https:\/\/oi-paris.com\/wordpress\/wp-content\/uploads\/2018\/09\/Mardi_d_OI.jpg",980,463,false],"mailpoet_newsletter_max":["https:\/\/oi-paris.com\/wordpress\/wp-content\/uploads\/2018\/09\/Mardi_d_OI.jpg",980,463,false]},"uagb_author_info":{"display_name":"Jean Paul Petit","author_link":"https:\/\/oi-paris.com\/wordpress\/author\/jean-paul\/"},"uagb_comment_info":0,"uagb_excerpt":"Contrairement \u00e0 ce qui a \u00e9t\u00e9 pr\u00e9c\u00e9demment annonc\u00e9, l&#8217;universit\u00e9 de la photo d&#8217;auteur, anim\u00e9e par Ricardo et consacr\u00e9e au livre d&#8217;auteur ne d\u00e9butera pas en novembre, mais en janvier 2019. La premi\u00e8re s\u00e9ance aura&#46;&#46;&#46;","_links":{"self":[{"href":"https:\/\/oi-paris.com\/wordpress\/wp-json\/wp\/v2\/posts\/8548","targetHints":{"allow":["GET"]}}],"collection":[{"href":"https:\/\/oi-paris.com\/wordpress\/wp-json\/wp\/v2\/posts"}],"about":[{"href":"https:\/\/oi-paris.com\/wordpress\/wp-json\/wp\/v2\/types\/post"}],"author":[{"embeddable":true,"href":"https:\/\/oi-paris.com\/wordpress\/wp-json\/wp\/v2\/users\/4"}],"replies":[{"embeddable":true,"href":"https:\/\/oi-paris.com\/wordpress\/wp-json\/wp\/v2\/comments?post=8548"}],"version-history":[{"count":1,"href":"https:\/\/oi-paris.com\/wordpress\/wp-json\/wp\/v2\/posts\/8548\/revisions"}],"predecessor-version":[{"id":8549,"href":"https:\/\/oi-paris.com\/wordpress\/wp-json\/wp\/v2\/posts\/8548\/revisions\/8549"}],"wp:featuredmedia":[{"embeddable":true,"href":"https:\/\/oi-paris.com\/wordpress\/wp-json\/wp\/v2\/media\/8170"}],"wp:attachment":[{"href":"https:\/\/oi-paris.com\/wordpress\/wp-json\/wp\/v2\/media?parent=8548"}],"wp:term":[{"taxonomy":"category","embeddable":true,"href":"https:\/\/oi-paris.com\/wordpress\/wp-json\/wp\/v2\/categories?post=8548"},{"taxonomy":"post_tag","embeddable":true,"href":"https:\/\/oi-paris.com\/wordpress\/wp-json\/wp\/v2\/tags?post=8548"}],"curies":[{"name":"wp","href":"https:\/\/api.w.org\/{rel}","templated":true}]}}