{"id":8572,"date":"2018-12-02T11:31:32","date_gmt":"2018-12-02T09:31:32","guid":{"rendered":"http:\/\/oi-paris.com\/wordpress\/?p=8572"},"modified":"2019-01-09T12:33:09","modified_gmt":"2019-01-09T10:33:09","slug":"4-decembre-mardi-photographique-et-oenologique","status":"publish","type":"post","link":"https:\/\/oi-paris.com\/wordpress\/2018\/12\/02\/4-decembre-mardi-photographique-et-oenologique\/","title":{"rendered":"4 d\u00e9cembre : mardi photographique et oenologique"},"content":{"rendered":"<p><span style=\"color: #000000;\">Oui oui, c&#8217;est bien le mardi d&#8217;OI habituel, , mais agr\u00e9ment\u00e9 d&#8217;une d\u00e9gustation&#8230;<\/span><\/p>\n<p><!--more--><\/p>\n<p><strong><span style=\"color: #000000;\"><span style=\"caret-color: #000000;\">Programme\u00a0<\/span><\/span><\/strong><\/p>\n<ul>\n<li><span style=\"color: #000000;\">La vie au club<\/span><\/li>\n<li><span style=\"color: #000000;\">Les expos \u00e0 voir et\/ou \u00a0on se fait une toile ?<\/span><\/li>\n<li><span style=\"color: #000000;\">L&#8217;artiste du mois<\/span><\/li>\n<li><span style=\"color: #000000;\">L&#8217;adh\u00e9rent du mois<\/span><\/li>\n<li><span style=\"color: #000000;\">L&#8217;auberge espagnole<\/span><\/li>\n<li><strong><span style=\"color: #000000;\">Suivi du Beaujolais nouveau<\/span><\/strong><\/li>\n<\/ul>\n<p><strong style=\"color: #000000;\">C&#8217;est quand ?<\/strong><\/p>\n<ul>\n<li><span style=\"color: #000000;\">Mardi 4 d\u00e9cembre 2018<\/span><\/li>\n<\/ul>\n<p><span style=\"color: #000000;\"><strong>C&#8217;est o\u00f9 ?<\/strong><\/span><\/p>\n<ul>\n<li><span style=\"color: #000000;\">8 rue Brillat Savarin \u00a075013 Paris (Salle RC1)<\/span><\/li>\n<\/ul>\n","protected":false},"excerpt":{"rendered":"<p>Oui oui, c&#8217;est bien le mardi d&#8217;OI habituel, , mais agr\u00e9ment\u00e9 d&#8217;une d\u00e9gustation&#8230;<\/p>\n","protected":false},"author":4,"featured_media":0,"comment_status":"closed","ping_status":"closed","sticky":false,"template":"","format":"standard","meta":{"_acf_changed":false,"_oasis_is_in_workflow":0,"_oasis_original":0,"_uag_custom_page_level_css":"","footnotes":""},"categories":[8],"tags":[],"class_list":["post-8572","post","type-post","status-publish","format-standard","hentry","category-mardi-doi"],"acf":[],"uagb_featured_image_src":{"full":false,"thumbnail":false,"medium":false,"medium_large":false,"large":false,"1536x1536":false,"2048x2048":false,"thumb-small":false,"thumb-standard":false,"thumb-medium":false,"thumb-large":false,"thumb-xlarge":false,"thumb-xxlarge":false,"mailpoet_newsletter_max":false},"uagb_author_info":{"display_name":"Jean Paul Petit","author_link":"https:\/\/oi-paris.com\/wordpress\/author\/jean-paul\/"},"uagb_comment_info":0,"uagb_excerpt":"Oui oui, c&#8217;est bien le mardi d&#8217;OI habituel, , mais agr\u00e9ment\u00e9 d&#8217;une d\u00e9gustation&#8230;","_links":{"self":[{"href":"https:\/\/oi-paris.com\/wordpress\/wp-json\/wp\/v2\/posts\/8572","targetHints":{"allow":["GET"]}}],"collection":[{"href":"https:\/\/oi-paris.com\/wordpress\/wp-json\/wp\/v2\/posts"}],"about":[{"href":"https:\/\/oi-paris.com\/wordpress\/wp-json\/wp\/v2\/types\/post"}],"author":[{"embeddable":true,"href":"https:\/\/oi-paris.com\/wordpress\/wp-json\/wp\/v2\/users\/4"}],"replies":[{"embeddable":true,"href":"https:\/\/oi-paris.com\/wordpress\/wp-json\/wp\/v2\/comments?post=8572"}],"version-history":[{"count":3,"href":"https:\/\/oi-paris.com\/wordpress\/wp-json\/wp\/v2\/posts\/8572\/revisions"}],"predecessor-version":[{"id":8576,"href":"https:\/\/oi-paris.com\/wordpress\/wp-json\/wp\/v2\/posts\/8572\/revisions\/8576"}],"wp:attachment":[{"href":"https:\/\/oi-paris.com\/wordpress\/wp-json\/wp\/v2\/media?parent=8572"}],"wp:term":[{"taxonomy":"category","embeddable":true,"href":"https:\/\/oi-paris.com\/wordpress\/wp-json\/wp\/v2\/categories?post=8572"},{"taxonomy":"post_tag","embeddable":true,"href":"https:\/\/oi-paris.com\/wordpress\/wp-json\/wp\/v2\/tags?post=8572"}],"curies":[{"name":"wp","href":"https:\/\/api.w.org\/{rel}","templated":true}]}}