{"id":8587,"date":"2018-12-06T08:59:26","date_gmt":"2018-12-06T06:59:26","guid":{"rendered":"http:\/\/oi-paris.com\/wordpress\/?p=8587"},"modified":"2019-03-05T11:31:52","modified_gmt":"2019-03-05T10:31:52","slug":"le-1er-mardi-du-mois-de-decembre","status":"publish","type":"post","link":"https:\/\/oi-paris.com\/wordpress\/2018\/12\/06\/le-1er-mardi-du-mois-de-decembre\/","title":{"rendered":"Le 1er mardi du mois de D\u00e9cembre"},"content":{"rendered":"<p style=\"text-align: left;\">Pour le dernier 1er mardi d&#8217;OI de l&#8217;ann\u00e9e 2018, nous \u00e9tions un soixantaine d&#8217;adh\u00e9rents.<\/p>\n<p style=\"text-align: left;\">Bienvenue \u00e0 Didier Marc La Rivi\u00e8re, notre nouvel adh\u00e9rent.<\/p>\n<p>&nbsp;<\/p>\n<p><strong>La vie au Club<\/strong><\/p>\n<ul>\n<li>Paul va pr\u00e9senter ses photos infrarouges au mardi technique.<\/li>\n<li>Les autoportraits doivent \u00eatre envoy\u00e9s avant la fin d\u00e9cembre en format pr\u00e9sentation.<\/li>\n<\/ul>\n<p style=\"text-align: center;\">.<img loading=\"lazy\" decoding=\"async\" class=\"alignnone wp-image-8611\" src=\"http:\/\/oi-paris.com\/wordpress\/wp-content\/uploads\/2018\/12\/Miguel-01-Autoportrait-300x300.jpg\" alt=\"\" width=\"466\" height=\"466\" srcset=\"https:\/\/oi-paris.com\/wordpress\/wp-content\/uploads\/2018\/12\/Miguel-01-Autoportrait-300x300.jpg 300w, https:\/\/oi-paris.com\/wordpress\/wp-content\/uploads\/2018\/12\/Miguel-01-Autoportrait-150x150.jpg 150w, https:\/\/oi-paris.com\/wordpress\/wp-content\/uploads\/2018\/12\/Miguel-01-Autoportrait-768x768.jpg 768w, https:\/\/oi-paris.com\/wordpress\/wp-content\/uploads\/2018\/12\/Miguel-01-Autoportrait-1024x1024.jpg 1024w, https:\/\/oi-paris.com\/wordpress\/wp-content\/uploads\/2018\/12\/Miguel-01-Autoportrait-160x160.jpg 160w, https:\/\/oi-paris.com\/wordpress\/wp-content\/uploads\/2018\/12\/Miguel-01-Autoportrait-320x320.jpg 320w, https:\/\/oi-paris.com\/wordpress\/wp-content\/uploads\/2018\/12\/Miguel-01-Autoportrait.jpg 1280w\" sizes=\"auto, (max-width: 466px) 100vw, 466px\" \/><\/p>\n<p>&nbsp;<\/p>\n<ul>\n<li>le 19 Mars se tiendra la conf\u00e9rence de Timothy Hammen sur l&#8217;Urbex.<\/li>\n<li>le 19 janvier, Emmanuel organisera un stage sur la lumi\u00e8re en studio ; les inscriptions se feront aupr\u00e8s de Denis.<\/li>\n<li>Le 4i\u00e8me mardi \u00e9tant le 25 d\u00e9cembre, il n&#8217;y aura pas de soir\u00e9e Diaporama.<\/li>\n<li>Le 1er mardi du mois de janvier 2019 aura lieu le 8 Janvier et tous les mardis de janvier seront d\u00e9cal\u00e9s.<\/li>\n<li>L&#8217;Universit\u00e9 d&#8217;Auteur commencera le 30 Janvier avec Ricardo Bloch dont le sujet sera &#8220;Qu&#8217;est-ce qu&#8217;un livre photo ?&#8221; \u00a0Il y aura 15 personnes maximum et et cela co\u00fbtera entre 50 et 70\u20ac.\u00a0Il y aura 6 sessions.<\/li>\n<\/ul>\n<p><img loading=\"lazy\" decoding=\"async\" class=\"alignnone wp-image-8599 aligncenter\" src=\"http:\/\/oi-paris.com\/wordpress\/wp-content\/uploads\/2018\/12\/@@-UPA004-300x169.jpg\" alt=\"\" width=\"495\" height=\"279\" srcset=\"https:\/\/oi-paris.com\/wordpress\/wp-content\/uploads\/2018\/12\/@@-UPA004-300x169.jpg 300w, https:\/\/oi-paris.com\/wordpress\/wp-content\/uploads\/2018\/12\/@@-UPA004-768x432.jpg 768w, https:\/\/oi-paris.com\/wordpress\/wp-content\/uploads\/2018\/12\/@@-UPA004-1024x576.jpg 1024w, https:\/\/oi-paris.com\/wordpress\/wp-content\/uploads\/2018\/12\/@@-UPA004-1320x743.jpg 1320w, https:\/\/oi-paris.com\/wordpress\/wp-content\/uploads\/2018\/12\/@@-UPA004.jpg 1920w\" sizes=\"auto, (max-width: 495px) 100vw, 495px\" \/><\/p>\n<p><strong>Les expos \u00e0 voir<\/strong><\/p>\n<ul>\n<li>Val\u00e9rie Jouve au Petit Palais.<\/li>\n<li>JR \u00a0&#8221; Momentum, la m\u00e9canique de l&#8217;\u00e9preuve&#8221;\u00e0 la MEP.<\/li>\n<li>Mac Val exposition &#8220;Persona non grata&#8221; \u00e0 Vitry.<\/li>\n<li>Martine Franck \u00e0 la Fondation Cartier-Bresson.<\/li>\n<\/ul>\n<p style=\"text-align: center;\">\n<ul>\n<li>&#8220;La Photographie, arme de classe&#8221; \u00a0au Centre Pompidou.<\/li>\n<li>Pour ceux qui ne l&#8217;ont pas encore vu, Willy Ronis au Pavillon Carr\u00e9 de Baudouin.<\/li>\n<li>&#8220;Cibachromes&#8221; de Toshio Shibata \u00e0 la galerie Polka.<\/li>\n<li>Les Nadar, une l\u00e9gende photographique \u00e0 la BNF.<\/li>\n<li>L&#8217;Oiseleur de Pentti Sammalahti \u00e0 la Camera Obscura.<\/li>\n<li style=\"text-align: left;\">La Zone \u00e0 la Galerie Lumi\u00e8re des Roses \u00e0 Montreuil.<\/li>\n<\/ul>\n<p>&nbsp;<\/p>\n<p><strong>Les Films \u00e0 Voir<\/strong><\/p>\n<ul>\n<li>&#8220;En libert\u00e9&#8221; de Pierre Salvadori avec Ad\u00e8le Haenel et Damien Bonnard.<\/li>\n<li>&#8220;Les Veuves&#8221; de Steve McQueen avec Viola Davis et Michelle Rodriguez.<\/li>\n<\/ul>\n<p>&nbsp;<\/p>\n<p><strong>L&#8217;Artiste Myst\u00e8re<\/strong><\/p>\n<p>Je vous ai pr\u00e9sent\u00e9 un photographe Finlandais Pentti Sammalahti. Grand voyageur, adepte du noir et blanc, son oeuvre est intemporelle, pleine d&#8217;humanit\u00e9, de po\u00e9sie et d&#8217;humour.<\/p>\n<p>&nbsp;<\/p>\n<p>&nbsp;<\/p>\n<p><strong>L&#8217;Auberge Espagnole<\/strong><\/p>\n<ul>\n<li>Andr\u00e9 : 4C<\/li>\n<li>Annie : 4C<\/li>\n<li>Pierre-Emmanuel : 4C<\/li>\n<li>Michel B. : 3C, 1NB<\/li>\n<li>Jean-Pierre Cartier : 3C<\/li>\n<li>Christelle : 4C<\/li>\n<li>Corinne : 4C<\/li>\n<li>Emmanuel V. : 3C, 1NB<\/li>\n<li>Fabien M. : 4NB<\/li>\n<li>Matthieu : 4C<\/li>\n<li>JPP : 4C<\/li>\n<li>Laure : 3C<\/li>\n<li>Miguel : 3C, 1NB<\/li>\n<li>Gilles : 4C<\/li>\n<li>Patrice D. : 2C, 2NB<\/li>\n<li>Pierre Marie : 1 diaporama AP<\/li>\n<li>Marc D. L. : 2C, 2NB<\/li>\n<li>Richard G. : 4 C<\/li>\n<li>Roger D. : 4C<\/li>\n<li>St\u00e9phane : 1NB, 2C<\/li>\n<li>Taraneh : 4C<\/li>\n<li>Corinne : 1 Vid\u00e9o : \u00a0Un jour en Chine<\/li>\n<li>Virginie : 2C, 2NB<\/li>\n<li style=\"text-align: left;\">Yannick J. : 1C, 3NB<\/li>\n<\/ul>\n<p>&nbsp;<\/p>\n<p>Jean-Pierre Cartier a \u00e9t\u00e9 d\u00e9sign\u00e9 pour ses photos de mer et choisira l&#8217;artiste du mois. Bravo !<\/p>\n<p>La soir\u00e9e s&#8217;est termin\u00e9e joyeusement autour du Beaujolais Nouveau.<\/p>\n<p>Je vous souhaite \u00e0 toutes et \u00e0 tous d&#8217;excellentes f\u00eates de fin d&#8217;ann\u00e9e et je vous donne rendez-vous \u00e0 l&#8217;ann\u00e9e prochaine autour de cr\u00eapes.<br \/>\nA bient\u00f4t.<\/p>\n<p>&nbsp;<\/p>\n<p>&nbsp;<\/p>\n<p>&nbsp;<\/p>\n<p>&nbsp;<\/p>\n<p>&nbsp;<\/p>\n","protected":false},"excerpt":{"rendered":"<p>Pour le dernier 1er mardi d&#8217;OI de l&#8217;ann\u00e9e 2018, nous \u00e9tions un soixantaine d&#8217;adh\u00e9rents. Bienvenue \u00e0 Didier Marc La Rivi\u00e8re, notre nouvel adh\u00e9rent. &nbsp; La vie au Club Paul va pr\u00e9senter ses photos infrarouges&#46;&#46;&#46;<\/p>\n","protected":false},"author":16,"featured_media":8598,"comment_status":"closed","ping_status":"closed","sticky":false,"template":"","format":"standard","meta":{"_acf_changed":false,"_oasis_is_in_workflow":0,"_oasis_original":0,"_uag_custom_page_level_css":"","footnotes":""},"categories":[8],"tags":[],"class_list":["post-8587","post","type-post","status-publish","format-standard","has-post-thumbnail","hentry","category-mardi-doi"],"acf":[],"uagb_featured_image_src":{"full":["https:\/\/oi-paris.com\/wordpress\/wp-content\/uploads\/2018\/12\/Cartier-Jean-Pierre-1583.jpg",1920,1080,false],"thumbnail":["https:\/\/oi-paris.com\/wordpress\/wp-content\/uploads\/2018\/12\/Cartier-Jean-Pierre-1583-150x150.jpg",150,150,true],"medium":["https:\/\/oi-paris.com\/wordpress\/wp-content\/uploads\/2018\/12\/Cartier-Jean-Pierre-1583-300x169.jpg",300,169,true],"medium_large":["https:\/\/oi-paris.com\/wordpress\/wp-content\/uploads\/2018\/12\/Cartier-Jean-Pierre-1583-768x432.jpg",768,432,true],"large":["https:\/\/oi-paris.com\/wordpress\/wp-content\/uploads\/2018\/12\/Cartier-Jean-Pierre-1583-1024x576.jpg",1024,576,true],"1536x1536":["https:\/\/oi-paris.com\/wordpress\/wp-content\/uploads\/2018\/12\/Cartier-Jean-Pierre-1583.jpg",1536,864,false],"2048x2048":["https:\/\/oi-paris.com\/wordpress\/wp-content\/uploads\/2018\/12\/Cartier-Jean-Pierre-1583.jpg",1920,1080,false],"thumb-small":["https:\/\/oi-paris.com\/wordpress\/wp-content\/uploads\/2018\/12\/Cartier-Jean-Pierre-1583-160x160.jpg",80,80,true],"thumb-standard":["https:\/\/oi-paris.com\/wordpress\/wp-content\/uploads\/2018\/12\/Cartier-Jean-Pierre-1583-320x320.jpg",320,320,true],"thumb-medium":["https:\/\/oi-paris.com\/wordpress\/wp-content\/uploads\/2018\/12\/Cartier-Jean-Pierre-1583-520x245.jpg",520,245,true],"thumb-large":["https:\/\/oi-paris.com\/wordpress\/wp-content\/uploads\/2018\/12\/Cartier-Jean-Pierre-1583-720x340.jpg",720,340,true],"thumb-xlarge":["https:\/\/oi-paris.com\/wordpress\/wp-content\/uploads\/2018\/12\/Cartier-Jean-Pierre-1583-980x450.jpg",980,450,true],"thumb-xxlarge":["https:\/\/oi-paris.com\/wordpress\/wp-content\/uploads\/2018\/12\/Cartier-Jean-Pierre-1583-1320x500.jpg",1320,500,true],"mailpoet_newsletter_max":["https:\/\/oi-paris.com\/wordpress\/wp-content\/uploads\/2018\/12\/Cartier-Jean-Pierre-1583-1320x743.jpg",1320,743,true]},"uagb_author_info":{"display_name":"Helene Lefelle","author_link":"https:\/\/oi-paris.com\/wordpress\/author\/helene\/"},"uagb_comment_info":0,"uagb_excerpt":"Pour le dernier 1er mardi d&#8217;OI de l&#8217;ann\u00e9e 2018, nous \u00e9tions un soixantaine d&#8217;adh\u00e9rents. Bienvenue \u00e0 Didier Marc La Rivi\u00e8re, notre nouvel adh\u00e9rent. &nbsp; La vie au Club Paul va pr\u00e9senter ses photos infrarouges&#46;&#46;&#46;","_links":{"self":[{"href":"https:\/\/oi-paris.com\/wordpress\/wp-json\/wp\/v2\/posts\/8587","targetHints":{"allow":["GET"]}}],"collection":[{"href":"https:\/\/oi-paris.com\/wordpress\/wp-json\/wp\/v2\/posts"}],"about":[{"href":"https:\/\/oi-paris.com\/wordpress\/wp-json\/wp\/v2\/types\/post"}],"author":[{"embeddable":true,"href":"https:\/\/oi-paris.com\/wordpress\/wp-json\/wp\/v2\/users\/16"}],"replies":[{"embeddable":true,"href":"https:\/\/oi-paris.com\/wordpress\/wp-json\/wp\/v2\/comments?post=8587"}],"version-history":[{"count":5,"href":"https:\/\/oi-paris.com\/wordpress\/wp-json\/wp\/v2\/posts\/8587\/revisions"}],"predecessor-version":[{"id":8972,"href":"https:\/\/oi-paris.com\/wordpress\/wp-json\/wp\/v2\/posts\/8587\/revisions\/8972"}],"wp:featuredmedia":[{"embeddable":true,"href":"https:\/\/oi-paris.com\/wordpress\/wp-json\/wp\/v2\/media\/8598"}],"wp:attachment":[{"href":"https:\/\/oi-paris.com\/wordpress\/wp-json\/wp\/v2\/media?parent=8587"}],"wp:term":[{"taxonomy":"category","embeddable":true,"href":"https:\/\/oi-paris.com\/wordpress\/wp-json\/wp\/v2\/categories?post=8587"},{"taxonomy":"post_tag","embeddable":true,"href":"https:\/\/oi-paris.com\/wordpress\/wp-json\/wp\/v2\/tags?post=8587"}],"curies":[{"name":"wp","href":"https:\/\/api.w.org\/{rel}","templated":true}]}}