{"id":8627,"date":"2018-12-07T12:22:44","date_gmt":"2018-12-07T10:22:44","guid":{"rendered":"http:\/\/oi-paris.com\/wordpress\/?p=8627"},"modified":"2018-12-07T12:22:44","modified_gmt":"2018-12-07T10:22:44","slug":"stage-mise-en-place-lumiere-dun-shooting-studio","status":"publish","type":"post","link":"https:\/\/oi-paris.com\/wordpress\/2018\/12\/07\/stage-mise-en-place-lumiere-dun-shooting-studio\/","title":{"rendered":"Stage \u00ab mise en place lumi\u00e8re d\u2019un shooting studio \u00bb"},"content":{"rendered":"<p><img loading=\"lazy\" decoding=\"async\" class=\"alignnone wp-image-8625 size-medium\" src=\"http:\/\/oi-paris.com\/wordpress\/wp-content\/uploads\/2018\/12\/banniere-19-jan-2019-300x219.jpg\" alt=\"\" width=\"300\" height=\"219\" srcset=\"https:\/\/oi-paris.com\/wordpress\/wp-content\/uploads\/2018\/12\/banniere-19-jan-2019-300x219.jpg 300w, https:\/\/oi-paris.com\/wordpress\/wp-content\/uploads\/2018\/12\/banniere-19-jan-2019-768x561.jpg 768w, https:\/\/oi-paris.com\/wordpress\/wp-content\/uploads\/2018\/12\/banniere-19-jan-2019-1024x748.jpg 1024w, https:\/\/oi-paris.com\/wordpress\/wp-content\/uploads\/2018\/12\/banniere-19-jan-2019-1320x964.jpg 1320w\" sizes=\"auto, (max-width: 300px) 100vw, 300px\" \/><\/p>\n<p><span style=\"color: #000000;\"><strong>Quoi ?<\/strong><\/span><\/p>\n<p><span style=\"color: #000000;\">Stage sur le th\u00e8me \u00ab Comment mettre en place les diff\u00e9rents \u00e9l\u00e9ments <\/span><span style=\"color: #000000;\">d\u2019une prise de vue en studio \u00bb<\/span><br \/>\n<span style=\"color: #000000;\">Etude des modeleurs, \u00e9tude et mise en place de la lumi\u00e8re sur un plateau studio, <\/span><br \/>\n<span style=\"color: #000000;\">theorique le matin, mise en place pratique l&#8217;apres midi (50 -1h mn par stagiaire).<\/span><br \/>\n<span style=\"color: #000000;\">Pensez a une id\u00e9e de r\u00e9alisation pour que nous puissions la r\u00e9aliser.<\/span><\/p>\n<p><strong><span style=\"color: #000000;\">Pour qui ?<\/span><\/strong><\/p>\n<p><span style=\"color: #000000;\">Stage de perfectionnement pour les adh\u00e9rents ayant d\u00e9j\u00e0 re\u00e7u par St\u00e9phane <\/span><br \/>\n<span style=\"color: #000000;\">la formation initiale studio.<\/span><br \/>\n<span style=\"color: #000000;\">Limit\u00e9 \u00e0 4 \/5 personnes (puis liste d\u2019attente)<\/span><\/p>\n<p><span style=\"color: #000000;\">Quand ?<\/span><\/p>\n<p><span style=\"color: #000000;\">Stage le samedi 19 janvier 2019 <\/span><span style=\"color: #000000;\">de 9h30 a 18h<\/span><br \/>\n<span style=\"color: #000000;\">Merci d&#8217;arriver 15mn avant le d\u00e9but du stage.<\/span><\/p>\n<p><strong><span style=\"color: #000000;\">Inscriptions<\/span><\/strong><\/p>\n<ul>\n<li><span style=\"color: #000000;\">Avant le jeudi 17 janvier 2019 \u00e0 18h au secr\u00e9tariat (d\u00e9p\u00f4t du ch\u00e8que obligatoire avant le stage)<\/span><\/li>\n<li><span style=\"color: #000000;\">30 \u20ac \u00e0 l\u2019ordre d\u2019Objectif Image Paris. Le ch\u00e8que valide votre inscription au stage.<\/span><\/li>\n<li><span style=\"color: #000000;\">Envoyer un email (pr\u00e9ciser dans le titre \u00ab cours du 19 janvier \u00bb) \u00e0 Emmanuel (tomanu@free.fr) <\/span><span style=\"color: #000000;\">pour l\u2019informer de votre inscription au stage parall\u00e8lement a votre inscription aupr\u00e8s du secr\u00e9tariat.<\/span><\/li>\n<\/ul>\n<p><strong><span style=\"color: #000000;\">D\u00e9roul\u00e9 du stage <\/span><\/strong><\/p>\n<ul>\n<li><span style=\"color: #000000;\">9h15-9h30 arriv\u00e9 des stagiaires<\/span><\/li>\n<li><span style=\"color: #000000;\">9h30-12h cours th\u00e9orique et rappel de base du studio et ses \u00e9l\u00e9ments<\/span><\/li>\n<li><span style=\"color: #000000;\">12h-13h pause d\u00e9jeuner<\/span><\/li>\n<li><span style=\"color: #000000;\">13h-18h cours pratique<\/span><\/li>\n<li><span style=\"color: #000000;\">Support projection et document papier fournis.<\/span><\/li>\n<li><span style=\"color: #000000;\">Pr\u00e9sence d\u2019une maquilleuse et d&#8217;un mod\u00e8le pour le shooting de l\u2019apr\u00e8s midi.<\/span><\/li>\n<li><span style=\"color: #000000;\">Venez avec votre boitier, notice de celui ci et votre meilleur objectif <span style=\"color: #001000;\">(<\/span><\/span><span style=\"color: #000000;\">id\u00e9alement 85 mm a 120 mm).<\/span><\/li>\n<\/ul>\n<p><strong><span style=\"color: #000000;\">Contacts<\/span><\/strong><\/p>\n<ul>\n<li><span style=\"color: #000000;\">Denis &amp; Bernard au secr\u00e9tariat pour votre inscription et paiement<\/span><\/li>\n<li><span style=\"color: #000000;\">Emmanuel pour toute information compl\u00e9mentaire<\/span><\/li>\n<\/ul>\n","protected":false},"excerpt":{"rendered":"<p>Quoi ? Stage sur le th\u00e8me \u00ab Comment mettre en place les diff\u00e9rents \u00e9l\u00e9ments d\u2019une prise de vue en studio \u00bb Etude des modeleurs, \u00e9tude et mise en place de la lumi\u00e8re sur un&#46;&#46;&#46;<\/p>\n","protected":false},"author":4,"featured_media":8626,"comment_status":"closed","ping_status":"closed","sticky":false,"template":"","format":"standard","meta":{"_acf_changed":false,"_oasis_is_in_workflow":0,"_oasis_original":0,"_uag_custom_page_level_css":"","footnotes":""},"categories":[26,9],"tags":[],"class_list":["post-8627","post","type-post","status-publish","format-standard","has-post-thumbnail","hentry","category-formation","category-photo"],"acf":[],"uagb_featured_image_src":{"full":["https:\/\/oi-paris.com\/wordpress\/wp-content\/uploads\/2018\/12\/stage-19-jan-2019-.jpg",980,463,false],"thumbnail":["https:\/\/oi-paris.com\/wordpress\/wp-content\/uploads\/2018\/12\/stage-19-jan-2019--150x150.jpg",150,150,true],"medium":["https:\/\/oi-paris.com\/wordpress\/wp-content\/uploads\/2018\/12\/stage-19-jan-2019--300x142.jpg",300,142,true],"medium_large":["https:\/\/oi-paris.com\/wordpress\/wp-content\/uploads\/2018\/12\/stage-19-jan-2019--768x363.jpg",768,363,true],"large":["https:\/\/oi-paris.com\/wordpress\/wp-content\/uploads\/2018\/12\/stage-19-jan-2019-.jpg",980,463,false],"1536x1536":["https:\/\/oi-paris.com\/wordpress\/wp-content\/uploads\/2018\/12\/stage-19-jan-2019-.jpg",980,463,false],"2048x2048":["https:\/\/oi-paris.com\/wordpress\/wp-content\/uploads\/2018\/12\/stage-19-jan-2019-.jpg",980,463,false],"thumb-small":["https:\/\/oi-paris.com\/wordpress\/wp-content\/uploads\/2018\/12\/stage-19-jan-2019--160x160.jpg",80,80,true],"thumb-standard":["https:\/\/oi-paris.com\/wordpress\/wp-content\/uploads\/2018\/12\/stage-19-jan-2019--320x320.jpg",320,320,true],"thumb-medium":["https:\/\/oi-paris.com\/wordpress\/wp-content\/uploads\/2018\/12\/stage-19-jan-2019--520x245.jpg",520,245,true],"thumb-large":["https:\/\/oi-paris.com\/wordpress\/wp-content\/uploads\/2018\/12\/stage-19-jan-2019--720x340.jpg",720,340,true],"thumb-xlarge":["https:\/\/oi-paris.com\/wordpress\/wp-content\/uploads\/2018\/12\/stage-19-jan-2019--980x450.jpg",980,450,true],"thumb-xxlarge":["https:\/\/oi-paris.com\/wordpress\/wp-content\/uploads\/2018\/12\/stage-19-jan-2019-.jpg",980,463,false],"mailpoet_newsletter_max":["https:\/\/oi-paris.com\/wordpress\/wp-content\/uploads\/2018\/12\/stage-19-jan-2019-.jpg",980,463,false]},"uagb_author_info":{"display_name":"Jean Paul Petit","author_link":"https:\/\/oi-paris.com\/wordpress\/author\/jean-paul\/"},"uagb_comment_info":0,"uagb_excerpt":"Quoi ? Stage sur le th\u00e8me \u00ab Comment mettre en place les diff\u00e9rents \u00e9l\u00e9ments d\u2019une prise de vue en studio \u00bb Etude des modeleurs, \u00e9tude et mise en place de la lumi\u00e8re sur un&#46;&#46;&#46;","_links":{"self":[{"href":"https:\/\/oi-paris.com\/wordpress\/wp-json\/wp\/v2\/posts\/8627","targetHints":{"allow":["GET"]}}],"collection":[{"href":"https:\/\/oi-paris.com\/wordpress\/wp-json\/wp\/v2\/posts"}],"about":[{"href":"https:\/\/oi-paris.com\/wordpress\/wp-json\/wp\/v2\/types\/post"}],"author":[{"embeddable":true,"href":"https:\/\/oi-paris.com\/wordpress\/wp-json\/wp\/v2\/users\/4"}],"replies":[{"embeddable":true,"href":"https:\/\/oi-paris.com\/wordpress\/wp-json\/wp\/v2\/comments?post=8627"}],"version-history":[{"count":3,"href":"https:\/\/oi-paris.com\/wordpress\/wp-json\/wp\/v2\/posts\/8627\/revisions"}],"predecessor-version":[{"id":8630,"href":"https:\/\/oi-paris.com\/wordpress\/wp-json\/wp\/v2\/posts\/8627\/revisions\/8630"}],"wp:featuredmedia":[{"embeddable":true,"href":"https:\/\/oi-paris.com\/wordpress\/wp-json\/wp\/v2\/media\/8626"}],"wp:attachment":[{"href":"https:\/\/oi-paris.com\/wordpress\/wp-json\/wp\/v2\/media?parent=8627"}],"wp:term":[{"taxonomy":"category","embeddable":true,"href":"https:\/\/oi-paris.com\/wordpress\/wp-json\/wp\/v2\/categories?post=8627"},{"taxonomy":"post_tag","embeddable":true,"href":"https:\/\/oi-paris.com\/wordpress\/wp-json\/wp\/v2\/tags?post=8627"}],"curies":[{"name":"wp","href":"https:\/\/api.w.org\/{rel}","templated":true}]}}