{"id":8799,"date":"2019-02-05T10:39:40","date_gmt":"2019-02-05T08:39:40","guid":{"rendered":"http:\/\/oi-paris.com\/wordpress\/?p=8799"},"modified":"2019-02-05T11:12:51","modified_gmt":"2019-02-05T09:12:51","slug":"salon-photo-de-la-mairie-du-13ieme","status":"publish","type":"post","link":"https:\/\/oi-paris.com\/wordpress\/2019\/02\/05\/salon-photo-de-la-mairie-du-13ieme\/","title":{"rendered":"Salon photo de la mairie du 13ieme"},"content":{"rendered":"<p><span style=\"color: #000000;\">La deuxi\u00e8me \u00e9dition du Salon de la photographie du 13e se tiendra du 10 avril au 30 avril 2019, \u00e0 la Mairie du 13e<\/span><span style=\"color: #000000;\">, sur le th\u00e8me \u00ab Autour d\u2019Elles, Au tour d\u2019Elles \u00bb.<\/span><br \/>\n<span style=\"color: #000000;\">Cette manifestation est organis\u00e9e en partenariat avec Objectif Image Paris IDF,\u00a0<\/span><span style=\"color: #000000;\">Comp\u00e9tence Photo, L\u2019Ecole de l\u2019Image des Gobelins, les centres Paris Anim\u2019<\/span><span style=\"color: #000000;\">Goscinny et Oudin\u00e9, Action coll\u00e9giens Paris.<\/span><br \/>\n<span style=\"color: #000000;\">Vous habitez, travaillez ou concourez \u00e0 la vie culturelle et associative du 13e<\/span><span style=\"color: #000000;\">?<\/span><br \/>\n<span style=\"color: #000000;\">Participez \u00e0 l\u2019exposition !<\/span><br \/>\n<span style=\"color: #000000;\">Chaque auteur peut pr\u00e9senter jusqu\u2019\u00e0 3 photographies, en noir et blanc ou en\u00a0<\/span><span style=\"color: #000000;\">couleurs, \u00e0 envoyer en format num\u00e9rique avant le 28 f\u00e9vrier 2019 \u00e0 l\u2019adresse\u00a0<\/span><span style=\"color: #000000;\">suivante : <a href=\"mailto:concours-mairie13@oi-paris.com\">concours-mairie13@oi-paris.com<\/a><\/span><br \/>\n<span style=\"color: #000000;\">Un jury de professionnels s\u00e9lectionnera les photographies qui seront expos\u00e9es. Les\u00a0<\/span><span style=\"color: #000000;\">clich\u00e9s retenus devront \u00eatre adress\u00e9s \u00e0 la Mairie, 1 place d\u2019Italie, sous marie-louise,\u00a0<\/span><span style=\"color: #000000;\">en format ext\u00e9rieur 40 x 50 cm.<\/span><br \/>\n<span style=\"color: #000000;\">Alors \u00e0 vos appareils !<\/span><br \/>\n<span style=\"color: #000000;\">R\u00e8glement :<\/span>\u00a0<a href=\"http:\/\/oi-paris.com\/wordpress\/wp-content\/uploads\/2019\/02\/REGLEMENT-SALON-DE-LA-PHOTOGRAPHIE-_M13_-2019.pdf\">REGLEMENT SALON DE LA PHOTOGRAPHIE _M13_ 2019<\/a><\/p>\n","protected":false},"excerpt":{"rendered":"<p>La deuxi\u00e8me \u00e9dition du Salon de la photographie du 13e se tiendra du 10 avril au 30 avril 2019, \u00e0 la Mairie du 13e, sur le th\u00e8me \u00ab Autour d\u2019Elles, Au tour d\u2019Elles \u00bb.&#46;&#46;&#46;<\/p>\n","protected":false},"author":1,"featured_media":5757,"comment_status":"closed","ping_status":"closed","sticky":false,"template":"","format":"standard","meta":{"_acf_changed":false,"_oasis_is_in_workflow":0,"_oasis_original":0,"_uag_custom_page_level_css":"","footnotes":""},"categories":[4,9],"tags":[],"class_list":["post-8799","post","type-post","status-publish","format-standard","has-post-thumbnail","hentry","category-concours","category-photo"],"acf":[],"uagb_featured_image_src":{"full":["https:\/\/oi-paris.com\/wordpress\/wp-content\/uploads\/2017\/05\/diable-pierre-emmanuel-beauchaud-oi-paris.jpg",721,1080,false],"thumbnail":["https:\/\/oi-paris.com\/wordpress\/wp-content\/uploads\/2017\/05\/diable-pierre-emmanuel-beauchaud-oi-paris-150x150.jpg",150,150,true],"medium":["https:\/\/oi-paris.com\/wordpress\/wp-content\/uploads\/2017\/05\/diable-pierre-emmanuel-beauchaud-oi-paris-200x300.jpg",200,300,true],"medium_large":["https:\/\/oi-paris.com\/wordpress\/wp-content\/uploads\/2017\/05\/diable-pierre-emmanuel-beauchaud-oi-paris.jpg",721,1080,false],"large":["https:\/\/oi-paris.com\/wordpress\/wp-content\/uploads\/2017\/05\/diable-pierre-emmanuel-beauchaud-oi-paris-684x1024.jpg",684,1024,true],"1536x1536":["https:\/\/oi-paris.com\/wordpress\/wp-content\/uploads\/2017\/05\/diable-pierre-emmanuel-beauchaud-oi-paris.jpg",721,1080,false],"2048x2048":["https:\/\/oi-paris.com\/wordpress\/wp-content\/uploads\/2017\/05\/diable-pierre-emmanuel-beauchaud-oi-paris.jpg",721,1080,false],"thumb-small":["https:\/\/oi-paris.com\/wordpress\/wp-content\/uploads\/2017\/05\/diable-pierre-emmanuel-beauchaud-oi-paris-160x160.jpg",80,80,true],"thumb-standard":["https:\/\/oi-paris.com\/wordpress\/wp-content\/uploads\/2017\/05\/diable-pierre-emmanuel-beauchaud-oi-paris-320x320.jpg",320,320,true],"thumb-medium":["https:\/\/oi-paris.com\/wordpress\/wp-content\/uploads\/2017\/05\/diable-pierre-emmanuel-beauchaud-oi-paris-520x245.jpg",520,245,true],"thumb-large":["https:\/\/oi-paris.com\/wordpress\/wp-content\/uploads\/2017\/05\/diable-pierre-emmanuel-beauchaud-oi-paris-720x340.jpg",720,340,true],"thumb-xlarge":["https:\/\/oi-paris.com\/wordpress\/wp-content\/uploads\/2017\/05\/diable-pierre-emmanuel-beauchaud-oi-paris.jpg",300,450,false],"thumb-xxlarge":["https:\/\/oi-paris.com\/wordpress\/wp-content\/uploads\/2017\/05\/diable-pierre-emmanuel-beauchaud-oi-paris.jpg",334,500,false],"mailpoet_newsletter_max":["https:\/\/oi-paris.com\/wordpress\/wp-content\/uploads\/2017\/05\/diable-pierre-emmanuel-beauchaud-oi-paris.jpg",721,1080,false]},"uagb_author_info":{"display_name":"stephane D","author_link":"https:\/\/oi-paris.com\/wordpress\/author\/stephane\/"},"uagb_comment_info":0,"uagb_excerpt":"La deuxi\u00e8me \u00e9dition du Salon de la photographie du 13e se tiendra du 10 avril au 30 avril 2019, \u00e0 la Mairie du 13e, sur le th\u00e8me \u00ab Autour d\u2019Elles, Au tour d\u2019Elles \u00bb.&#46;&#46;&#46;","_links":{"self":[{"href":"https:\/\/oi-paris.com\/wordpress\/wp-json\/wp\/v2\/posts\/8799","targetHints":{"allow":["GET"]}}],"collection":[{"href":"https:\/\/oi-paris.com\/wordpress\/wp-json\/wp\/v2\/posts"}],"about":[{"href":"https:\/\/oi-paris.com\/wordpress\/wp-json\/wp\/v2\/types\/post"}],"author":[{"embeddable":true,"href":"https:\/\/oi-paris.com\/wordpress\/wp-json\/wp\/v2\/users\/1"}],"replies":[{"embeddable":true,"href":"https:\/\/oi-paris.com\/wordpress\/wp-json\/wp\/v2\/comments?post=8799"}],"version-history":[{"count":2,"href":"https:\/\/oi-paris.com\/wordpress\/wp-json\/wp\/v2\/posts\/8799\/revisions"}],"predecessor-version":[{"id":8803,"href":"https:\/\/oi-paris.com\/wordpress\/wp-json\/wp\/v2\/posts\/8799\/revisions\/8803"}],"wp:featuredmedia":[{"embeddable":true,"href":"https:\/\/oi-paris.com\/wordpress\/wp-json\/wp\/v2\/media\/5757"}],"wp:attachment":[{"href":"https:\/\/oi-paris.com\/wordpress\/wp-json\/wp\/v2\/media?parent=8799"}],"wp:term":[{"taxonomy":"category","embeddable":true,"href":"https:\/\/oi-paris.com\/wordpress\/wp-json\/wp\/v2\/categories?post=8799"},{"taxonomy":"post_tag","embeddable":true,"href":"https:\/\/oi-paris.com\/wordpress\/wp-json\/wp\/v2\/tags?post=8799"}],"curies":[{"name":"wp","href":"https:\/\/api.w.org\/{rel}","templated":true}]}}