{"id":8867,"date":"2019-02-13T11:34:00","date_gmt":"2019-02-13T09:34:00","guid":{"rendered":"http:\/\/oi-paris.com\/wordpress\/?p=8867"},"modified":"2019-02-14T16:19:07","modified_gmt":"2019-02-14T14:19:07","slug":"exposition-humain-dans-le-musee-comment-participer","status":"publish","type":"post","link":"https:\/\/oi-paris.com\/wordpress\/2019\/02\/13\/exposition-humain-dans-le-musee-comment-participer\/","title":{"rendered":"Exposition Humain dans le mus\u00e9e: Comment participer ?"},"content":{"rendered":"<p><span style=\"color: #000000;\">A partir du mardi 10 avril 2019 une exposition\u00a0 aura lieu \u00e0 la mairie du 13ieme dans le cadre du salon photo du 13 ieme arrondissement.\u00a0<\/span><\/p>\n<p><span style=\"color: #000000;\">Le th\u00e8me est:<\/span><\/p>\n<ul>\n<li><span style=\"color: #000000;\">\u00a0l&#8217;humain dans le mus\u00e9e\/exposition<\/span><\/li>\n<\/ul>\n<p><span style=\"color: #000000;\">Une s\u00e9lection d&#8217;une vingtaine de photos seront expos\u00e9es \u00e0 la mairie. Tous les membres peuvent participer. C&#8217;est simple, il faut envoyer un mail \u00e0<\/span>\u00a0<a href=\"mailto:pebeauchaud@free.fr\">Pierre-Emmanuel\u00a0<\/a><span style=\"color: #000000;\">avec vos photos.<\/span><\/p>\n<p><span style=\"color: #000000;\">Voici les r\u00e8gles :<\/span><\/p>\n<ul>\n<li><span style=\"color: #000000;\">Chaque participant.e peut envoyer une \u00e0 deux photos,\u00a0<\/span><\/li>\n<li><span style=\"color: #000000;\">Les photos doivent \u00eatre contenues dans une hauteur de 1080 px et une largeur de 1920 px,<\/span><\/li>\n<li><span style=\"color: #000000;\">Le nommage du fichier doit \u00eatre : pr\u00e9nom-nom-1ou2.jpg,<\/span><\/li>\n<li><span style=\"color: #000000;\">Envoi avant le 28\/02\/2018 \u00e0 23h59.<\/span><\/li>\n<\/ul>\n<p><span style=\"color: #000000;\">La s\u00e9lection sera faite durant le mois de janvier par :<\/span><\/p>\n<ul>\n<li><span style=\"color: #000000;\">Amaury M. ,<\/span><\/li>\n<li><span style=\"color: #000000;\">Annie B. ,<\/span><\/li>\n<li><span style=\"color: #000000;\">Taraneh M. ,<\/span><\/li>\n<\/ul>\n<p><span style=\"color: #000000;\">Soyez imaginatif.ve.s\u00a0 !!<\/span><\/p>\n","protected":false},"excerpt":{"rendered":"<p>A partir du mardi 10 avril 2019 une exposition\u00a0 aura lieu \u00e0 la mairie du 13ieme dans le cadre du salon photo du 13 ieme arrondissement.\u00a0 Le th\u00e8me est: \u00a0l&#8217;humain dans le mus\u00e9e\/exposition Une&#46;&#46;&#46;<\/p>\n","protected":false},"author":1,"featured_media":8869,"comment_status":"closed","ping_status":"closed","sticky":false,"template":"","format":"standard","meta":{"_acf_changed":false,"_oasis_is_in_workflow":0,"_oasis_original":0,"_uag_custom_page_level_css":"","footnotes":""},"categories":[4,5,9],"tags":[],"class_list":["post-8867","post","type-post","status-publish","format-standard","has-post-thumbnail","hentry","category-concours","category-exposition","category-photo"],"acf":[],"uagb_featured_image_src":{"full":["https:\/\/oi-paris.com\/wordpress\/wp-content\/uploads\/2019\/02\/beauchaud-pierre-emmanuel-3.jpg",1618,1080,false],"thumbnail":["https:\/\/oi-paris.com\/wordpress\/wp-content\/uploads\/2019\/02\/beauchaud-pierre-emmanuel-3-150x150.jpg",150,150,true],"medium":["https:\/\/oi-paris.com\/wordpress\/wp-content\/uploads\/2019\/02\/beauchaud-pierre-emmanuel-3-300x200.jpg",300,200,true],"medium_large":["https:\/\/oi-paris.com\/wordpress\/wp-content\/uploads\/2019\/02\/beauchaud-pierre-emmanuel-3-768x513.jpg",768,513,true],"large":["https:\/\/oi-paris.com\/wordpress\/wp-content\/uploads\/2019\/02\/beauchaud-pierre-emmanuel-3-1024x684.jpg",1024,684,true],"1536x1536":["https:\/\/oi-paris.com\/wordpress\/wp-content\/uploads\/2019\/02\/beauchaud-pierre-emmanuel-3.jpg",1536,1025,false],"2048x2048":["https:\/\/oi-paris.com\/wordpress\/wp-content\/uploads\/2019\/02\/beauchaud-pierre-emmanuel-3.jpg",1618,1080,false],"thumb-small":["https:\/\/oi-paris.com\/wordpress\/wp-content\/uploads\/2019\/02\/beauchaud-pierre-emmanuel-3-160x160.jpg",80,80,true],"thumb-standard":["https:\/\/oi-paris.com\/wordpress\/wp-content\/uploads\/2019\/02\/beauchaud-pierre-emmanuel-3-320x320.jpg",320,320,true],"thumb-medium":["https:\/\/oi-paris.com\/wordpress\/wp-content\/uploads\/2019\/02\/beauchaud-pierre-emmanuel-3-520x245.jpg",520,245,true],"thumb-large":["https:\/\/oi-paris.com\/wordpress\/wp-content\/uploads\/2019\/02\/beauchaud-pierre-emmanuel-3-720x340.jpg",720,340,true],"thumb-xlarge":["https:\/\/oi-paris.com\/wordpress\/wp-content\/uploads\/2019\/02\/beauchaud-pierre-emmanuel-3-980x450.jpg",980,450,true],"thumb-xxlarge":["https:\/\/oi-paris.com\/wordpress\/wp-content\/uploads\/2019\/02\/beauchaud-pierre-emmanuel-3-1320x500.jpg",1320,500,true],"mailpoet_newsletter_max":["https:\/\/oi-paris.com\/wordpress\/wp-content\/uploads\/2019\/02\/beauchaud-pierre-emmanuel-3-1320x881.jpg",1320,881,true]},"uagb_author_info":{"display_name":"stephane D","author_link":"https:\/\/oi-paris.com\/wordpress\/author\/stephane\/"},"uagb_comment_info":0,"uagb_excerpt":"A partir du mardi 10 avril 2019 une exposition\u00a0 aura lieu \u00e0 la mairie du 13ieme dans le cadre du salon photo du 13 ieme arrondissement.\u00a0 Le th\u00e8me est: \u00a0l&#8217;humain dans le mus\u00e9e\/exposition Une&#46;&#46;&#46;","_links":{"self":[{"href":"https:\/\/oi-paris.com\/wordpress\/wp-json\/wp\/v2\/posts\/8867","targetHints":{"allow":["GET"]}}],"collection":[{"href":"https:\/\/oi-paris.com\/wordpress\/wp-json\/wp\/v2\/posts"}],"about":[{"href":"https:\/\/oi-paris.com\/wordpress\/wp-json\/wp\/v2\/types\/post"}],"author":[{"embeddable":true,"href":"https:\/\/oi-paris.com\/wordpress\/wp-json\/wp\/v2\/users\/1"}],"replies":[{"embeddable":true,"href":"https:\/\/oi-paris.com\/wordpress\/wp-json\/wp\/v2\/comments?post=8867"}],"version-history":[{"count":5,"href":"https:\/\/oi-paris.com\/wordpress\/wp-json\/wp\/v2\/posts\/8867\/revisions"}],"predecessor-version":[{"id":8901,"href":"https:\/\/oi-paris.com\/wordpress\/wp-json\/wp\/v2\/posts\/8867\/revisions\/8901"}],"wp:featuredmedia":[{"embeddable":true,"href":"https:\/\/oi-paris.com\/wordpress\/wp-json\/wp\/v2\/media\/8869"}],"wp:attachment":[{"href":"https:\/\/oi-paris.com\/wordpress\/wp-json\/wp\/v2\/media?parent=8867"}],"wp:term":[{"taxonomy":"category","embeddable":true,"href":"https:\/\/oi-paris.com\/wordpress\/wp-json\/wp\/v2\/categories?post=8867"},{"taxonomy":"post_tag","embeddable":true,"href":"https:\/\/oi-paris.com\/wordpress\/wp-json\/wp\/v2\/tags?post=8867"}],"curies":[{"name":"wp","href":"https:\/\/api.w.org\/{rel}","templated":true}]}}