{"id":9209,"date":"2019-05-13T08:39:50","date_gmt":"2019-05-13T07:39:50","guid":{"rendered":"http:\/\/oi-paris.com\/wordpress\/?p=9209"},"modified":"2019-05-13T08:42:05","modified_gmt":"2019-05-13T07:42:05","slug":"mardi-technique-de-mai-preparation-au-sna","status":"publish","type":"post","link":"https:\/\/oi-paris.com\/wordpress\/2019\/05\/13\/mardi-technique-de-mai-preparation-au-sna\/","title":{"rendered":"Mardi technique de Mai : Pr\u00e9paration au SNA"},"content":{"rendered":"<h3><a href=\"http:\/\/oi-paris.com\/wordpress\/wp-content\/uploads\/2015\/08\/Photo-carre.jpg\" data-rel=\"lightbox-image-0\" data-rl_title=\"\" data-rl_caption=\"\" title=\"\"><img loading=\"lazy\" decoding=\"async\" class=\"alignnone wp-image-1415 size-thumbnail\" src=\"http:\/\/oi-paris.com\/wordpress\/wp-content\/uploads\/2015\/08\/Photo-carre-150x150.jpg\" alt=\"Photo-carre\" width=\"150\" height=\"150\" srcset=\"https:\/\/oi-paris.com\/wordpress\/wp-content\/uploads\/2015\/08\/Photo-carre-150x150.jpg 150w, https:\/\/oi-paris.com\/wordpress\/wp-content\/uploads\/2015\/08\/Photo-carre-300x300.jpg 300w, https:\/\/oi-paris.com\/wordpress\/wp-content\/uploads\/2015\/08\/Photo-carre-160x160.jpg 160w, https:\/\/oi-paris.com\/wordpress\/wp-content\/uploads\/2015\/08\/Photo-carre-320x320.jpg 320w, https:\/\/oi-paris.com\/wordpress\/wp-content\/uploads\/2015\/08\/Photo-carre.jpg 463w\" sizes=\"auto, (max-width: 150px) 100vw, 150px\" \/><\/a><\/h3>\n<h3><span style=\"color: #000000;\"><strong>La question technique:<\/strong><\/span><\/h3>\n<p>Si vous avez une question technique, n\u2019h\u00e9sitez pas \u00e0 la poser \u00e0\u00a0<span style=\"color: #000000;\"><a href=\"mailto:pebeauchaud@free.fr\">Pierre-Emmanuel\u00a0<\/a><\/span><\/p>\n<p>Vous pouvez aussi venir avec une photo sur laquelle vous avez besoin d&#8217;un avis ou si vous avez une question.<\/p>\n<h3><span style=\"color: #000000;\"><strong>Pr\u00e9paration du Salon d&#8217;auteurs<\/strong><\/span><\/h3>\n<p>Chaque auteur participant doit envoyer une s\u00e9rie compos\u00e9e de cinq images devant former un tout homog\u00e8ne. Il n\u2019y a pas de th\u00e8me impos\u00e9. Un jury s\u00e9lectionne quinze s\u00e9ries et attribue trois prix en fonction de leur qualit\u00e9 et de leur cr\u00e9ativit\u00e9.<br \/>\nLes s\u00e9ries \u00a0sont constitu\u00e9es de 5 surfaces 40\u00d750 cm \u00e0 l\u2019int\u00e9rieur desquelles l\u2019auteur est libre du choix du sujet pr\u00e9sent\u00e9, du proc\u00e9d\u00e9 photographique utilis\u00e9, de la taille et du nombre des images.<br \/>\nAucun th\u00e8me n\u2019est impos\u00e9 mais chaque auteur ne\u00a0peut envoyer qu\u2019une\u00a0seule s\u00e9rie.<\/p>\n<p>Les membres souhaitant participer peuvent apporter leur serie en jpg pour que nous puissions faire une critique. Il faut apporter une s\u00e9rie de 7 \u00e0 8 photos.<\/p>\n<h3><span style=\"color: #000000;\"><strong>Pr\u00e9paration de l&#8217;exposition &#8220;A la campagne&#8221;:<\/strong><\/span><\/h3>\n<p><span style=\"color: #000000;\">A l&#8217;occasion du printemps d&#8217;OI, une exposition aura lieu \u00e0 la maison des associations la seconde quinzaine de mai.\u00a0 Les membres voulant participer, peuvent apporter 3 \u00e0 4 photos sur ce th\u00e8me.<\/span><\/p>\n<h3><span style=\"color: #000000;\"><strong>C&#8217;est o\u00f9 ?<\/strong><\/span><\/h3>\n<p><span style=\"color: #000000;\"><strong>Maison des associations, 8 rue Brillat-Savarin 75013 Paris. (Salle RC1)<\/strong><\/span><\/p>\n<h3><span style=\"color: #000000;\"><strong>C&#8217;est quand ?<\/strong><\/span><\/h3>\n<p><span style=\"color: #000000;\">Mardi 14 Mai 2019 \u00e0 partir de 19h30<\/span><\/p>\n<h3><span style=\"color: #000000;\"><strong>Contacts<\/strong><\/span><\/h3>\n<p><span style=\"color: #000000;\"><a href=\"mailto:pebeauchaud@free.fr\">Pierre-Emmanuel<\/a><\/span><\/p>\n","protected":false},"excerpt":{"rendered":"<p>La question technique: Si vous avez une question technique, n\u2019h\u00e9sitez pas \u00e0 la poser \u00e0\u00a0Pierre-Emmanuel\u00a0 Vous pouvez aussi venir avec une photo sur laquelle vous avez besoin d&#8217;un avis ou si vous avez une&#46;&#46;&#46;<\/p>\n","protected":false},"author":1,"featured_media":5765,"comment_status":"closed","ping_status":"closed","sticky":false,"template":"","format":"standard","meta":{"_acf_changed":false,"_oasis_is_in_workflow":0,"_oasis_original":0,"_uag_custom_page_level_css":"","footnotes":""},"categories":[4,9],"tags":[],"class_list":["post-9209","post","type-post","status-publish","format-standard","has-post-thumbnail","hentry","category-concours","category-photo"],"acf":[],"uagb_featured_image_src":{"full":["https:\/\/oi-paris.com\/wordpress\/wp-content\/uploads\/2017\/05\/TENERIFE-christophe-castejon-OI-Paris.jpg",1731,1080,false],"thumbnail":["https:\/\/oi-paris.com\/wordpress\/wp-content\/uploads\/2017\/05\/TENERIFE-christophe-castejon-OI-Paris-150x150.jpg",150,150,true],"medium":["https:\/\/oi-paris.com\/wordpress\/wp-content\/uploads\/2017\/05\/TENERIFE-christophe-castejon-OI-Paris-300x187.jpg",300,187,true],"medium_large":["https:\/\/oi-paris.com\/wordpress\/wp-content\/uploads\/2017\/05\/TENERIFE-christophe-castejon-OI-Paris-768x479.jpg",768,479,true],"large":["https:\/\/oi-paris.com\/wordpress\/wp-content\/uploads\/2017\/05\/TENERIFE-christophe-castejon-OI-Paris-1024x639.jpg",1024,639,true],"1536x1536":["https:\/\/oi-paris.com\/wordpress\/wp-content\/uploads\/2017\/05\/TENERIFE-christophe-castejon-OI-Paris.jpg",1536,958,false],"2048x2048":["https:\/\/oi-paris.com\/wordpress\/wp-content\/uploads\/2017\/05\/TENERIFE-christophe-castejon-OI-Paris.jpg",1731,1080,false],"thumb-small":["https:\/\/oi-paris.com\/wordpress\/wp-content\/uploads\/2017\/05\/TENERIFE-christophe-castejon-OI-Paris-160x160.jpg",80,80,true],"thumb-standard":["https:\/\/oi-paris.com\/wordpress\/wp-content\/uploads\/2017\/05\/TENERIFE-christophe-castejon-OI-Paris-320x320.jpg",320,320,true],"thumb-medium":["https:\/\/oi-paris.com\/wordpress\/wp-content\/uploads\/2017\/05\/TENERIFE-christophe-castejon-OI-Paris-520x245.jpg",520,245,true],"thumb-large":["https:\/\/oi-paris.com\/wordpress\/wp-content\/uploads\/2017\/05\/TENERIFE-christophe-castejon-OI-Paris-720x340.jpg",720,340,true],"thumb-xlarge":["https:\/\/oi-paris.com\/wordpress\/wp-content\/uploads\/2017\/05\/TENERIFE-christophe-castejon-OI-Paris.jpg",721,450,false],"thumb-xxlarge":["https:\/\/oi-paris.com\/wordpress\/wp-content\/uploads\/2017\/05\/TENERIFE-christophe-castejon-OI-Paris.jpg",801,500,false],"mailpoet_newsletter_max":["https:\/\/oi-paris.com\/wordpress\/wp-content\/uploads\/2017\/05\/TENERIFE-christophe-castejon-OI-Paris.jpg",1320,824,false]},"uagb_author_info":{"display_name":"stephane D","author_link":"https:\/\/oi-paris.com\/wordpress\/author\/stephane\/"},"uagb_comment_info":0,"uagb_excerpt":"La question technique: Si vous avez une question technique, n\u2019h\u00e9sitez pas \u00e0 la poser \u00e0\u00a0Pierre-Emmanuel\u00a0 Vous pouvez aussi venir avec une photo sur laquelle vous avez besoin d&#8217;un avis ou si vous avez une&#46;&#46;&#46;","_links":{"self":[{"href":"https:\/\/oi-paris.com\/wordpress\/wp-json\/wp\/v2\/posts\/9209","targetHints":{"allow":["GET"]}}],"collection":[{"href":"https:\/\/oi-paris.com\/wordpress\/wp-json\/wp\/v2\/posts"}],"about":[{"href":"https:\/\/oi-paris.com\/wordpress\/wp-json\/wp\/v2\/types\/post"}],"author":[{"embeddable":true,"href":"https:\/\/oi-paris.com\/wordpress\/wp-json\/wp\/v2\/users\/1"}],"replies":[{"embeddable":true,"href":"https:\/\/oi-paris.com\/wordpress\/wp-json\/wp\/v2\/comments?post=9209"}],"version-history":[{"count":1,"href":"https:\/\/oi-paris.com\/wordpress\/wp-json\/wp\/v2\/posts\/9209\/revisions"}],"predecessor-version":[{"id":9215,"href":"https:\/\/oi-paris.com\/wordpress\/wp-json\/wp\/v2\/posts\/9209\/revisions\/9215"}],"wp:featuredmedia":[{"embeddable":true,"href":"https:\/\/oi-paris.com\/wordpress\/wp-json\/wp\/v2\/media\/5765"}],"wp:attachment":[{"href":"https:\/\/oi-paris.com\/wordpress\/wp-json\/wp\/v2\/media?parent=9209"}],"wp:term":[{"taxonomy":"category","embeddable":true,"href":"https:\/\/oi-paris.com\/wordpress\/wp-json\/wp\/v2\/categories?post=9209"},{"taxonomy":"post_tag","embeddable":true,"href":"https:\/\/oi-paris.com\/wordpress\/wp-json\/wp\/v2\/tags?post=9209"}],"curies":[{"name":"wp","href":"https:\/\/api.w.org\/{rel}","templated":true}]}}