{"id":9465,"date":"2019-09-04T16:28:02","date_gmt":"2019-09-04T15:28:02","guid":{"rendered":"http:\/\/oi-paris.com\/wordpress\/?p=9465"},"modified":"2019-09-05T18:51:36","modified_gmt":"2019-09-05T17:51:36","slug":"stage-studio-mystere-pour-photographe-experts","status":"publish","type":"post","link":"https:\/\/oi-paris.com\/wordpress\/2019\/09\/04\/stage-studio-mystere-pour-photographe-experts\/","title":{"rendered":"Stage Studio Myst\u00e8re (pour photographes experts)"},"content":{"rendered":"<p><span style=\"font-size: 18pt;\"><strong>Stage \u00ab Studio Myst\u00e8re\u00bb le 26 oct 2019<\/strong><\/span><\/p>\n<p><strong>Quoi :<\/strong><br \/>\n<strong>=====<\/strong><br \/>\nStage nouvelle formule : apr\u00e8s deux ans de stage sur le th\u00e8me \u00ab Comment mettre en place les diff\u00e9rents \u00e9l\u00e9ments d\u2019une prise de vue en studio \u00bb<br \/>\nla saison d\u00e9marre sur une nouvelle formule. A partir de maintenant, un th\u00e8me impos\u00e9 sera propos\u00e9 aux stagiaires. Afin de pimenter la cr\u00e9ativit\u00e9, le th\u00e8me et le mat\u00e9riel \u00e0 utiliser seront communiqu\u00e9s la veille par email !<br \/>\nBonne chance!!!<\/p>\n<p><img loading=\"lazy\" decoding=\"async\" class=\"alignnone size-medium wp-image-9473\" src=\"http:\/\/oi-paris.com\/wordpress\/wp-content\/uploads\/2019\/09\/OIPARIS-STAGE-OCT-02-300x200.jpg\" alt=\"\" width=\"300\" height=\"200\" srcset=\"https:\/\/oi-paris.com\/wordpress\/wp-content\/uploads\/2019\/09\/OIPARIS-STAGE-OCT-02-300x200.jpg 300w, https:\/\/oi-paris.com\/wordpress\/wp-content\/uploads\/2019\/09\/OIPARIS-STAGE-OCT-02-768x512.jpg 768w, https:\/\/oi-paris.com\/wordpress\/wp-content\/uploads\/2019\/09\/OIPARIS-STAGE-OCT-02-1024x683.jpg 1024w, https:\/\/oi-paris.com\/wordpress\/wp-content\/uploads\/2019\/09\/OIPARIS-STAGE-OCT-02.jpg 1280w\" sizes=\"auto, (max-width: 300px) 100vw, 300px\" \/><\/p>\n<p>&nbsp;<\/p>\n<p><strong>Pour qui :<\/strong><br \/>\n=========<br \/>\nStage de perfectionnement pour <strong>les adh\u00e9rents ayant d\u00e9j\u00e0 une connaissance de l\u2019\u00e9clairage studio.<\/strong><br \/>\nLimit\u00e9 \u00e0 <strong>4 personnes<\/strong> (puis liste d\u2019attente).<\/p>\n<p><strong>Quand :<\/strong><br \/>\n======<\/p>\n<p>Le samedi<strong> 26 oct 2019 de 9h15 \u00e0 18h.<\/strong><br \/>\nMerci d&#8217;arriver \u00e0 l&#8217; heure pour le stage.<\/p>\n<p><img loading=\"lazy\" decoding=\"async\" class=\"alignnone size-medium wp-image-9472\" src=\"http:\/\/oi-paris.com\/wordpress\/wp-content\/uploads\/2019\/09\/OIPARIS-STAGE-OCT-01-300x200.jpg\" alt=\"\" width=\"300\" height=\"200\" srcset=\"https:\/\/oi-paris.com\/wordpress\/wp-content\/uploads\/2019\/09\/OIPARIS-STAGE-OCT-01-300x200.jpg 300w, https:\/\/oi-paris.com\/wordpress\/wp-content\/uploads\/2019\/09\/OIPARIS-STAGE-OCT-01-768x512.jpg 768w, https:\/\/oi-paris.com\/wordpress\/wp-content\/uploads\/2019\/09\/OIPARIS-STAGE-OCT-01-1024x683.jpg 1024w, https:\/\/oi-paris.com\/wordpress\/wp-content\/uploads\/2019\/09\/OIPARIS-STAGE-OCT-01.jpg 1280w\" sizes=\"auto, (max-width: 300px) 100vw, 300px\" \/><\/p>\n<p><strong>Inscription :<\/strong><br \/>\n=============<br \/>\n<strong>Avant le vendredi 18 octobre 12h<\/strong> au secr\u00e9tariat.<br \/>\nMerci de d\u00e9poser un ch\u00e8que de <strong>30 \u20ac \u00e0 l\u2019ordre d\u2019Objectif Image Paris<\/strong> avant le stage (seul le ch\u00e8que valide votre inscription).<br \/>\nN&#8217;oubliez pas d&#8217;indiquer votre email pour recevoir la veille du stage les informations n\u00e9cessaires.<\/p>\n<p><strong>D\u00e9roul\u00e9 du stage :<\/strong><br \/>\n=================<br \/>\n9h15 &#8211; 9h30 : arriv\u00e9e des stagiaires<br \/>\n9h30 &#8211; 10h : mise en place sur plan de votre plan d\u2019\u00e9clairage<br \/>\n10h &#8211; 12h : \u00e9tude de cas de deux stagiaires<br \/>\n14h &#8211; 16h : \u00e9tude de cas des deux autres stagiaires<br \/>\n16h &#8211; 18h : regard et \u00e9tude des r\u00e9sultats<\/p>\n<p>Pause d\u00e9jeuner :\u00a0 12h-14h<\/p>\n<p>Une maquilleuse et une mod\u00e8le seront pr\u00e9sentes pour le shooting de la journ\u00e9e.<\/p>\n<p>Venez avec votre boitier (notice de celui-ci) et votre meilleur objectif (id\u00e9alement 85 mm \u00e0 120 mm)!<\/p>\n<p><img loading=\"lazy\" decoding=\"async\" class=\"alignnone size-medium wp-image-9474\" src=\"http:\/\/oi-paris.com\/wordpress\/wp-content\/uploads\/2019\/09\/OIPARIS-STAGE-OCT-03-300x200.jpg\" alt=\"\" width=\"300\" height=\"200\" srcset=\"https:\/\/oi-paris.com\/wordpress\/wp-content\/uploads\/2019\/09\/OIPARIS-STAGE-OCT-03-300x200.jpg 300w, https:\/\/oi-paris.com\/wordpress\/wp-content\/uploads\/2019\/09\/OIPARIS-STAGE-OCT-03-768x512.jpg 768w, https:\/\/oi-paris.com\/wordpress\/wp-content\/uploads\/2019\/09\/OIPARIS-STAGE-OCT-03-1024x683.jpg 1024w, https:\/\/oi-paris.com\/wordpress\/wp-content\/uploads\/2019\/09\/OIPARIS-STAGE-OCT-03.jpg 1280w\" sizes=\"auto, (max-width: 300px) 100vw, 300px\" \/><\/p>\n<p>Contact :<br \/>\n========<\/p>\n<p><strong>Denis<\/strong> au secr\u00e9tariat pour votre <strong>inscription<\/strong> et votre <strong>paiement<\/strong>.<br \/>\n<strong>Emmanuel<\/strong> pour toute <strong>information compl\u00e9mentaire<\/strong>.<\/p>\n<p><img loading=\"lazy\" decoding=\"async\" class=\"alignnone size-medium wp-image-9475\" src=\"http:\/\/oi-paris.com\/wordpress\/wp-content\/uploads\/2019\/09\/OIPARIS-STAGE-OCT-04-300x200.jpg\" alt=\"\" width=\"300\" height=\"200\" srcset=\"https:\/\/oi-paris.com\/wordpress\/wp-content\/uploads\/2019\/09\/OIPARIS-STAGE-OCT-04-300x200.jpg 300w, https:\/\/oi-paris.com\/wordpress\/wp-content\/uploads\/2019\/09\/OIPARIS-STAGE-OCT-04-768x512.jpg 768w, https:\/\/oi-paris.com\/wordpress\/wp-content\/uploads\/2019\/09\/OIPARIS-STAGE-OCT-04-1024x683.jpg 1024w, https:\/\/oi-paris.com\/wordpress\/wp-content\/uploads\/2019\/09\/OIPARIS-STAGE-OCT-04.jpg 1280w\" sizes=\"auto, (max-width: 300px) 100vw, 300px\" \/><\/p>\n","protected":false},"excerpt":{"rendered":"<p>Stage \u00ab Studio Myst\u00e8re\u00bb le 26 oct 2019 Quoi : ===== Stage nouvelle formule : apr\u00e8s deux ans de stage sur le th\u00e8me \u00ab Comment mettre en place les diff\u00e9rents \u00e9l\u00e9ments d\u2019une prise de&#46;&#46;&#46;<\/p>\n","protected":false},"author":1,"featured_media":9470,"comment_status":"closed","ping_status":"closed","sticky":false,"template":"","format":"standard","meta":{"_acf_changed":false,"_oasis_is_in_workflow":0,"_oasis_original":0,"_uag_custom_page_level_css":"","footnotes":""},"categories":[26,9],"tags":[],"class_list":["post-9465","post","type-post","status-publish","format-standard","has-post-thumbnail","hentry","category-formation","category-photo"],"acf":[],"uagb_featured_image_src":{"full":["https:\/\/oi-paris.com\/wordpress\/wp-content\/uploads\/2019\/09\/OIPARIS-OCT-2019-BANNIERE-site-oip-.jpg",1280,605,false],"thumbnail":["https:\/\/oi-paris.com\/wordpress\/wp-content\/uploads\/2019\/09\/OIPARIS-OCT-2019-BANNIERE-site-oip--150x150.jpg",150,150,true],"medium":["https:\/\/oi-paris.com\/wordpress\/wp-content\/uploads\/2019\/09\/OIPARIS-OCT-2019-BANNIERE-site-oip--300x142.jpg",300,142,true],"medium_large":["https:\/\/oi-paris.com\/wordpress\/wp-content\/uploads\/2019\/09\/OIPARIS-OCT-2019-BANNIERE-site-oip--768x363.jpg",768,363,true],"large":["https:\/\/oi-paris.com\/wordpress\/wp-content\/uploads\/2019\/09\/OIPARIS-OCT-2019-BANNIERE-site-oip--1024x484.jpg",1024,484,true],"1536x1536":["https:\/\/oi-paris.com\/wordpress\/wp-content\/uploads\/2019\/09\/OIPARIS-OCT-2019-BANNIERE-site-oip-.jpg",1280,605,false],"2048x2048":["https:\/\/oi-paris.com\/wordpress\/wp-content\/uploads\/2019\/09\/OIPARIS-OCT-2019-BANNIERE-site-oip-.jpg",1280,605,false],"thumb-small":["https:\/\/oi-paris.com\/wordpress\/wp-content\/uploads\/2019\/09\/OIPARIS-OCT-2019-BANNIERE-site-oip--160x160.jpg",80,80,true],"thumb-standard":["https:\/\/oi-paris.com\/wordpress\/wp-content\/uploads\/2019\/09\/OIPARIS-OCT-2019-BANNIERE-site-oip--320x320.jpg",320,320,true],"thumb-medium":["https:\/\/oi-paris.com\/wordpress\/wp-content\/uploads\/2019\/09\/OIPARIS-OCT-2019-BANNIERE-site-oip--520x245.jpg",520,245,true],"thumb-large":["https:\/\/oi-paris.com\/wordpress\/wp-content\/uploads\/2019\/09\/OIPARIS-OCT-2019-BANNIERE-site-oip--720x340.jpg",720,340,true],"thumb-xlarge":["https:\/\/oi-paris.com\/wordpress\/wp-content\/uploads\/2019\/09\/OIPARIS-OCT-2019-BANNIERE-site-oip--980x450.jpg",980,450,true],"thumb-xxlarge":["https:\/\/oi-paris.com\/wordpress\/wp-content\/uploads\/2019\/09\/OIPARIS-OCT-2019-BANNIERE-site-oip--1280x500.jpg",1280,500,true],"mailpoet_newsletter_max":["https:\/\/oi-paris.com\/wordpress\/wp-content\/uploads\/2019\/09\/OIPARIS-OCT-2019-BANNIERE-site-oip-.jpg",1280,605,false]},"uagb_author_info":{"display_name":"stephane D","author_link":"https:\/\/oi-paris.com\/wordpress\/author\/stephane\/"},"uagb_comment_info":0,"uagb_excerpt":"Stage \u00ab Studio Myst\u00e8re\u00bb le 26 oct 2019 Quoi : ===== Stage nouvelle formule : apr\u00e8s deux ans de stage sur le th\u00e8me \u00ab Comment mettre en place les diff\u00e9rents \u00e9l\u00e9ments d\u2019une prise de&#46;&#46;&#46;","_links":{"self":[{"href":"https:\/\/oi-paris.com\/wordpress\/wp-json\/wp\/v2\/posts\/9465","targetHints":{"allow":["GET"]}}],"collection":[{"href":"https:\/\/oi-paris.com\/wordpress\/wp-json\/wp\/v2\/posts"}],"about":[{"href":"https:\/\/oi-paris.com\/wordpress\/wp-json\/wp\/v2\/types\/post"}],"author":[{"embeddable":true,"href":"https:\/\/oi-paris.com\/wordpress\/wp-json\/wp\/v2\/users\/1"}],"replies":[{"embeddable":true,"href":"https:\/\/oi-paris.com\/wordpress\/wp-json\/wp\/v2\/comments?post=9465"}],"version-history":[{"count":7,"href":"https:\/\/oi-paris.com\/wordpress\/wp-json\/wp\/v2\/posts\/9465\/revisions"}],"predecessor-version":[{"id":9484,"href":"https:\/\/oi-paris.com\/wordpress\/wp-json\/wp\/v2\/posts\/9465\/revisions\/9484"}],"wp:featuredmedia":[{"embeddable":true,"href":"https:\/\/oi-paris.com\/wordpress\/wp-json\/wp\/v2\/media\/9470"}],"wp:attachment":[{"href":"https:\/\/oi-paris.com\/wordpress\/wp-json\/wp\/v2\/media?parent=9465"}],"wp:term":[{"taxonomy":"category","embeddable":true,"href":"https:\/\/oi-paris.com\/wordpress\/wp-json\/wp\/v2\/categories?post=9465"},{"taxonomy":"post_tag","embeddable":true,"href":"https:\/\/oi-paris.com\/wordpress\/wp-json\/wp\/v2\/tags?post=9465"}],"curies":[{"name":"wp","href":"https:\/\/api.w.org\/{rel}","templated":true}]}}