{"id":9908,"date":"2020-01-16T09:18:00","date_gmt":"2020-01-16T08:18:00","guid":{"rendered":"https:\/\/oi-paris.com\/wordpress\/?p=9908"},"modified":"2020-01-16T09:21:34","modified_gmt":"2020-01-16T08:21:34","slug":"stage-photoshop","status":"publish","type":"post","link":"https:\/\/oi-paris.com\/wordpress\/2020\/01\/16\/stage-photoshop\/","title":{"rendered":"Stage Photoshop"},"content":{"rendered":"<div><\/div>\n<div><img loading=\"lazy\" decoding=\"async\" class=\"alignnone wp-image-9909 size-full\" src=\"https:\/\/oi-paris.com\/wordpress\/wp-content\/uploads\/2020\/01\/Stage.jpg\" alt=\"\" width=\"400\" height=\"267\" srcset=\"https:\/\/oi-paris.com\/wordpress\/wp-content\/uploads\/2020\/01\/Stage.jpg 400w, https:\/\/oi-paris.com\/wordpress\/wp-content\/uploads\/2020\/01\/Stage-300x200.jpg 300w\" sizes=\"auto, (max-width: 400px) 100vw, 400px\" \/><\/div>\n<div><\/div>\n<div>Gilles Renault propose d&#8217;aborder les <strong>calques et les masques<\/strong> avec <strong>Photoshop<\/strong> :<\/div>\n<div><\/div>\n<div>Samedi<strong> 8 f\u00e9vrier<\/strong> de<strong> 9h30<\/strong> jusqu&#8217;\u00e0 <strong>17h30<\/strong>.<\/div>\n<div>Le stage se d\u00e9roule en <strong>salle RC1<\/strong><\/div>\n<div>8 rue Brillat &#8211; Savarin 75013 Paris.<\/div>\n<div><\/div>\n<div>Il est n\u00e9cessaire de disposer d&#8217;un <strong>ordinateur portable avec Photoshop<\/strong>.<\/div>\n<div><\/div>\n<div>Les <strong>inscriptions<\/strong> se font <strong>aupr\u00e8s de Denis.<\/strong><\/div>\n","protected":false},"excerpt":{"rendered":"<p>Gilles Renault propose d&#8217;aborder les calques et les masques avec Photoshop : Samedi 8 f\u00e9vrier de 9h30 jusqu&#8217;\u00e0 17h30. Le stage se d\u00e9roule en salle RC1 8 rue Brillat &#8211; Savarin 75013 Paris. Il&#46;&#46;&#46;<\/p>\n","protected":false},"author":29,"featured_media":9909,"comment_status":"closed","ping_status":"closed","sticky":false,"template":"","format":"standard","meta":{"_acf_changed":false,"_oasis_is_in_workflow":0,"_oasis_original":0,"_uag_custom_page_level_css":"","footnotes":""},"categories":[26],"tags":[],"class_list":["post-9908","post","type-post","status-publish","format-standard","has-post-thumbnail","hentry","category-formation"],"acf":[],"uagb_featured_image_src":{"full":["https:\/\/oi-paris.com\/wordpress\/wp-content\/uploads\/2020\/01\/Stage.jpg",400,267,false],"thumbnail":["https:\/\/oi-paris.com\/wordpress\/wp-content\/uploads\/2020\/01\/Stage-150x150.jpg",150,150,true],"medium":["https:\/\/oi-paris.com\/wordpress\/wp-content\/uploads\/2020\/01\/Stage-300x200.jpg",300,200,true],"medium_large":["https:\/\/oi-paris.com\/wordpress\/wp-content\/uploads\/2020\/01\/Stage.jpg",400,267,false],"large":["https:\/\/oi-paris.com\/wordpress\/wp-content\/uploads\/2020\/01\/Stage.jpg",400,267,false],"1536x1536":["https:\/\/oi-paris.com\/wordpress\/wp-content\/uploads\/2020\/01\/Stage.jpg",400,267,false],"2048x2048":["https:\/\/oi-paris.com\/wordpress\/wp-content\/uploads\/2020\/01\/Stage.jpg",400,267,false],"thumb-small":["https:\/\/oi-paris.com\/wordpress\/wp-content\/uploads\/2020\/01\/Stage-160x160.jpg",80,80,true],"thumb-standard":["https:\/\/oi-paris.com\/wordpress\/wp-content\/uploads\/2020\/01\/Stage-320x267.jpg",320,267,true],"thumb-medium":["https:\/\/oi-paris.com\/wordpress\/wp-content\/uploads\/2020\/01\/Stage-400x245.jpg",400,245,true],"thumb-large":["https:\/\/oi-paris.com\/wordpress\/wp-content\/uploads\/2020\/01\/Stage.jpg",400,267,false],"thumb-xlarge":["https:\/\/oi-paris.com\/wordpress\/wp-content\/uploads\/2020\/01\/Stage.jpg",400,267,false],"thumb-xxlarge":["https:\/\/oi-paris.com\/wordpress\/wp-content\/uploads\/2020\/01\/Stage.jpg",400,267,false],"mailpoet_newsletter_max":["https:\/\/oi-paris.com\/wordpress\/wp-content\/uploads\/2020\/01\/Stage.jpg",400,267,false]},"uagb_author_info":{"display_name":"Corinne Cominelli","author_link":"https:\/\/oi-paris.com\/wordpress\/author\/corinne-cominelli\/"},"uagb_comment_info":0,"uagb_excerpt":"Gilles Renault propose d&#8217;aborder les calques et les masques avec Photoshop : Samedi 8 f\u00e9vrier de 9h30 jusqu&#8217;\u00e0 17h30. Le stage se d\u00e9roule en salle RC1 8 rue Brillat &#8211; Savarin 75013 Paris. Il&#46;&#46;&#46;","_links":{"self":[{"href":"https:\/\/oi-paris.com\/wordpress\/wp-json\/wp\/v2\/posts\/9908","targetHints":{"allow":["GET"]}}],"collection":[{"href":"https:\/\/oi-paris.com\/wordpress\/wp-json\/wp\/v2\/posts"}],"about":[{"href":"https:\/\/oi-paris.com\/wordpress\/wp-json\/wp\/v2\/types\/post"}],"author":[{"embeddable":true,"href":"https:\/\/oi-paris.com\/wordpress\/wp-json\/wp\/v2\/users\/29"}],"replies":[{"embeddable":true,"href":"https:\/\/oi-paris.com\/wordpress\/wp-json\/wp\/v2\/comments?post=9908"}],"version-history":[{"count":6,"href":"https:\/\/oi-paris.com\/wordpress\/wp-json\/wp\/v2\/posts\/9908\/revisions"}],"predecessor-version":[{"id":9918,"href":"https:\/\/oi-paris.com\/wordpress\/wp-json\/wp\/v2\/posts\/9908\/revisions\/9918"}],"wp:featuredmedia":[{"embeddable":true,"href":"https:\/\/oi-paris.com\/wordpress\/wp-json\/wp\/v2\/media\/9909"}],"wp:attachment":[{"href":"https:\/\/oi-paris.com\/wordpress\/wp-json\/wp\/v2\/media?parent=9908"}],"wp:term":[{"taxonomy":"category","embeddable":true,"href":"https:\/\/oi-paris.com\/wordpress\/wp-json\/wp\/v2\/categories?post=9908"},{"taxonomy":"post_tag","embeddable":true,"href":"https:\/\/oi-paris.com\/wordpress\/wp-json\/wp\/v2\/tags?post=9908"}],"curies":[{"name":"wp","href":"https:\/\/api.w.org\/{rel}","templated":true}]}}