{"id":9919,"date":"2020-01-17T15:57:00","date_gmt":"2020-01-17T14:57:00","guid":{"rendered":"https:\/\/oi-paris.com\/wordpress\/?p=9919"},"modified":"2020-06-11T19:59:00","modified_gmt":"2020-06-11T18:59:00","slug":"sortie-photo-du-1er-fevrier-2020","status":"publish","type":"post","link":"https:\/\/oi-paris.com\/wordpress\/2020\/01\/17\/sortie-photo-du-1er-fevrier-2020\/","title":{"rendered":"Sortie photo du 1er f\u00e9vrier 2020"},"content":{"rendered":"<p>Je vous propose de nous retrouver le samedi 1er f\u00e9vrier 2020 \u00e0 14h pour une promenade photographique sur la coul\u00e9e verte Ren\u00e9 Dumont \u00e0 Paris.<br \/>\nCette promenade originale qui s\u2019\u00e9tend de la Bastille au bois de Vincennes, nous transporte tant\u00f4t dans les airs tant\u00f4t sous terre. Sa conception unique fait passer de viaduc en passerelle, de tunnel en tranch\u00e9e, \u00e0 travers l\u2019Est de Paris.<br \/>\nElle a \u00e9t\u00e9 cr\u00e9\u00e9e en 1988 par Philippe Mathieux et Jacques Vergely, \u00e0 l\u2019emplacement de l\u2019ancienne ligne de chemin de fer qui reliait depuis 1859 la place de la Bastille \u00e0 la Varenne-Saint-Maur. D\u00e9saffect\u00e9e en 1969, elle a laiss\u00e9 la place \u00e0 une succession de jardins diss\u00e9min\u00e9s sur 4,5 kilom\u00e8tres : Hector Malot, Reuilly, gare de Reuilly, Charles-Peguy.<br \/>\nNous nous retrouverons<strong> 14h \u00e0 l&#8217;entr\u00e9e Bastille, situ\u00e9e au 1, avenue Daumesnil 75012<\/strong>. La coul\u00e9e verte s&#8217;\u00e9tend sur 4,5 kms au total de la Bastille \u00e0 Vincennes qu&#8217;on peut faire en entier ou seulement 3,6 kms (de Bastille \u00e0 Montempoivre).<\/p>\n","protected":false},"excerpt":{"rendered":"<p>Je vous propose de nous retrouver le samedi 1er f\u00e9vrier 2020 \u00e0 14h pour une promenade photographique sur la coul\u00e9e verte Ren\u00e9 Dumont \u00e0 Paris. Cette promenade originale qui s\u2019\u00e9tend de la Bastille au&#46;&#46;&#46;<\/p>\n","protected":false},"author":30,"featured_media":9922,"comment_status":"closed","ping_status":"closed","sticky":false,"template":"","format":"standard","meta":{"_acf_changed":false,"_oasis_is_in_workflow":0,"_oasis_original":0,"_uag_custom_page_level_css":"","footnotes":""},"categories":[9,10],"tags":[],"class_list":["post-9919","post","type-post","status-publish","format-standard","has-post-thumbnail","hentry","category-photo","category-sortie-photo"],"acf":[],"uagb_featured_image_src":{"full":["https:\/\/oi-paris.com\/wordpress\/wp-content\/uploads\/2020\/01\/FDP_3193.jpg",1618,1080,false],"thumbnail":["https:\/\/oi-paris.com\/wordpress\/wp-content\/uploads\/2020\/01\/FDP_3193-150x150.jpg",150,150,true],"medium":["https:\/\/oi-paris.com\/wordpress\/wp-content\/uploads\/2020\/01\/FDP_3193-300x200.jpg",300,200,true],"medium_large":["https:\/\/oi-paris.com\/wordpress\/wp-content\/uploads\/2020\/01\/FDP_3193-768x513.jpg",768,513,true],"large":["https:\/\/oi-paris.com\/wordpress\/wp-content\/uploads\/2020\/01\/FDP_3193-1024x684.jpg",1024,684,true],"1536x1536":["https:\/\/oi-paris.com\/wordpress\/wp-content\/uploads\/2020\/01\/FDP_3193-1536x1025.jpg",1536,1025,true],"2048x2048":["https:\/\/oi-paris.com\/wordpress\/wp-content\/uploads\/2020\/01\/FDP_3193.jpg",1618,1080,false],"thumb-small":["https:\/\/oi-paris.com\/wordpress\/wp-content\/uploads\/2020\/01\/FDP_3193-160x160.jpg",80,80,true],"thumb-standard":["https:\/\/oi-paris.com\/wordpress\/wp-content\/uploads\/2020\/01\/FDP_3193-320x320.jpg",320,320,true],"thumb-medium":["https:\/\/oi-paris.com\/wordpress\/wp-content\/uploads\/2020\/01\/FDP_3193-520x245.jpg",520,245,true],"thumb-large":["https:\/\/oi-paris.com\/wordpress\/wp-content\/uploads\/2020\/01\/FDP_3193-720x340.jpg",720,340,true],"thumb-xlarge":["https:\/\/oi-paris.com\/wordpress\/wp-content\/uploads\/2020\/01\/FDP_3193-980x450.jpg",980,450,true],"thumb-xxlarge":["https:\/\/oi-paris.com\/wordpress\/wp-content\/uploads\/2020\/01\/FDP_3193-1320x500.jpg",1320,500,true],"mailpoet_newsletter_max":["https:\/\/oi-paris.com\/wordpress\/wp-content\/uploads\/2020\/01\/FDP_3193-1320x881.jpg",1320,881,true]},"uagb_author_info":{"display_name":"Florence de Pr\u00e9ville-Rivoire","author_link":"https:\/\/oi-paris.com\/wordpress\/author\/florence-p\/"},"uagb_comment_info":0,"uagb_excerpt":"Je vous propose de nous retrouver le samedi 1er f\u00e9vrier 2020 \u00e0 14h pour une promenade photographique sur la coul\u00e9e verte Ren\u00e9 Dumont \u00e0 Paris. Cette promenade originale qui s\u2019\u00e9tend de la Bastille au&#46;&#46;&#46;","_links":{"self":[{"href":"https:\/\/oi-paris.com\/wordpress\/wp-json\/wp\/v2\/posts\/9919","targetHints":{"allow":["GET"]}}],"collection":[{"href":"https:\/\/oi-paris.com\/wordpress\/wp-json\/wp\/v2\/posts"}],"about":[{"href":"https:\/\/oi-paris.com\/wordpress\/wp-json\/wp\/v2\/types\/post"}],"author":[{"embeddable":true,"href":"https:\/\/oi-paris.com\/wordpress\/wp-json\/wp\/v2\/users\/30"}],"replies":[{"embeddable":true,"href":"https:\/\/oi-paris.com\/wordpress\/wp-json\/wp\/v2\/comments?post=9919"}],"version-history":[{"count":2,"href":"https:\/\/oi-paris.com\/wordpress\/wp-json\/wp\/v2\/posts\/9919\/revisions"}],"predecessor-version":[{"id":9923,"href":"https:\/\/oi-paris.com\/wordpress\/wp-json\/wp\/v2\/posts\/9919\/revisions\/9923"}],"wp:featuredmedia":[{"embeddable":true,"href":"https:\/\/oi-paris.com\/wordpress\/wp-json\/wp\/v2\/media\/9922"}],"wp:attachment":[{"href":"https:\/\/oi-paris.com\/wordpress\/wp-json\/wp\/v2\/media?parent=9919"}],"wp:term":[{"taxonomy":"category","embeddable":true,"href":"https:\/\/oi-paris.com\/wordpress\/wp-json\/wp\/v2\/categories?post=9919"},{"taxonomy":"post_tag","embeddable":true,"href":"https:\/\/oi-paris.com\/wordpress\/wp-json\/wp\/v2\/tags?post=9919"}],"curies":[{"name":"wp","href":"https:\/\/api.w.org\/{rel}","templated":true}]}}